{"id":8449,"date":"2024-12-30T21:23:58","date_gmt":"2024-12-31T01:23:58","guid":{"rendered":"https:\/\/noticiasveraces.com\/?p=8449"},"modified":"2024-12-30T21:23:58","modified_gmt":"2024-12-31T01:23:58","slug":"soldado-de-la-guardia-nacional-muere-en-incidente-no-relacionado-con-el-combate-en-irak","status":"publish","type":"post","link":"https:\/\/noticiasveraces.com\/?p=8449","title":{"rendered":"Soldado de la Guardia Nacional muere en incidente no relacionado con el combate en Irak"},"content":{"rendered":"<p> \n<\/p>\n<div>\n<p class=\"speakable\">Un soldado de la Guardia Nacional del Ej\u00e9rcito de Indiana muri\u00f3 en un \u00abincidente no relacionado con el combate\u00bb en Irak pocos d\u00edas despu\u00e9s de Navidad, confirm\u00f3 la Guardia Nacional a Fox News.<\/p>\n<p class=\"speakable\">La Guardia Nacional dijo que el capit\u00e1n Eric Richard Hart, de 34 a\u00f1os, de Indian\u00e1polis, Indiana, muri\u00f3 el 28 de diciembre mientras apoyaba la Operaci\u00f3n Inherent Resolve en el Medio Oriente.<\/p>\n<p>La Guardia Nacional no revel\u00f3 qu\u00e9 llev\u00f3 a la muerte de Hart, solo dijo que el incidente est\u00e1 bajo investigaci\u00f3n. <\/p>\n<p>Hart fue asignado al Cuartel General y al Batall\u00f3n del Cuartel General, 38.a Divisi\u00f3n de Infanter\u00eda de la Guardia Nacional de Indiana, seg\u00fan la Guardia Nacional.<\/p>\n<p><strong>LOS VOTANTES REACCIONAN DESPU\u00c9S DE QUE OFERTA AFIRM\u00d3 FALSAMENTE QUE NINGUNA TROPAS HAB\u00cdA MUERTO BAJO SU VIGILANCIA<\/strong><\/p>\n<div class=\"image-ct inline\">\n<div class=\"m\"><picture><source media=\"(max-width: 767px)\" srcset=\"https:\/\/a57.foxnews.com\/static.foxnews.com\/foxnews.com\/content\/uploads\/2018\/09\/343\/192\/national-guard-border-laj.jpg?ve=1&amp;tl=1, https:\/\/a57.foxnews.com\/static.foxnews.com\/foxnews.com\/content\/uploads\/2018\/09\/686\/384\/national-guard-border-laj.jpg?ve=1&amp;tl=1 2x\" height=\"192\" width=\"343\"><source media=\"(min-width: 768px) and (max-width: 1023px)\" srcset=\"https:\/\/a57.foxnews.com\/static.foxnews.com\/foxnews.com\/content\/uploads\/2018\/09\/672\/378\/national-guard-border-laj.jpg?ve=1&amp;tl=1, https:\/\/a57.foxnews.com\/static.foxnews.com\/foxnews.com\/content\/uploads\/2018\/09\/1344\/756\/national-guard-border-laj.jpg?ve=1&amp;tl=1 2x\" height=\"378\" width=\"672\"><source media=\"(min-width: 1024px) and (max-width: 1279px)\" srcset=\"https:\/\/a57.foxnews.com\/static.foxnews.com\/foxnews.com\/content\/uploads\/2018\/09\/931\/523\/national-guard-border-laj.jpg?ve=1&amp;tl=1, https:\/\/a57.foxnews.com\/static.foxnews.com\/foxnews.com\/content\/uploads\/2018\/09\/1862\/1046\/national-guard-border-laj.jpg?ve=1&amp;tl=1 2x\" height=\"523\" width=\"931\"><source media=\"(min-width: 1280px)\" srcset=\"https:\/\/a57.foxnews.com\/static.foxnews.com\/foxnews.com\/content\/uploads\/2018\/09\/720\/405\/national-guard-border-laj.jpg?ve=1&amp;tl=1, https:\/\/a57.foxnews.com\/static.foxnews.com\/foxnews.com\/content\/uploads\/2018\/09\/1440\/810\/national-guard-border-laj.jpg?ve=1&amp;tl=1 2x\" height=\"405\" width=\"720\"><img loading=\"lazy\" decoding=\"async\" src=\"https:\/\/a57.foxnews.com\/static.foxnews.com\/foxnews.com\/content\/uploads\/2018\/09\/1200\/675\/national-guard-border-laj.jpg?ve=1&amp;tl=1\" alt=\"Miembros de la Guardia Nacional haciendo fila\" width=\"1200\" height=\"675\"\/><\/source><\/source><\/source><\/source><\/picture><\/div>\n<div class=\"info\">\n<div class=\"caption\">\n<p><span>El Departamento de Defensa anunci\u00f3 la muerte de un soldado de la Guardia Nacional del Ej\u00e9rcito de Indiana que apoyaba la Operaci\u00f3n Inherent Resolve en Irak.<\/span> <span>(REUTERS)<\/span><\/p>\n<\/div>\n<\/div>\n<\/div>\n<p>Hart sirvi\u00f3 en la Guardia Nacional de Indiana durante 11 a\u00f1os, obteniendo la Medalla por Servicio Meritorio, la Medalla de Encomio del Ej\u00e9rcito, la Medalla por Logro del Ej\u00e9rcito, la Medalla por Logro del Componente de Reserva del Ej\u00e9rcito, entre muchas otras.<\/p>\n<p>Fue nombrado segundo teniente en 2015 en la Escuela de Candidatos a Oficiales de Camp Atterbury.<\/p>\n<p><strong>SOLDADO MUERTO Y OTRO HERIDOS GRAVES EN ACCIDENTE DE VEH\u00cdCULO EN EL CAMPAMENTO DEL EJ\u00c9RCITO DE POLONIA<\/strong><\/p>\n<p>En una declaraci\u00f3n a Fox News Digital, la Guardia Nacional de Indiana llam\u00f3 a Hart una \u00abparte integral de nuestro equipo\u00bb y escribi\u00f3 que \u00ablo extra\u00f1aremos\u00bb. <\/p>\n<p>\u00abLa Guardia Nacional de Indiana extiende nuestras m\u00e1s sentidas y sinceras condolencias a la familia y amigos del capit\u00e1n Eric Hart, quien muri\u00f3 en un incidente no relacionado con el combate mientras prestaba servicio en el extranjero con la 38.\u00aa Divisi\u00f3n de Infanter\u00eda en apoyo de la Operaci\u00f3n Inherent Resolve\u00bb, se lee en el comunicado. \u00abNuestros pensamientos est\u00e1n con ellos y con los soldados que trabajaron y sirvieron junto al Capit\u00e1n Hart\u00bb.<\/p>\n<p><strong>SOLDADO ESTADOUNIDENSE MUERTO TRAS INCIDENTE DE NO COMBATANTE EN KUWAIT<\/strong><\/p>\n<div class=\"image-ct inline\">\n<div class=\"m\"><picture><source media=\"(max-width: 767px)\" srcset=\"https:\/\/a57.foxnews.com\/static.foxnews.com\/foxnews.com\/content\/uploads\/2024\/10\/343\/192\/istock-157427872.jpg?ve=1&amp;tl=1, https:\/\/a57.foxnews.com\/static.foxnews.com\/foxnews.com\/content\/uploads\/2024\/10\/686\/384\/istock-157427872.jpg?ve=1&amp;tl=1 2x\" height=\"192\" width=\"343\"><source media=\"(min-width: 768px) and (max-width: 1023px)\" srcset=\"https:\/\/a57.foxnews.com\/static.foxnews.com\/foxnews.com\/content\/uploads\/2024\/10\/672\/378\/istock-157427872.jpg?ve=1&amp;tl=1, https:\/\/a57.foxnews.com\/static.foxnews.com\/foxnews.com\/content\/uploads\/2024\/10\/1344\/756\/istock-157427872.jpg?ve=1&amp;tl=1 2x\" height=\"378\" width=\"672\"><source media=\"(min-width: 1024px) and (max-width: 1279px)\" srcset=\"https:\/\/a57.foxnews.com\/static.foxnews.com\/foxnews.com\/content\/uploads\/2024\/10\/931\/523\/istock-157427872.jpg?ve=1&amp;tl=1, https:\/\/a57.foxnews.com\/static.foxnews.com\/foxnews.com\/content\/uploads\/2024\/10\/1862\/1046\/istock-157427872.jpg?ve=1&amp;tl=1 2x\" height=\"523\" width=\"931\"><source media=\"(min-width: 1280px)\" srcset=\"https:\/\/a57.foxnews.com\/static.foxnews.com\/foxnews.com\/content\/uploads\/2024\/10\/720\/405\/istock-157427872.jpg?ve=1&amp;tl=1, https:\/\/a57.foxnews.com\/static.foxnews.com\/foxnews.com\/content\/uploads\/2024\/10\/1440\/810\/istock-157427872.jpg?ve=1&amp;tl=1 2x\" height=\"405\" width=\"720\"><img loading=\"lazy\" decoding=\"async\" src=\"https:\/\/a57.foxnews.com\/static.foxnews.com\/foxnews.com\/content\/uploads\/2024\/10\/1200\/675\/istock-157427872.jpg?ve=1&amp;tl=1\" alt=\"Ficha de camuflaje con parche de bandera americana.\" width=\"1200\" height=\"675\"\/><\/source><\/source><\/source><\/source><\/picture><\/div>\n<div class=\"info\">\n<div class=\"caption\">\n<p><span>El capit\u00e1n Eric Richard Hart, de 34 a\u00f1os, de Indian\u00e1polis, Indiana, muri\u00f3 el 28 de diciembre de 2024 en Irak como resultado de un incidente no relacionado con el combate.<\/span> <span>(iStock)<\/span><\/p>\n<\/div>\n<\/div>\n<\/div>\n<p>Fox News Digital contact\u00f3 al Departamento de Defensa para solicitar comentarios, pero no recibi\u00f3 una respuesta de inmediato. <\/p>\n<p><strong><u>HAGA CLIC AQU\u00cd PARA OBTENER LA APLICACI\u00d3N FOX NEWS<\/u><\/strong><\/p>\n<p>Estados Unidos anunci\u00f3 planes para reducir su \u00abhuella\u00bb <u>en Irak<\/u> y poner fin a la actual misi\u00f3n de las fuerzas de la coalici\u00f3n -incluidos los kurdos- para luchar contra ISIS, pero se neg\u00f3 a decir cu\u00e1ntos de los 2.500 soldados actualmente estacionados all\u00ed permanecer\u00edan. <\/p>\n<p>La misi\u00f3n actual ahora est\u00e1 configurada para <u>finalizar\u00e1 en septiembre de 2025<\/u>con un plan para mantener el n\u00famero de fuerzas en el lado iraqu\u00ed para respaldar a las 900 tropas estadounidenses en Siria hasta al menos 2026. <\/p>\n<p><i>Morgan Phillips de Fox News Digital contribuy\u00f3 a este informe. <\/i><\/p>\n<p><i>Stepheny Price es escritora de Fox News Digital y Fox Business. Se pueden enviar sugerencias e ideas para historias a stepheny.price@fox.com<\/i><\/p>\n<\/p><\/div>\n\n","protected":false},"excerpt":{"rendered":"<p>Un soldado de la Guardia Nacional del Ej\u00e9rcito de Indiana muri\u00f3 en un \u00abincidente no relacionado con el combate\u00bb en Irak pocos d\u00edas despu\u00e9s de Navidad, confirm\u00f3 la Guardia Nacional a Fox News. La Guardia Nacional dijo que el capit\u00e1n Eric Richard Hart, de 34 a\u00f1os, de Indian\u00e1polis, Indiana, muri\u00f3 el 28 de diciembre mientras &hellip;<\/p>\n","protected":false},"author":1,"featured_media":8451,"comment_status":"open","ping_status":"open","sticky":false,"template":"","format":"standard","meta":{"fifu_image_url":"https:\/\/static.foxnews.com\/foxnews.com\/content\/uploads\/2018\/09\/national-guard-border-laj.jpg","fifu_image_alt":"","footnotes":""},"categories":[13],"tags":[],"class_list":["post-8449","post","type-post","status-publish","format-standard","has-post-thumbnail","","category-mundo"],"_links":{"self":[{"href":"https:\/\/noticiasveraces.com\/index.php?rest_route=\/wp\/v2\/posts\/8449","targetHints":{"allow":["GET"]}}],"collection":[{"href":"https:\/\/noticiasveraces.com\/index.php?rest_route=\/wp\/v2\/posts"}],"about":[{"href":"https:\/\/noticiasveraces.com\/index.php?rest_route=\/wp\/v2\/types\/post"}],"author":[{"embeddable":true,"href":"https:\/\/noticiasveraces.com\/index.php?rest_route=\/wp\/v2\/users\/1"}],"replies":[{"embeddable":true,"href":"https:\/\/noticiasveraces.com\/index.php?rest_route=%2Fwp%2Fv2%2Fcomments&post=8449"}],"version-history":[{"count":0,"href":"https:\/\/noticiasveraces.com\/index.php?rest_route=\/wp\/v2\/posts\/8449\/revisions"}],"wp:featuredmedia":[{"embeddable":true,"href":"https:\/\/noticiasveraces.com\/index.php?rest_route=\/wp\/v2\/media\/8451"}],"wp:attachment":[{"href":"https:\/\/noticiasveraces.com\/index.php?rest_route=%2Fwp%2Fv2%2Fmedia&parent=8449"}],"wp:term":[{"taxonomy":"category","embeddable":true,"href":"https:\/\/noticiasveraces.com\/index.php?rest_route=%2Fwp%2Fv2%2Fcategories&post=8449"},{"taxonomy":"post_tag","embeddable":true,"href":"https:\/\/noticiasveraces.com\/index.php?rest_route=%2Fwp%2Fv2%2Ftags&post=8449"}],"curies":[{"name":"wp","href":"https:\/\/api.w.org\/{rel}","templated":true}]}}