{"id":8434,"date":"2024-12-30T18:10:12","date_gmt":"2024-12-30T22:10:12","guid":{"rendered":"https:\/\/noticiasveraces.com\/?p=8434"},"modified":"2024-12-30T18:10:12","modified_gmt":"2024-12-30T22:10:12","slug":"violento-saqueo-a-convoy-del-pma-en-gaza-deja-dos-muertos-dw-30-12-2024","status":"publish","type":"post","link":"https:\/\/noticiasveraces.com\/?p=8434","title":{"rendered":"Violento saqueo a convoy del PMA en Gaza deja dos muertos \u2013 DW \u2013 30\/12\/2024"},"content":{"rendered":"<p> \n<\/p>\n<div>\n<p>Dos personas murieron el domingo durante el saqueo armado de un convoy del Programa Mundial de Alimentos (PMA) en la Franja de Gaza, donde la situaci\u00f3n humanitaria es cr\u00edtica tras m\u00e1s de un a\u00f1o de guerra, denunci\u00f3 el organismo de la ONU el lunes (30.12). .2024).<\/p>\n<p>\u00abUna acci\u00f3n coordinada destinada a introducir 40 camiones en nombre de socios humanitarios fue objeto de un saqueo armado y violento que provoc\u00f3 la muerte de dos personas y varios heridos\u00bb, declar\u00f3 la PMA en un comunicado.<\/p>\n<p>\u00abDesde hace m\u00e1s de dos semanas, casi todos los env\u00edos de ayuda humanitaria que entraron por el sur y el centro de Gaza dieron lugar a violencia, saqueos y muertes tr\u00e1gicas debido a ataques ya la ausencia de mantenimiento del orden en las carreteras por las que transitan los convoyes\u00bb, a\u00f1adi\u00f3.<\/p>\n<p>El movimiento islamista Ham\u00e1s, considerado terrorista por Israel y que gobierna el enclave palestino, considera responsable del suceso a la agencia de la ONU.<\/p>\n<p>Seg\u00fan el servicio de prensa del gobierno de Ham\u00e1s en Gaza, un \u00aberror catastr\u00f3fico\u00bb del PMA es el responsable de las dos muertes y de \u00abdecenas de heridos de bala\u00bb.<\/p>\n<p>\u00abLo consideramos enteramente responsables y le pedimos que no viole el protocolo que debe seguirse para garantizar la seguridad de los convoyes humanitarios\u00bb, se\u00f1al\u00f3 en un comunicado el movimiento.<\/p>\n<p>La agencia de la ONU record\u00f3 que hab\u00eda \u00abalertado en repetidas ocasiones de los peligros de desplazarse (en la Franja de Gaza) en ausencia del mantenimiento del orden\u00bb.<\/p>\n<p>gs (afp, reuters)<\/p>\n<\/div>\n\n","protected":false},"excerpt":{"rendered":"<p>Dos personas murieron el domingo durante el saqueo armado de un convoy del Programa Mundial de Alimentos (PMA) en la Franja de Gaza, donde la situaci\u00f3n humanitaria es cr\u00edtica tras m\u00e1s de un a\u00f1o de guerra, denunci\u00f3 el organismo de la ONU el lunes (30.12). .2024). \u00abUna acci\u00f3n coordinada destinada a introducir 40 camiones en &hellip;<\/p>\n","protected":false},"author":1,"featured_media":8435,"comment_status":"open","ping_status":"open","sticky":false,"template":"","format":"standard","meta":{"fifu_image_url":"https:\/\/static.dw.com\/image\/67518451_6.jpg","fifu_image_alt":"","footnotes":""},"categories":[13],"tags":[],"class_list":["post-8434","post","type-post","status-publish","format-standard","has-post-thumbnail","","category-mundo"],"_links":{"self":[{"href":"https:\/\/noticiasveraces.com\/index.php?rest_route=\/wp\/v2\/posts\/8434","targetHints":{"allow":["GET"]}}],"collection":[{"href":"https:\/\/noticiasveraces.com\/index.php?rest_route=\/wp\/v2\/posts"}],"about":[{"href":"https:\/\/noticiasveraces.com\/index.php?rest_route=\/wp\/v2\/types\/post"}],"author":[{"embeddable":true,"href":"https:\/\/noticiasveraces.com\/index.php?rest_route=\/wp\/v2\/users\/1"}],"replies":[{"embeddable":true,"href":"https:\/\/noticiasveraces.com\/index.php?rest_route=%2Fwp%2Fv2%2Fcomments&post=8434"}],"version-history":[{"count":0,"href":"https:\/\/noticiasveraces.com\/index.php?rest_route=\/wp\/v2\/posts\/8434\/revisions"}],"wp:featuredmedia":[{"embeddable":true,"href":"https:\/\/noticiasveraces.com\/index.php?rest_route=\/wp\/v2\/media\/8435"}],"wp:attachment":[{"href":"https:\/\/noticiasveraces.com\/index.php?rest_route=%2Fwp%2Fv2%2Fmedia&parent=8434"}],"wp:term":[{"taxonomy":"category","embeddable":true,"href":"https:\/\/noticiasveraces.com\/index.php?rest_route=%2Fwp%2Fv2%2Fcategories&post=8434"},{"taxonomy":"post_tag","embeddable":true,"href":"https:\/\/noticiasveraces.com\/index.php?rest_route=%2Fwp%2Fv2%2Ftags&post=8434"}],"curies":[{"name":"wp","href":"https:\/\/api.w.org\/{rel}","templated":true}]}}