{"id":8424,"date":"2024-12-30T17:01:38","date_gmt":"2024-12-30T21:01:38","guid":{"rendered":"https:\/\/noticiasveraces.com\/?p=8424"},"modified":"2024-12-30T17:01:38","modified_gmt":"2024-12-30T21:01:38","slug":"crecen-las-criticas-a-musk-por-su-apoyo-a-la-afd-dw-30-12-2024","status":"publish","type":"post","link":"https:\/\/noticiasveraces.com\/?p=8424","title":{"rendered":"Crecen las cr\u00edticas a Musk por su apoyo a la AfD \u2013 DW \u2013 30\/12\/2024"},"content":{"rendered":"<p> \n<\/p>\n<div>\n<h2>\u00bfQu\u00e9 escribi\u00f3 Elon Musk en su comentario?<\/h2>\n<p>Despu\u00e9s de que Elon Musk ya hubiera publicado en su red X d\u00edas antes de que solo la AfD (calificada parcialmente como de extrema derecha) pudiera salvar a Alemania, el asesor de Trump ha seguido ahora durante la campa\u00f1a electoral para las elecciones federales del 23 de febrero. con un art\u00edculo de opini\u00f3n en el semanario <em>Mundo del Sonntag<\/em>: \u00abAlternativa para Alemania\u00bb podr\u00eda salvar a Alemania de convertirse en una sombra de lo que fue, escribi\u00f3 Musk all\u00ed. \u00abAlemania se ha vuelto demasiado c\u00f3moda en la mediocridad: es hora de cambios audaces, y la AfD es el \u00fanico partido que abre este camino\u00bb, a\u00f1adi\u00f3.<\/p>\n<p>La AfD es \u00abla \u00faltima chispa de esperanza para el pa\u00eds\u00bb, que se tambalea al borde del \u00abcolapso econ\u00f3mico y cultural\u00bb; solo la AfD puede revitalizar la econom\u00eda alemana y evitar una p\u00e9rdida de identidad a trav\u00e9s de una \u00abpol\u00edtica de inmigraci\u00f3n controlada\u00bb. \u00abA los que condenan a la AfD por extremista, les digo: no se dejen desanimar por la etiqueta que se le ha puesto\u00bb, termina Musk, y, refiri\u00e9ndose a la colider de la AfD, Alice Weidel, que tiene una pareja de Sri Lanka, dados. \u00bfTe suena Hitler? <span jscontroller=\"BicQqd\" jsname=\"XtloMb\">\u00a1<\/span>\u00a1Por favor!\u201d<\/p>\n<p><span data-slot-id=\"Article_InContent-1\" class=\"rich-text-ad\"\/><\/p>\n<h2>\u00bfQu\u00e9 eco tuvo el comentario de Musk?<\/h2>\n<p>La reacci\u00f3n fue devastadora. El presidente federal de la Asociaci\u00f3n Alemana de Periodistas (DJV), Mika Beuster, advirti\u00f3 a todas las redacciones que no se dejaran instrumentalizar en la campa\u00f1a de las elecciones parlamentarias alemanas y que trataran con cuidado las colaboraciones de invitados. \u00abLos medios de comunicaci\u00f3n alemanes no deben permitir que se les utilice indebidamente como portavoces de aut\u00f3cratas y sus amigos\u00bb, indic\u00f3.<\/p>\n<p>El candidato a canciller de la CDU, Friedrich Merz, calific\u00f3 el llamamiento electoral de \u00abprepotente y presuntuoso\u00bb en una entrevista con los peri\u00f3dicos del grupo <em>Medios Funke<\/em> y critic\u00f3: \u00abNo recuerdo un caso comparable de injerencia en la campa\u00f1a electoral de un pa\u00eds amigo en la historia de las democracias occidentales\u00bb.<\/p>\n<p>El secretario general del SPD, Matthias Miersch, declar\u00f3 a <em>Handelsblatt<\/em>: \u00abEl hecho de que la editorial Springer ofrezca a Elon Musk una plataforma oficial para hacer publicidad de la AfD es vergonzoso y peligroso\u00bb. El proceso muestra \u00abhasta d\u00f3nde han penetrado ahora las redes de la derecha\u00bb. El dirigente socialdem\u00f3crata Lars Klingbeil, acus\u00f3 a Elon Musk de querer \u00absumir a Alemania en el caos\u00bb. \u00abElon Musk no pretende algo distinto que Vladimir Putin. Ambos quieren influir en nuestras elecciones y est\u00e1n apoyando espec\u00edficamente a los enemigos de la democracia\u00bb.<\/p>\n<p>La candidata de AfD a canciller en las elecciones al <em>Bundestag<\/em>Alice Weidel, cit\u00f3 en X un fragmento del post de Musk sin hacer m\u00e1s comentarios.<\/p>\n<h2>\u00bfQu\u00e9 estrategia persigue Elon Musk con tales declaraciones?<\/h2>\n<p>Es probable que la persona presuntamente m\u00e1s rica del mundo se centre ante todo en sus propios intereses econ\u00f3micos. En su art\u00edculo en <em>Mundo del Sonntag,<\/em> elogia a la AfD por sus planes de \u00abreducir la sobrerregulaci\u00f3n gubernamental, bajar los impuestos y desregular el mercado\u00bb. Uno de los beneficiarios ser\u00eda su planta de Tesla en Brandeburgo, la primera f\u00e1brica de coches el\u00e9ctricos del fabricante estadounidense en Europa.<\/p>\n<figure class=\"placeholder-image master_landscape big\"><img data-format=\"MASTER_LANDSCAPE\" data-id=\"65338474\" data-url=\"https:\/\/static.dw.com\/image\/65338474_${formatId}.jpg\" data-aspect-ratio=\"16\/9\" alt=\"Mathias D\u00f6pfner, Presidente del Consejo de Administraci\u00f3n de la editorial Axel Springer, habla y gesticula con sus manos.\" style=\"padding-bottom: 56.25%; height: 0; max-height: 0;\"\/><figcaption class=\"img-caption\">Mathias D\u00f6pfner, Presidente de la Junta Directiva de la editorial Axel Springer.<small class=\"copyright\">Imagen: Kay Nietfeld\/dpa\/Picture Alliance<\/small><\/figcaption><\/figure>\n<p>Pero adem\u00e1s, Musk, con sus 200 millones de seguidores en todo el mundo, tambi\u00e9n persigue una agenda pol\u00edtica global con el objetivo de promover a las fuerzas de derecha. En Alemania, el apoyo del asesor de Trump a la AfD podr\u00eda actuar como un abredor de puertas para las fuerzas de extrema derecha al aumentar su visibilidad y legitimar sus narrativas.<\/p>\n<h2>\u00bfQu\u00e9 papel desempe\u00f1aron? <em>El mundo<\/em> y la editorial <em>Axel Springer<\/em>?<\/h2>\n<p>El peri\u00f3dico <em>\u00abRoncha\u00bb<\/em> se fund\u00f3 en la zona de ocupaci\u00f3n brit\u00e1nica y apareci\u00f3 por primera vez el 2 de abril de 1946. Siete a\u00f1os despu\u00e9s, el editor Axel Springer se hizo cargo del peri\u00f3dico. Hoy, el grupo editorial tiene presencia multimedia en m\u00e1s de 40 pa\u00edses. Ejerce una gran influencia en los debates pol\u00edticos en Alemania, sobre todo con el tabloide. <em>imagen<\/em>el peri\u00f3dico m\u00e1s criticado por el Consejo de Prensa alem\u00e1n.<\/p>\n<p>El art\u00edculo de Musk como invitado provoc\u00f3 acaloradas discusiones en el seno del medio conservador. \u00bfDefiende la publicaci\u00f3n el pluralismo de opini\u00f3n o se deja utilizar indebidamente como portavoz de los aut\u00f3cratas y sus amigos? La jefa de la secci\u00f3n de opini\u00f3n, Eva Marie Kogel, anunci\u00f3 su dimisi\u00f3n tras la publicaci\u00f3n del art\u00edculo.<\/p>\n<p>A\u00fan no est\u00e1 claro c\u00f3mo lleg\u00f3 exactamente el texto al peri\u00f3dico, pero el presidente de la Junta Directiva de Springer, Mathias D\u00f6pfner, es considerado un admirador de Musk con contactos personales con el multimillonario estadounidense.<\/p>\n<p>D\u00f6pfner hab\u00eda criticado a los \u00abmedios elitistas de calidad\u00bb por ser parciales contra la AfD. El art\u00edculo de Elon Musk es <em>Mundo del Sonntag<\/em> podr\u00eda verse como un intento de normalizar el pensamiento populista de derechas en este pa\u00eds.<\/p>\n<h2>\u00bfPuede la prensa pronunciarse a favor o en contra de candidatos pol\u00edticos en v\u00edsperas de elecciones?<\/h2>\n<p>S\u00ed, en Alemania est\u00e1 permitido, pero es la excepci\u00f3n y no la regla.<\/p>\n<p>(md\/ers)<\/p>\n<\/div>\n\n","protected":false},"excerpt":{"rendered":"<p>\u00bfQu\u00e9 escribi\u00f3 Elon Musk en su comentario? Despu\u00e9s de que Elon Musk ya hubiera publicado en su red X d\u00edas antes de que solo la AfD (calificada parcialmente como de extrema derecha) pudiera salvar a Alemania, el asesor de Trump ha seguido ahora durante la campa\u00f1a electoral para las elecciones federales del 23 de febrero. &hellip;<\/p>\n","protected":false},"author":1,"featured_media":8425,"comment_status":"open","ping_status":"open","sticky":false,"template":"","format":"standard","meta":{"fifu_image_url":"https:\/\/static.dw.com\/image\/70689671_6.jpg","fifu_image_alt":"","footnotes":""},"categories":[13],"tags":[],"class_list":["post-8424","post","type-post","status-publish","format-standard","has-post-thumbnail","","category-mundo"],"_links":{"self":[{"href":"https:\/\/noticiasveraces.com\/index.php?rest_route=\/wp\/v2\/posts\/8424","targetHints":{"allow":["GET"]}}],"collection":[{"href":"https:\/\/noticiasveraces.com\/index.php?rest_route=\/wp\/v2\/posts"}],"about":[{"href":"https:\/\/noticiasveraces.com\/index.php?rest_route=\/wp\/v2\/types\/post"}],"author":[{"embeddable":true,"href":"https:\/\/noticiasveraces.com\/index.php?rest_route=\/wp\/v2\/users\/1"}],"replies":[{"embeddable":true,"href":"https:\/\/noticiasveraces.com\/index.php?rest_route=%2Fwp%2Fv2%2Fcomments&post=8424"}],"version-history":[{"count":0,"href":"https:\/\/noticiasveraces.com\/index.php?rest_route=\/wp\/v2\/posts\/8424\/revisions"}],"wp:featuredmedia":[{"embeddable":true,"href":"https:\/\/noticiasveraces.com\/index.php?rest_route=\/wp\/v2\/media\/8425"}],"wp:attachment":[{"href":"https:\/\/noticiasveraces.com\/index.php?rest_route=%2Fwp%2Fv2%2Fmedia&parent=8424"}],"wp:term":[{"taxonomy":"category","embeddable":true,"href":"https:\/\/noticiasveraces.com\/index.php?rest_route=%2Fwp%2Fv2%2Fcategories&post=8424"},{"taxonomy":"post_tag","embeddable":true,"href":"https:\/\/noticiasveraces.com\/index.php?rest_route=%2Fwp%2Fv2%2Ftags&post=8424"}],"curies":[{"name":"wp","href":"https:\/\/api.w.org\/{rel}","templated":true}]}}