{"id":8412,"date":"2024-12-30T14:52:11","date_gmt":"2024-12-30T18:52:11","guid":{"rendered":"https:\/\/noticiasveraces.com\/?p=8412"},"modified":"2024-12-30T14:52:11","modified_gmt":"2024-12-30T18:52:11","slug":"polonia-releva-a-hungria-al-frente-de-la-union-europea-dw-30-12-2024","status":"publish","type":"post","link":"https:\/\/noticiasveraces.com\/?p=8412","title":{"rendered":"Polonia releva a Hungr\u00eda al frente de la Uni\u00f3n Europea \u2013 DW \u2013 30\/12\/2024"},"content":{"rendered":"<p> \n<\/p>\n<div>\n<p>El primero de enero de 2025, Polonia asumir\u00e1 por seis meses la Presidencia rotatoria del Consejo de la Uni\u00f3n Europea (UE), poniendo fin a un turbulento medio a\u00f1o para el bloque comunitario bajo el liderazgo de Hungr\u00eda.<\/p>\n<p>En lugar de actuar como mediador neutral, el primer ministro h\u00fangaro, Viktor Orb\u00e1n, se lanz\u00f3 a la confrontaci\u00f3n con Bruselas con una \u00abmisi\u00f3n de paz\u00bb poco convencional y viajes pol\u00e9micos a Mosc\u00fa, Kiev y Pek\u00edn.<\/p>\n<p>\u00abLa Presidencia polaca ser\u00e1 un contraste\u00bb a la del semestre pasado, sobre todo en cuanto a la pol\u00edtica de seguridad y las relaciones con Ucrania y Rusia, pronostica en entrevista con DW el experto en Europa del Este Kai-Olaf Lang, de la Fundaci\u00f3n Ciencia y Pol\u00edtica (SWP, por sus siglas en alem\u00e1n).<\/p>\n<h2>\u00abNadie me puede enga\u00f1ar\u00bb<\/h2>\n<p>El primer ministro polaco, Donald Tusk, es un pol\u00edtico europeo experimentado. Entre 2014 y 2019 presidi\u00f3 el Consejo Europeo y posteriormente fue jefe del Partido Popular Europeo (PPE).<\/p>\n<p>\u00abNadie en la UE me puede enga\u00f1ar\u00bb, dijo tras su investidura como primer ministro polaco, en diciembre de 2023, cuando relev\u00f3 en el Gobierno al partido conservador de derecha PiS, que hab\u00eda permanecido ocho a\u00f1os en el poder.<\/p>\n<h2>Argumentos de peso en seguridad<\/h2>\n<p>Desde hace meses, Tusk aboga por que la pol\u00edtica de seguridad de Polonia y otros pa\u00edses del flanco oriental de la OTAN se convierta en la pol\u00edtica de todo el bloque. \u00abEs importante mantener las relaciones con Estados Unidos, pero Europa debe ser independiente, debe valerse por s\u00ed misma. La era del miedo y la inseguridad frente a Rusia debe terminar\u00bb, declar\u00f3 a finales de noviembre.<\/p>\n<p>Polonia es pionera en gastos de defensa. Actualmente, destino el 4,2 por ciento de su PIB al \u00e1mbito militar. En 2025, incluso aumentar\u00e1 este gasto al 4,7 por ciento, un argumento de peso, no solo de cara a otros pa\u00edses de la UE, sino tambi\u00e9n en futuras conversaciones con el presidente electo de Estados Unidos, Donald Trump, que exige un alcalde. compromiso con los socios europeos.<\/p>\n<figure class=\"placeholder-image master_landscape big\"><img data-format=\"MASTER_LANDSCAPE\" data-id=\"69194450\" data-url=\"https:\/\/static.dw.com\/image\/69194450_${formatId}.jpg\" data-aspect-ratio=\"16\/9\" alt=\"Donald Tusk visita a soldados en la frontera con Bielorrusia. \" style=\"padding-bottom: 56.25%; height: 0; max-height: 0;\"\/><figcaption class=\"img-caption\">Donald Tusk visita a soldados en la frontera con Bielorrusia. <small class=\"copyright\">Imagen: Artur Reszko\/pap\/dpa\/picture Alliance<\/small><\/figcaption><\/figure>\n<h2>No habr\u00e1 paz sin Ucrania<\/h2>\n<p>Donald Tusk quiere impedir que una posible paz en Ucrania se negocie \u00fanicamente entre Washington y Mosc\u00fa, sin la participaci\u00f3n de Kiev. Asimismo, insiste en que Bruselas se siente en la mesa de negociaciones.<\/p>\n<p>\u00abAl frente del Consejo de la UE seremos corresponsables de la situaci\u00f3n en las negociaciones, que podr\u00edan comenzar este invierno\u00bb, se\u00f1al\u00f3 el primer ministro polaco a principios de diciembre. \u00abUcrania debe estar presente en todas las conversaciones; nuestros amigos en Kiev tambi\u00e9n deben aceptar cada propuesta\u00bb, insisti\u00f3 en una reuni\u00f3n con el presidente franc\u00e9s, Emmanuel Macron.<\/p>\n<p>Asimismo, Polonia est\u00e1 construyendo una l\u00ednea de defensa a lo largo de la frontera con Bielorrusia llamada \u00abEscudo Oriental\u00bb, para la que pide cofinanciaci\u00f3n europea. Varsovia participa, adem\u00e1s, en la Iniciativa Europea de Protecci\u00f3n del Cielo (ESSI, por sus siglas en ingl\u00e9s).<\/p>\n<p>Sin embargo, pa\u00edses comunitarios como Alemania y Pa\u00edses Bajos se oponen a la idea de contraer nuevas deudas en forma de eurobonos para la defensa, una iniciativa que saluda el Gobierno de Tusk.<\/p>\n<p><span data-slot-id=\"Article_InContent-1\" class=\"rich-text-ad\"\/><\/p>\n<h2>Negociaciones de adhesi\u00f3n con Kiev<\/h2>\n<p>Despu\u00e9s de que Bruselas diera luz verde inicial a un proceso de adhesi\u00f3n de Ucrania a la UE hace un a\u00f1o, Polonia quiere iniciar ahora las negociaciones. Sin embargo, Varsovia tambi\u00e9n est\u00e1 inmersa en una campa\u00f1a electoral para elegir a un nuevo jefe de Estado, por lo que el primer ministro polaco no se atrever\u00e1 a abordar proyectos europeos que sean impopulares en Polonia.<\/p>\n<p>Kiev, por ejemplo, exige un acuerdo comercial que resuelva el problema de las importaciones de grano ucraniano a la UE. No obstante, es poco probable que el Gobierno polaco est\u00e9 dispuesto a hacer concesiones al respecto.<\/p>\n<p>Varsovia tambi\u00e9n se opone firmemente al acuerdo de libre comercio con Sudam\u00e9rica y probablemente har\u00e1 todo lo posible para que no se aplique en la forma prevista. Para ello, cuenta con poderosos aliados como Francia.<\/p>\n<h2>Crisis en Alemania y Francia<\/h2>\n<p>Adem\u00e1s, Donald Tusk ve con ojos cr\u00edticos el Pacto Verde Europeo, cuyo objetivo es reducir a cero las emisiones netas de gases de efecto invernadero en la UE para 2050. En su opini\u00f3n, las \u00abambiciones ingenuas para salvar al planeta\u00bb ponen cada vez m\u00e1s en peligro la competitividad de Europa en el mundo.<\/p>\n<p>Por \u00faltimo, la Presidencia Polaca del Consejo llega en un momento de crisis pol\u00edtica interna en Alemania y Francia. Tusk quiere aprovechar la debilidad de las dos principales potencias de la UE para posicionar mejor a su pa\u00eds.<\/p>\n<p>Sin embargo, el experto en Europa del Este Lang advierte que Varsovia \u00abcomprobar\u00e1 una y otra vez que las debilidades econ\u00f3micas y pol\u00edticas de Alemania y Francia obstaculizan el avance de Europa\u00bb.<\/p>\n<p>(vt\/ers)<\/p>\n<\/p>\n<\/div>\n\n","protected":false},"excerpt":{"rendered":"<p>El primero de enero de 2025, Polonia asumir\u00e1 por seis meses la Presidencia rotatoria del Consejo de la Uni\u00f3n Europea (UE), poniendo fin a un turbulento medio a\u00f1o para el bloque comunitario bajo el liderazgo de Hungr\u00eda. En lugar de actuar como mediador neutral, el primer ministro h\u00fangaro, Viktor Orb\u00e1n, se lanz\u00f3 a la confrontaci\u00f3n &hellip;<\/p>\n","protected":false},"author":1,"featured_media":8413,"comment_status":"open","ping_status":"open","sticky":false,"template":"","format":"standard","meta":{"fifu_image_url":"https:\/\/static.dw.com\/image\/67211269_6.jpg","fifu_image_alt":"","footnotes":""},"categories":[13],"tags":[],"class_list":["post-8412","post","type-post","status-publish","format-standard","has-post-thumbnail","","category-mundo"],"_links":{"self":[{"href":"https:\/\/noticiasveraces.com\/index.php?rest_route=\/wp\/v2\/posts\/8412","targetHints":{"allow":["GET"]}}],"collection":[{"href":"https:\/\/noticiasveraces.com\/index.php?rest_route=\/wp\/v2\/posts"}],"about":[{"href":"https:\/\/noticiasveraces.com\/index.php?rest_route=\/wp\/v2\/types\/post"}],"author":[{"embeddable":true,"href":"https:\/\/noticiasveraces.com\/index.php?rest_route=\/wp\/v2\/users\/1"}],"replies":[{"embeddable":true,"href":"https:\/\/noticiasveraces.com\/index.php?rest_route=%2Fwp%2Fv2%2Fcomments&post=8412"}],"version-history":[{"count":0,"href":"https:\/\/noticiasveraces.com\/index.php?rest_route=\/wp\/v2\/posts\/8412\/revisions"}],"wp:featuredmedia":[{"embeddable":true,"href":"https:\/\/noticiasveraces.com\/index.php?rest_route=\/wp\/v2\/media\/8413"}],"wp:attachment":[{"href":"https:\/\/noticiasveraces.com\/index.php?rest_route=%2Fwp%2Fv2%2Fmedia&parent=8412"}],"wp:term":[{"taxonomy":"category","embeddable":true,"href":"https:\/\/noticiasveraces.com\/index.php?rest_route=%2Fwp%2Fv2%2Fcategories&post=8412"},{"taxonomy":"post_tag","embeddable":true,"href":"https:\/\/noticiasveraces.com\/index.php?rest_route=%2Fwp%2Fv2%2Ftags&post=8412"}],"curies":[{"name":"wp","href":"https:\/\/api.w.org\/{rel}","templated":true}]}}