{"id":8394,"date":"2024-12-30T10:10:14","date_gmt":"2024-12-30T14:10:14","guid":{"rendered":"https:\/\/noticiasveraces.com\/?p=8394"},"modified":"2024-12-30T10:10:14","modified_gmt":"2024-12-30T14:10:14","slug":"un-perro-de-servicio-ayuda-a-un-nino-con-un-raro-trastorno-genetico-a-lograr-un-progreso-increible","status":"publish","type":"post","link":"https:\/\/noticiasveraces.com\/?p=8394","title":{"rendered":"Un perro de servicio ayuda a un ni\u00f1o con un raro trastorno gen\u00e9tico a lograr un progreso \u00abincre\u00edble\u00bb"},"content":{"rendered":"<p> \n<\/p>\n<div>\n<div class=\"article-gating gated-overlay\">\n<div class=\"article-gating-wrapper\">\n<p>\u00danase a Fox News para acceder a este contenido<\/p>\n<p>Adem\u00e1s, acceso especial a art\u00edculos seleccionados y otro contenido premium con su cuenta, sin cargo.<\/p>\n<div class=\"article-gating-legal tablet-desktop\">Al ingresar su correo electr\u00f3nico y presionar Continuar, acepta los T\u00e9rminos de uso y la Pol\u00edtica de privacidad de Fox News, que incluye nuestro Aviso de incentivo financiero.\n    <\/div>\n<p><span>Por favor, introduce una direcci\u00f3n de correo electr\u00f3nico v\u00e1lida.<\/span><\/p>\n<footer class=\"article-gating-footer\">\u00bfTienes problemas? Haga clic aqu\u00ed.<\/footer>\n<\/div>\n<\/div>\n<p class=\"speakable\">Cuando a un ni\u00f1o de 3 a\u00f1os de Nueva York le diagnosticaron un raro trastorno gen\u00e9tico, la esperanza lleg\u00f3 en una forma poco probable: un golden retriever llamado Yammy.<\/p>\n<p class=\"speakable\">El hijo de Susan Bresnahan, Patrick, naci\u00f3 en 2020 durante la pandemia de COVID-19, dijo a Fox News Digital.<\/p>\n<p>Bresnahan, que ha sido enfermera durante 20 a\u00f1os, not\u00f3 que su hijo no estaba alcanzando ninguno de los hitos normales del desarrollo cuando lleg\u00f3 a la edad de un ni\u00f1o.<\/p>\n<p><strong><u>EL DIAGN\u00d3STICO DE ENFERMEDADES RARAS FORTALECE EL V\u00cdNCULO ENTRE HERMANAS GEMELAS: &#8216;HACER LO MEJOR QUE NUESTRO&#8217;<\/u><\/strong><\/p>\n<p>\u00abSab\u00eda en mi interior que algo andaba mal\u00bb, dijo durante una entrevista ante la c\u00e1mara. <strong>(Vea el v\u00eddeo en la parte superior de este art\u00edculo).<\/strong><\/p>\n<div class=\"image-ct inline\">\n<div class=\"m\"><picture><source media=\"(max-width: 767px)\" srcset=\"https:\/\/a57.foxnews.com\/static.foxnews.com\/foxnews.com\/content\/uploads\/2024\/12\/343\/192\/service-dog-split.jpg?ve=1&amp;tl=1, https:\/\/a57.foxnews.com\/static.foxnews.com\/foxnews.com\/content\/uploads\/2024\/12\/686\/384\/service-dog-split.jpg?ve=1&amp;tl=1 2x\" height=\"192\" width=\"343\"><source media=\"(min-width: 768px) and (max-width: 1023px)\" srcset=\"https:\/\/a57.foxnews.com\/static.foxnews.com\/foxnews.com\/content\/uploads\/2024\/12\/672\/378\/service-dog-split.jpg?ve=1&amp;tl=1, https:\/\/a57.foxnews.com\/static.foxnews.com\/foxnews.com\/content\/uploads\/2024\/12\/1344\/756\/service-dog-split.jpg?ve=1&amp;tl=1 2x\" height=\"378\" width=\"672\"><source media=\"(min-width: 1024px) and (max-width: 1279px)\" srcset=\"https:\/\/a57.foxnews.com\/static.foxnews.com\/foxnews.com\/content\/uploads\/2024\/12\/931\/523\/service-dog-split.jpg?ve=1&amp;tl=1, https:\/\/a57.foxnews.com\/static.foxnews.com\/foxnews.com\/content\/uploads\/2024\/12\/1862\/1046\/service-dog-split.jpg?ve=1&amp;tl=1 2x\" height=\"523\" width=\"931\"><source media=\"(min-width: 1280px)\" srcset=\"https:\/\/a57.foxnews.com\/static.foxnews.com\/foxnews.com\/content\/uploads\/2024\/12\/720\/405\/service-dog-split.jpg?ve=1&amp;tl=1, https:\/\/a57.foxnews.com\/static.foxnews.com\/foxnews.com\/content\/uploads\/2024\/12\/1440\/810\/service-dog-split.jpg?ve=1&amp;tl=1 2x\" height=\"405\" width=\"720\"><img loading=\"lazy\" decoding=\"async\" src=\"https:\/\/a57.foxnews.com\/static.foxnews.com\/foxnews.com\/content\/uploads\/2024\/12\/1200\/675\/service-dog-split.jpg?ve=1&amp;tl=1\" alt=\"Patrick Bresnahan y perro de servicio\" width=\"1200\" height=\"675\"\/><\/source><\/source><\/source><\/source><\/picture><\/div>\n<div class=\"info\">\n<div class=\"caption\">\n<p><span>A Patrick Bresnahan, que ahora tiene 4 a\u00f1os, le diagnosticaron un raro trastorno gen\u00e9tico del desarrollo neurol\u00f3gico cuando ten\u00eda 2 a\u00f1os.<\/span> <span>(Susan Bresnahan)<\/span><\/p>\n<\/div>\n<\/div>\n<\/div>\n<h2><strong>Diagn\u00f3stico dif\u00edcil<\/strong><\/h2>\n<p>Despu\u00e9s de consultar a muchos especialistas y someterse a pruebas gen\u00e9ticas, el joven Patrick, que en ese momento ten\u00eda poco m\u00e1s de 2 a\u00f1os, ten\u00eda un raro trastorno del desarrollo neurol\u00f3gico llamado s\u00edndrome de Timothy, seg\u00fan se enter\u00f3 la familia.<\/p>\n<p>\u00abDespu\u00e9s de recibir el diagn\u00f3stico, fue la primera noche que dorm\u00ed bien en dos a\u00f1os, porque estaba perdiendo la cabeza al saber que algo realmente andaba mal\u00bb, record\u00f3 Bresnahan.<\/p>\n<p><strong><u>FAMILIA VENDE LA CASA DE SUS SUE\u00d1OS PARA FINANCIAR UN TRATAMIENTO QUE SALVA LA VIDA DE UNA HIJA DE 5 A\u00d1OS<\/u><\/strong><\/p>\n<p>El s\u00edndrome de Timothy ocurre cuando hay una mutaci\u00f3n del gen CACNA1C, seg\u00fan la Cl\u00ednica Cleveland. Menos de 100 personas son diagnosticadas en todo el mundo.<\/p>\n<p>Este trastorno potencialmente mortal puede afectar el coraz\u00f3n, las capacidades cognitivas, los sistemas nervioso e inmunol\u00f3gico y la apariencia f\u00edsica de un ni\u00f1o, dijo la misma fuente.<\/p>\n<blockquote class=\"pull-quote\">\n<p class=\"quote-text\">\u00abEstaba perdiendo la cabeza al saber que algo realmente estaba mal\u00bb.<\/p>\n<p> <!----><\/p><\/blockquote>\n<p>Los s\u00edntomas iniciales pueden incluir ciertas caracter\u00edsticas f\u00edsicas, funci\u00f3n card\u00edaca irregular, convulsiones, problemas de comunicaci\u00f3n y retrasos en el desarrollo, el \u00faltimo de los cuales Bresnahan not\u00f3 por primera vez en su hijo.<\/p>\n<p>En muchos casos, dijo Breshanan, la mutaci\u00f3n CACNA1C puede confundirse con autismo, cuando el autismo es en realidad s\u00f3lo un s\u00edntoma del trastorno gen\u00e9tico.<\/p>\n<p>\u00abEn el caso de Patrick, creo firmemente que si no fuera enfermera, especialmente en pediatr\u00eda, andar\u00eda por ah\u00ed diciendo que mi hijo tiene autismo, pero no es as\u00ed\u00bb, anot\u00f3.<\/p>\n<div class=\"image-ct inline\">\n<div class=\"m\"><picture><source media=\"(max-width: 767px)\" srcset=\"https:\/\/a57.foxnews.com\/static.foxnews.com\/foxnews.com\/content\/uploads\/2024\/12\/343\/192\/number-3-scaled.jpg?ve=1&amp;tl=1, https:\/\/a57.foxnews.com\/static.foxnews.com\/foxnews.com\/content\/uploads\/2024\/12\/686\/384\/number-3-scaled.jpg?ve=1&amp;tl=1 2x\" height=\"192\" width=\"343\"><source media=\"(min-width: 768px) and (max-width: 1023px)\" srcset=\"https:\/\/a57.foxnews.com\/static.foxnews.com\/foxnews.com\/content\/uploads\/2024\/12\/672\/378\/number-3-scaled.jpg?ve=1&amp;tl=1, https:\/\/a57.foxnews.com\/static.foxnews.com\/foxnews.com\/content\/uploads\/2024\/12\/1344\/756\/number-3-scaled.jpg?ve=1&amp;tl=1 2x\" height=\"378\" width=\"672\"><source media=\"(min-width: 1024px) and (max-width: 1279px)\" srcset=\"https:\/\/a57.foxnews.com\/static.foxnews.com\/foxnews.com\/content\/uploads\/2024\/12\/931\/523\/number-3-scaled.jpg?ve=1&amp;tl=1, https:\/\/a57.foxnews.com\/static.foxnews.com\/foxnews.com\/content\/uploads\/2024\/12\/1862\/1046\/number-3-scaled.jpg?ve=1&amp;tl=1 2x\" height=\"523\" width=\"931\"><source media=\"(min-width: 1280px)\" srcset=\"https:\/\/a57.foxnews.com\/static.foxnews.com\/foxnews.com\/content\/uploads\/2024\/12\/720\/405\/number-3-scaled.jpg?ve=1&amp;tl=1, https:\/\/a57.foxnews.com\/static.foxnews.com\/foxnews.com\/content\/uploads\/2024\/12\/1440\/810\/number-3-scaled.jpg?ve=1&amp;tl=1 2x\" height=\"405\" width=\"720\"><img loading=\"lazy\" decoding=\"async\" src=\"https:\/\/a57.foxnews.com\/static.foxnews.com\/foxnews.com\/content\/uploads\/2024\/12\/1200\/675\/number-3-scaled.jpg?ve=1&amp;tl=1\" alt=\"Patrick Bresnahan y perro de servicio\" width=\"1200\" height=\"675\"\/><\/source><\/source><\/source><\/source><\/picture><\/div>\n<div class=\"info\">\n<div class=\"caption\">\n<p><span>El s\u00edndrome de Timothy ocurre cuando hay una mutaci\u00f3n del gen CACNA1C, seg\u00fan la Cl\u00ednica Cleveland. Menos de 100 personas son diagnosticadas en todo el mundo.<\/span> <span>(Susan Bresnahan)<\/span><\/p>\n<\/div>\n<\/div>\n<\/div>\n<p>Aunque no existe cura para el s\u00edndrome, ciertos tratamientos pueden ayudar a controlar los s\u00edntomas y mejorar los resultados.<\/p>\n<p>Seg\u00fan la Cl\u00ednica Cleveland, casi el 80% de los casos diagnosticados conducen a enfermedades card\u00edacas fatales en la primera infancia.<\/p>\n<h2><strong>&#8216;Ten\u00eda que hacer m\u00e1s&#8217;<\/strong><\/h2>\n<p>Los expertos recomiendan una intervenci\u00f3n temprana tras un diagn\u00f3stico de s\u00edndrome de Timothy.<\/p>\n<p>\u00abAdem\u00e1s de la terapia ocupacional y la terapia del habla, sent\u00ed que ten\u00eda que hacer m\u00e1s\u00bb, dijo Bresnahan a Fox News Digital. <\/p>\n<p><strong><u>PADRE CRE\u00d3 UN MEDICAMENTO PARA SALVAR A SU HIJO DE UNA ENFERMEDAD RARA, AHORA OTRAS FAMILIAS EST\u00c1N DESESPERADAS POR CONSEGUIRLO<\/u><\/strong><\/p>\n<p>\u00abAs\u00ed que le pregunt\u00e9 a un neur\u00f3logo qu\u00e9 pensaba sobre un perro de servicio, porque Patrick simplemente no ten\u00eda motivaci\u00f3n para moverse\u00bb.<\/p>\n<p>La familia comenz\u00f3 el proceso de conseguir un perro de servicio en ECAD (Caninos Educados que Ayudan con Discapacidades) en Torrington, Connecticut, que une a las familias con perros adaptados a sus necesidades.<\/p>\n<div class=\"image-ct inline\">\n<div class=\"m\"><picture><source media=\"(max-width: 767px)\" srcset=\"https:\/\/a57.foxnews.com\/static.foxnews.com\/foxnews.com\/content\/uploads\/2024\/12\/343\/192\/number-4-scaled.jpg?ve=1&amp;tl=1, https:\/\/a57.foxnews.com\/static.foxnews.com\/foxnews.com\/content\/uploads\/2024\/12\/686\/384\/number-4-scaled.jpg?ve=1&amp;tl=1 2x\" height=\"192\" width=\"343\"><source media=\"(min-width: 768px) and (max-width: 1023px)\" srcset=\"https:\/\/a57.foxnews.com\/static.foxnews.com\/foxnews.com\/content\/uploads\/2024\/12\/672\/378\/number-4-scaled.jpg?ve=1&amp;tl=1, https:\/\/a57.foxnews.com\/static.foxnews.com\/foxnews.com\/content\/uploads\/2024\/12\/1344\/756\/number-4-scaled.jpg?ve=1&amp;tl=1 2x\" height=\"378\" width=\"672\"><source media=\"(min-width: 1024px) and (max-width: 1279px)\" srcset=\"https:\/\/a57.foxnews.com\/static.foxnews.com\/foxnews.com\/content\/uploads\/2024\/12\/931\/523\/number-4-scaled.jpg?ve=1&amp;tl=1, https:\/\/a57.foxnews.com\/static.foxnews.com\/foxnews.com\/content\/uploads\/2024\/12\/1862\/1046\/number-4-scaled.jpg?ve=1&amp;tl=1 2x\" height=\"523\" width=\"931\"><source media=\"(min-width: 1280px)\" srcset=\"https:\/\/a57.foxnews.com\/static.foxnews.com\/foxnews.com\/content\/uploads\/2024\/12\/720\/405\/number-4-scaled.jpg?ve=1&amp;tl=1, https:\/\/a57.foxnews.com\/static.foxnews.com\/foxnews.com\/content\/uploads\/2024\/12\/1440\/810\/number-4-scaled.jpg?ve=1&amp;tl=1 2x\" height=\"405\" width=\"720\"><img loading=\"lazy\" decoding=\"async\" src=\"https:\/\/a57.foxnews.com\/static.foxnews.com\/foxnews.com\/content\/uploads\/2024\/12\/1200\/675\/number-4-scaled.jpg?ve=1&amp;tl=1\" alt=\"Patrick Bresnahan y perro de servicio\" width=\"1200\" height=\"675\"\/><\/source><\/source><\/source><\/source><\/picture><\/div>\n<div class=\"info\">\n<div class=\"caption\">\n<p><span>La familia Bresnahan tuvo que recaudar $25,000 para cubrir su parte del costo de recibir un perro de servicio. \u00abFue sorprendente c\u00f3mo la gente se acerc\u00f3 para apoyarnos\u00bb, dijo Susan Bresnahan.<\/span> <span>(Susan Bresnahan)<\/span><\/p>\n<\/div>\n<\/div>\n<\/div>\n<p>Cada perro de ECAD recibe m\u00e1s de 1.500 horas de entrenamiento, seg\u00fan Bresnahan. La persona que busca un perro tambi\u00e9n debe completar un curso de dos semanas en las instalaciones de ECAD antes de que se le asigne el animal que mejor se adapte a sus necesidades espec\u00edficas. <\/p>\n<p>Los perros de servicio pueden ser entrenados para abrir y cerrar puertas, encender luces, recuperar art\u00edculos y estabilizar a las personas mientras caminan o suben las escaleras.  <\/p>\n<h2><strong>&#8216;Combinaci\u00f3n hecha en el cielo&#8217;<\/strong><\/h2>\n<p>La familia Bresnahan tuvo que recaudar $25,000 para cubrir su parte del costo de recibir un perro de servicio.<\/p>\n<p>En tres semanas, hab\u00edan recibido el monto total a trav\u00e9s de donaciones de amigos, familiares y miembros de la comunidad.<\/p>\n<p><strong><u>MADRE FREN\u00c9TICA POR SALVAR EL ENSAYO CL\u00cdNICO QUE PODR\u00cdA CURAR A SU HIJA: &#8216;EL TRATAMIENTO EST\u00c1 EN EL REFRIGERADOR&#8217;<\/u><\/strong><\/p>\n<p>\u00abFue incre\u00edble\u00bb, record\u00f3 Bresnahan. \u00abLlor\u00e9 durante tres semanas seguidas; fue sorprendente c\u00f3mo la gente se acerc\u00f3 para apoyarnos\u00bb.<\/p>\n<p>Un par de a\u00f1os despu\u00e9s de iniciar el proceso, Patrick recibi\u00f3 a su perro, Yammy. <\/p>\n<p>\u00abEn dos semanas, estaba haciendo 12 cosas nuevas que nunca hab\u00eda hecho\u00bb, dijo. \u00abRealmente no pod\u00eda creer lo que ve\u00eda\u00bb.<\/p>\n<div class=\"image-ct inline\">\n<div class=\"m\"><picture><source media=\"(max-width: 767px)\" srcset=\"https:\/\/a57.foxnews.com\/static.foxnews.com\/foxnews.com\/content\/uploads\/2024\/12\/343\/192\/number-2.jpg?ve=1&amp;tl=1, https:\/\/a57.foxnews.com\/static.foxnews.com\/foxnews.com\/content\/uploads\/2024\/12\/686\/384\/number-2.jpg?ve=1&amp;tl=1 2x\" height=\"192\" width=\"343\"><source media=\"(min-width: 768px) and (max-width: 1023px)\" srcset=\"https:\/\/a57.foxnews.com\/static.foxnews.com\/foxnews.com\/content\/uploads\/2024\/12\/672\/378\/number-2.jpg?ve=1&amp;tl=1, https:\/\/a57.foxnews.com\/static.foxnews.com\/foxnews.com\/content\/uploads\/2024\/12\/1344\/756\/number-2.jpg?ve=1&amp;tl=1 2x\" height=\"378\" width=\"672\"><source media=\"(min-width: 1024px) and (max-width: 1279px)\" srcset=\"https:\/\/a57.foxnews.com\/static.foxnews.com\/foxnews.com\/content\/uploads\/2024\/12\/931\/523\/number-2.jpg?ve=1&amp;tl=1, https:\/\/a57.foxnews.com\/static.foxnews.com\/foxnews.com\/content\/uploads\/2024\/12\/1862\/1046\/number-2.jpg?ve=1&amp;tl=1 2x\" height=\"523\" width=\"931\"><source media=\"(min-width: 1280px)\" srcset=\"https:\/\/a57.foxnews.com\/static.foxnews.com\/foxnews.com\/content\/uploads\/2024\/12\/720\/405\/number-2.jpg?ve=1&amp;tl=1, https:\/\/a57.foxnews.com\/static.foxnews.com\/foxnews.com\/content\/uploads\/2024\/12\/1440\/810\/number-2.jpg?ve=1&amp;tl=1 2x\" height=\"405\" width=\"720\"><img loading=\"lazy\" decoding=\"async\" src=\"https:\/\/a57.foxnews.com\/static.foxnews.com\/foxnews.com\/content\/uploads\/2024\/12\/1200\/675\/number-2.jpg?ve=1&amp;tl=1\" alt=\"Patrick Bresnahan y perro de servicio\" width=\"1200\" height=\"675\"\/><\/source><\/source><\/source><\/source><\/picture><\/div>\n<div class=\"info\">\n<div class=\"caption\">\n<p><span>\u00abTener al perro a su lado era una sensaci\u00f3n de seguridad\u00bb, dijo Bresnahan. Yammy tambi\u00e9n ha aumentado la capacidad social y la confianza en s\u00ed mismo de su hijo, a\u00f1adi\u00f3.<\/span> <span>(Susan Bresnahan)<\/span><\/p>\n<\/div>\n<\/div>\n<\/div>\n<p>Patrick sol\u00eda caminar lentamente y moverse \u00abtorpemente\u00bb, pero de repente comenz\u00f3 a caminar, correr y moverse con mucha m\u00e1s facilidad y fluidez con Yammy.<\/p>\n<p>Incluso empez\u00f3 a subir escaleras, algo que nunca antes hab\u00eda intentado.<\/p>\n<p>\u00abTener al perro a su lado era una sensaci\u00f3n de seguridad\u00bb, dijo Bresnahan. Yammy tambi\u00e9n ha aumentado la capacidad social y la confianza en s\u00ed mismo de Patrick, dijo.<\/p>\n<blockquote class=\"pull-quote\">\n<p class=\"quote-text\">\u00abEs simplemente una gran sesi\u00f3n de fisioterapia durante todo el d\u00eda, junto con amor y seguridad\u00bb.<\/p>\n<p> <!----><\/p><\/blockquote>\n<p>Si bien muchas personas piensan en los perros de servicio como una soluci\u00f3n para las personas con problemas de visi\u00f3n, Bresnahan dijo que son ideales para un ni\u00f1o con retraso en el desarrollo.<\/p>\n<p>\u00abEs simplemente una gran sesi\u00f3n de fisioterapia durante todo el d\u00eda, junto con amor y seguridad\u00bb.<\/p>\n<p><strong><u>HAGA CLIC AQU\u00cd PARA SUSCRIBIRSE A NUESTRO BOLET\u00cdN DE SALUD<\/u><\/strong><\/p>\n<p>Yammy asiste a todas las citas m\u00e9dicas de Patrick y brinda apoyo y consuelo t\u00e1cito.<\/p>\n<p>\u00abEs una distracci\u00f3n, es un amigo\u00bb, dijo Bresnahan. \u00abCuando lo acaricia, siento que su ansiedad disminuye. Ha sido algo hermoso, es como un nuevo miembro de la familia\u00bb.<\/p>\n<div class=\"image-ct inline\">\n<div class=\"m\"><picture><source media=\"(max-width: 767px)\" srcset=\"https:\/\/a57.foxnews.com\/static.foxnews.com\/foxnews.com\/content\/uploads\/2024\/12\/343\/192\/number-5.jpg?ve=1&amp;tl=1, https:\/\/a57.foxnews.com\/static.foxnews.com\/foxnews.com\/content\/uploads\/2024\/12\/686\/384\/number-5.jpg?ve=1&amp;tl=1 2x\" height=\"192\" width=\"343\"><source media=\"(min-width: 768px) and (max-width: 1023px)\" srcset=\"https:\/\/a57.foxnews.com\/static.foxnews.com\/foxnews.com\/content\/uploads\/2024\/12\/672\/378\/number-5.jpg?ve=1&amp;tl=1, https:\/\/a57.foxnews.com\/static.foxnews.com\/foxnews.com\/content\/uploads\/2024\/12\/1344\/756\/number-5.jpg?ve=1&amp;tl=1 2x\" height=\"378\" width=\"672\"><source media=\"(min-width: 1024px) and (max-width: 1279px)\" srcset=\"https:\/\/a57.foxnews.com\/static.foxnews.com\/foxnews.com\/content\/uploads\/2024\/12\/931\/523\/number-5.jpg?ve=1&amp;tl=1, https:\/\/a57.foxnews.com\/static.foxnews.com\/foxnews.com\/content\/uploads\/2024\/12\/1862\/1046\/number-5.jpg?ve=1&amp;tl=1 2x\" height=\"523\" width=\"931\"><source media=\"(min-width: 1280px)\" srcset=\"https:\/\/a57.foxnews.com\/static.foxnews.com\/foxnews.com\/content\/uploads\/2024\/12\/720\/405\/number-5.jpg?ve=1&amp;tl=1, https:\/\/a57.foxnews.com\/static.foxnews.com\/foxnews.com\/content\/uploads\/2024\/12\/1440\/810\/number-5.jpg?ve=1&amp;tl=1 2x\" height=\"405\" width=\"720\"><img loading=\"lazy\" decoding=\"async\" src=\"https:\/\/a57.foxnews.com\/static.foxnews.com\/foxnews.com\/content\/uploads\/2024\/12\/1200\/675\/number-5.jpg?ve=1&amp;tl=1\" alt=\"Patrick Bresnahan y perro de servicio\" width=\"1200\" height=\"675\"\/><\/source><\/source><\/source><\/source><\/picture><\/div>\n<div class=\"info\">\n<div class=\"caption\">\n<p><span>Mientras que Patrick sol\u00eda caminar lentamente y moverse \u00abtorpemente\u00bb, de repente comenz\u00f3 a caminar, correr y moverse con mucha m\u00e1s facilidad y suavidad despu\u00e9s de recibir a su perro de servicio, dijo Susan Bresnahan.<\/span> <span>(Susan Bresnahan)<\/span><\/p>\n<\/div>\n<\/div>\n<\/div>\n<p>\u00abComo madre de Patrick, puedo decir que Yammy y Patrick son una pareja perfecta\u00bb, continu\u00f3. <\/p>\n<p>\u00abRecibir un perro de servicio le permite a Patrick prosperar y esforzarse para seguir alcanzando nuevas metas\u00bb.<\/p>\n<p><strong><u>HAGA CLIC AQU\u00cd PARA OBTENER LA APLICACI\u00d3N FOX NEWS<\/u><\/strong><strong>   <\/strong><\/p>\n<p>Hoy, a sus 4 a\u00f1os, Patrick se encuentra bien, aunque corre riesgo de sufrir problemas card\u00edacos y convulsiones. Recibe electrocardiogramas cada a\u00f1o para controlar la actividad el\u00e9ctrica de su coraz\u00f3n.<\/p>\n<p>\u00abEs el \u00fanico en todo el mundo con esta mutaci\u00f3n exacta, por lo que realmente no hay nadie con quien compararla\u00bb, dijo Bresnahan. \u00abAs\u00ed que s\u00f3lo tenemos que seguir monitoreando y esperando\u00bb.<\/p>\n<div class=\"image-ct inline\">\n<div class=\"m\"><picture><source media=\"(max-width: 767px)\" srcset=\"https:\/\/a57.foxnews.com\/static.foxnews.com\/foxnews.com\/content\/uploads\/2024\/12\/343\/192\/number-7--scaled.jpg?ve=1&amp;tl=1, https:\/\/a57.foxnews.com\/static.foxnews.com\/foxnews.com\/content\/uploads\/2024\/12\/686\/384\/number-7--scaled.jpg?ve=1&amp;tl=1 2x\" height=\"192\" width=\"343\"><source media=\"(min-width: 768px) and (max-width: 1023px)\" srcset=\"https:\/\/a57.foxnews.com\/static.foxnews.com\/foxnews.com\/content\/uploads\/2024\/12\/672\/378\/number-7--scaled.jpg?ve=1&amp;tl=1, https:\/\/a57.foxnews.com\/static.foxnews.com\/foxnews.com\/content\/uploads\/2024\/12\/1344\/756\/number-7--scaled.jpg?ve=1&amp;tl=1 2x\" height=\"378\" width=\"672\"><source media=\"(min-width: 1024px) and (max-width: 1279px)\" srcset=\"https:\/\/a57.foxnews.com\/static.foxnews.com\/foxnews.com\/content\/uploads\/2024\/12\/931\/523\/number-7--scaled.jpg?ve=1&amp;tl=1, https:\/\/a57.foxnews.com\/static.foxnews.com\/foxnews.com\/content\/uploads\/2024\/12\/1862\/1046\/number-7--scaled.jpg?ve=1&amp;tl=1 2x\" height=\"523\" width=\"931\"><source media=\"(min-width: 1280px)\" srcset=\"https:\/\/a57.foxnews.com\/static.foxnews.com\/foxnews.com\/content\/uploads\/2024\/12\/720\/405\/number-7--scaled.jpg?ve=1&amp;tl=1, https:\/\/a57.foxnews.com\/static.foxnews.com\/foxnews.com\/content\/uploads\/2024\/12\/1440\/810\/number-7--scaled.jpg?ve=1&amp;tl=1 2x\" height=\"405\" width=\"720\"><img loading=\"lazy\" decoding=\"async\" src=\"https:\/\/a57.foxnews.com\/static.foxnews.com\/foxnews.com\/content\/uploads\/2024\/12\/1200\/675\/number-7--scaled.jpg?ve=1&amp;tl=1\" alt=\"Patrick Bresnahan y perro de servicio\" width=\"1200\" height=\"675\"\/><\/source><\/source><\/source><\/source><\/picture><\/div>\n<div class=\"info\">\n<div class=\"caption\">\n<p><span>\u00abHa sido algo hermoso, es como un nuevo miembro de la familia\u00bb, dijo Susan Bresnahan sobre el perro de servicio de su hijo.<\/span> <span>(Susan Bresnahan)<\/span><\/p>\n<\/div>\n<\/div>\n<\/div>\n<p>Si bien el progreso de Patrick todav\u00eda est\u00e1 \u00abmuy retrasado\u00bb, dijo, \u00abva en la direcci\u00f3n correcta. Y es el ni\u00f1o m\u00e1s feliz del mundo\u00bb.<\/p>\n<p>Bresnahan se mantiene en contacto con los cient\u00edficos que investigan este trastorno. Tiene esperanzas de nuevos tratamientos o terapias en el futuro.<\/p>\n<p><i><strong><u>Para m\u00e1s art\u00edculos de salud, visite <\/u><\/strong><\/i><i><strong><u>www.foxnews.com\/health<\/u><\/strong><\/i><\/p>\n<p>Para otros padres cuyos hijos no alcanzan los hitos de desarrollo esperados, recomienda buscar pruebas gen\u00e9ticas.<\/p>\n<p>\u00abEs s\u00f3lo un hisopo bucal, y la cantidad de informaci\u00f3n que puede obtener de ese hisopo puede cambiar su vida\u00bb.<\/p>\n<\/div>\n\n","protected":false},"excerpt":{"rendered":"<p>\u00danase a Fox News para acceder a este contenido Adem\u00e1s, acceso especial a art\u00edculos seleccionados y otro contenido premium con su cuenta, sin cargo. Al ingresar su correo electr\u00f3nico y presionar Continuar, acepta los T\u00e9rminos de uso y la Pol\u00edtica de privacidad de Fox News, que incluye nuestro Aviso de incentivo financiero. Por favor, introduce &hellip;<\/p>\n","protected":false},"author":1,"featured_media":8396,"comment_status":"open","ping_status":"open","sticky":false,"template":"","format":"standard","meta":{"fifu_image_url":"https:\/\/a57.foxnews.com\/static.foxnews.com\/foxnews.com\/content\/uploads\/2024\/12\/1200\/675\/service-dog-split.jpg?ve=1&tl=1","fifu_image_alt":"","footnotes":""},"categories":[8],"tags":[],"class_list":["post-8394","post","type-post","status-publish","format-standard","has-post-thumbnail","","category-salud"],"_links":{"self":[{"href":"https:\/\/noticiasveraces.com\/index.php?rest_route=\/wp\/v2\/posts\/8394","targetHints":{"allow":["GET"]}}],"collection":[{"href":"https:\/\/noticiasveraces.com\/index.php?rest_route=\/wp\/v2\/posts"}],"about":[{"href":"https:\/\/noticiasveraces.com\/index.php?rest_route=\/wp\/v2\/types\/post"}],"author":[{"embeddable":true,"href":"https:\/\/noticiasveraces.com\/index.php?rest_route=\/wp\/v2\/users\/1"}],"replies":[{"embeddable":true,"href":"https:\/\/noticiasveraces.com\/index.php?rest_route=%2Fwp%2Fv2%2Fcomments&post=8394"}],"version-history":[{"count":0,"href":"https:\/\/noticiasveraces.com\/index.php?rest_route=\/wp\/v2\/posts\/8394\/revisions"}],"wp:featuredmedia":[{"embeddable":true,"href":"https:\/\/noticiasveraces.com\/index.php?rest_route=\/wp\/v2\/media\/8396"}],"wp:attachment":[{"href":"https:\/\/noticiasveraces.com\/index.php?rest_route=%2Fwp%2Fv2%2Fmedia&parent=8394"}],"wp:term":[{"taxonomy":"category","embeddable":true,"href":"https:\/\/noticiasveraces.com\/index.php?rest_route=%2Fwp%2Fv2%2Fcategories&post=8394"},{"taxonomy":"post_tag","embeddable":true,"href":"https:\/\/noticiasveraces.com\/index.php?rest_route=%2Fwp%2Fv2%2Ftags&post=8394"}],"curies":[{"name":"wp","href":"https:\/\/api.w.org\/{rel}","templated":true}]}}