{"id":8388,"date":"2024-12-30T09:51:56","date_gmt":"2024-12-30T13:51:56","guid":{"rendered":"https:\/\/noticiasveraces.com\/?p=8388"},"modified":"2024-12-30T09:51:56","modified_gmt":"2024-12-30T13:51:56","slug":"muere-hugo-cholo-sotil-exjugador-del-barcelona-a-los-75-anos","status":"publish","type":"post","link":"https:\/\/noticiasveraces.com\/?p=8388","title":{"rendered":"Muere Hugo &#8216;Cholo&#8217; Sotil, exjugador del Barcelona, \u200b\u200ba los 75 a\u00f1os"},"content":{"rendered":"<p> \n<\/p>\n<div id=\"intext\">\n<p>Luto en el f\u00fatbol tras confirmarse la muerte de <b>Hugo Alejandro Sotil Yer\u00e9n<\/b>conocido como &#8216;el Cholo&#8217;, a los 75 a\u00f1os. El exfutbolista peruano jug\u00f3 en el <b>FC Barcelona<\/b> entre 1973 y 1976, siendo clave en la Liga que gan\u00f3 el club cul\u00e9 en 1974.<\/p>\n<p>\u00abEl FC Barcelona lamenta la muerte de Hugo Sotil, jugador azulgrana entre el 1973 y el 1976, y quiere expresar su p\u00e9same a la familia y amistades. Descanse en paz, Cholo\u00bb, informa este lunes el Barcelona en sus redes sociales.<\/p>\n<p>Hugo &#8216;Cholo&#8217; Sotil escrito <b>12 goles en su primera temporada en el equipo azulgrana<\/b>disputando 34 partidos. En la siguiente temporada no jug\u00f3 un solo partido porque el fichaje de <b>Johan Neeskens<\/b> le cerr\u00f3 la puerta del primer equipo hasta lograr la doble nacionalidad. Reapareci\u00f3 en la <b>temporada 1975-76<\/b>pero su rendimiento deportivo ya no fue el mismo y solo marc\u00f3 tres goles en 19 partidos. Tras jugar su cuarta y \u00faltima temporada con el Barcelona, \u200b\u200bSotil se march\u00f3 en 1977 al <b>Alianza Lima<\/b>.<\/p>\n<p>\u00abNacido en Ica (Per\u00fa) el 18 de mayo de 1949, fue considerado uno de los mejores jugadores sudamericanos de su tiempo. El popular \u00abCholo\u00bb rob\u00f3 el coraz\u00f3n de los aficionados azulgranas de su \u00e9poca. Delantero h\u00e1bil, escurridizo, valiente e intuitivo. , su juego siempre era sin\u00f3nimo de espect\u00e1culo\u00bb, recuerda el Barcelona en su p\u00e1gina web.<\/p>\n<p>Los \u00faltimos a\u00f1os de su carrera los pasaron, tras jugar dos temporadas en Alianza Lima, en <b>Independiente Medell\u00edn<\/b> (1979-1980)<b>Los Espartanos<\/b> (1984-1985) y <b>Deportivo Jun\u00edn<\/b> (1986).<\/p>\n<p>Hugo &#8216;Cholo&#8217; Sotil disputado <b>18 partidos con la selecci\u00f3n peruana<\/b> (ocho en los Mundiales de 1970 y 1978, uno en la Copa Am\u00e9rica de 1975 y otros nueve encuentros en las eliminatorias sudamericanas de 1974 y 1978). En total, anot\u00f3 cuatro goles con la camiseta de su pa\u00eds.<\/p>\n<p><i>S\u00edguenos en nuestro canal de WhatsApp y no te pierdas la \u00faltima hora y toda la actualidad de antena3noticias.com<\/i><\/p>\n<div class=\"recirculation-video\" data-mod=\"a3mod_recirculation_video\">\n<div class=\"recirculation-video-wrapper\">\n<div>\n<div class=\"video-wrapper\">\n  <picture class=\"video-main-picture\"><source media=\"(min-width: 481px)\" srcset=\"https:\/\/fotografias.antena3.com\/clipping\/cmsimages01\/2024\/12\/26\/961A1F2E-E882-49C7-A724-43B7807F4AE3\/isidre-esteve-piloto-dakar-2025_94.jpg?crop=1920,1080,x0,y0&amp;width=800&amp;height=450&amp;optimize=medium&amp;format=webply\" width=\"800\" height=\"450\"><source media=\"(min-width: 391px) and (max-width: 480px)\" srcset=\"https:\/\/fotografias.antena3.com\/clipping\/cmsimages01\/2024\/12\/26\/961A1F2E-E882-49C7-A724-43B7807F4AE3\/isidre-esteve-piloto-dakar-2025_70.jpg?crop=1920,1080,x0,y0&amp;width=480&amp;height=270&amp;optimize=high&amp;format=webply\" width=\"480\" height=\"270\"><source media=\"(min-width: 321px) and (max-width: 390px)\" srcset=\"https:\/\/fotografias.antena3.com\/clipping\/cmsimages01\/2024\/12\/26\/961A1F2E-E882-49C7-A724-43B7807F4AE3\/isidre-esteve-piloto-dakar-2025_92.jpg?crop=1920,1078,x0,y1&amp;width=390&amp;height=219&amp;optimize=high&amp;format=webply\" width=\"390\" height=\"219\"><source media=\"(max-width: 320px)\" srcset=\"https:\/\/fotografias.antena3.com\/clipping\/cmsimages01\/2024\/12\/26\/961A1F2E-E882-49C7-A724-43B7807F4AE3\/isidre-esteve-piloto-dakar-2025_52.jpg?crop=1920,1080,x0,y0&amp;width=320&amp;height=180&amp;optimize=high&amp;format=webply\" width=\"320\" height=\"180\"><img decoding=\"async\" title=\"Isidre Esteve, piloto del Dakar 2025\" alt=\"Isidre Esteve, piloto del Dakar 2025\" width=\"480\" height=\"270\" src=\"https:\/\/fotografias.antena3.com\/clipping\/cmsimages01\/2024\/12\/26\/961A1F2E-E882-49C7-A724-43B7807F4AE3\/isidre-esteve-piloto-dakar-2025_70.jpg?crop=1920,1080,x0,y0&amp;width=480&amp;height=270&amp;optimize=high&amp;format=webply\" loading=\"lazy\" class=\"lazy\"\/><br \/>\n  <\/source><\/source><\/source><\/source><\/picture>\n <\/div>\n<\/div><\/div>\n<\/p><\/div>\n<\/div>\n\n","protected":false},"excerpt":{"rendered":"<p>Luto en el f\u00fatbol tras confirmarse la muerte de Hugo Alejandro Sotil Yer\u00e9nconocido como &#8216;el Cholo&#8217;, a los 75 a\u00f1os. El exfutbolista peruano jug\u00f3 en el FC Barcelona entre 1973 y 1976, siendo clave en la Liga que gan\u00f3 el club cul\u00e9 en 1974. \u00abEl FC Barcelona lamenta la muerte de Hugo Sotil, jugador azulgrana &hellip;<\/p>\n","protected":false},"author":1,"featured_media":8390,"comment_status":"open","ping_status":"open","sticky":false,"template":"","format":"standard","meta":{"fifu_image_url":"https:\/\/fotografias.antena3.com\/clipping\/cmsimages01\/2024\/12\/30\/A14F1B60-0344-459A-95F6-75D796E4632C\/hugo-cholo-sotil-imagen-archivo-lima-peru-2018_69.jpg?crop=3642,2049,x0,y0&width=1280&height=720&optimize=low&format=jpg","fifu_image_alt":"","footnotes":""},"categories":[6],"tags":[],"class_list":["post-8388","post","type-post","status-publish","format-standard","has-post-thumbnail","","category-deportes"],"_links":{"self":[{"href":"https:\/\/noticiasveraces.com\/index.php?rest_route=\/wp\/v2\/posts\/8388","targetHints":{"allow":["GET"]}}],"collection":[{"href":"https:\/\/noticiasveraces.com\/index.php?rest_route=\/wp\/v2\/posts"}],"about":[{"href":"https:\/\/noticiasveraces.com\/index.php?rest_route=\/wp\/v2\/types\/post"}],"author":[{"embeddable":true,"href":"https:\/\/noticiasveraces.com\/index.php?rest_route=\/wp\/v2\/users\/1"}],"replies":[{"embeddable":true,"href":"https:\/\/noticiasveraces.com\/index.php?rest_route=%2Fwp%2Fv2%2Fcomments&post=8388"}],"version-history":[{"count":0,"href":"https:\/\/noticiasveraces.com\/index.php?rest_route=\/wp\/v2\/posts\/8388\/revisions"}],"wp:featuredmedia":[{"embeddable":true,"href":"https:\/\/noticiasveraces.com\/index.php?rest_route=\/wp\/v2\/media\/8390"}],"wp:attachment":[{"href":"https:\/\/noticiasveraces.com\/index.php?rest_route=%2Fwp%2Fv2%2Fmedia&parent=8388"}],"wp:term":[{"taxonomy":"category","embeddable":true,"href":"https:\/\/noticiasveraces.com\/index.php?rest_route=%2Fwp%2Fv2%2Fcategories&post=8388"},{"taxonomy":"post_tag","embeddable":true,"href":"https:\/\/noticiasveraces.com\/index.php?rest_route=%2Fwp%2Fv2%2Ftags&post=8388"}],"curies":[{"name":"wp","href":"https:\/\/api.w.org\/{rel}","templated":true}]}}