{"id":8374,"date":"2024-12-30T07:35:20","date_gmt":"2024-12-30T11:35:20","guid":{"rendered":"https:\/\/noticiasveraces.com\/?p=8374"},"modified":"2024-12-30T07:35:20","modified_gmt":"2024-12-30T11:35:20","slug":"expresidentes-y-lideres-mundiales-saludan-el-legado-de-carter-dw-30-12-2024","status":"publish","type":"post","link":"https:\/\/noticiasveraces.com\/?p=8374","title":{"rendered":"Expresidentes y l\u00edderes mundiales saludan el legado de Carter \u2013 DW \u2013 30\/12\/2024"},"content":{"rendered":"<p> \n<\/p>\n<div>\n<p>El presidente de Estados Unidos, Joe Biden, lider\u00f3 los mensajes en homenaje al expresidente estadounidense Jimmy Carter, que falleci\u00f3 este domingo (29.12.2024) a la edad de 100 a\u00f1os.<\/p>\n<p>\u00abEstados Unidos y el mundo han perdido a un l\u00edder extraordinario, estadista y humanitario\u00bb, dijo Biden junto con su esposa Jill en un comunicado, en el que tambi\u00e9n anunci\u00f3 funerales de Estado para el expresidente Carter, quien ejerci\u00f3 el cargo entre 1977 y 1981. .<\/p>\n<p>\u00abSalv\u00f3, levant\u00f3 y cambi\u00f3 la vida de personas de todo el mundo\u00bb, agreg\u00f3 el mandatario saliente.<\/p>\n<h2>Trump: los estadounidenses tienen \u00abdeuda de gratitud\u00bb con Carter<\/h2>\n<p>Por su parte, el presidente electo Donald Trump, dijo que los estadounidenses tienen una \u00abdeuda de gratitud\u00bb con Carter.<\/p>\n<p>\u00abLos desaf\u00edos a los que Jimmy se enfrent\u00f3 como presidente llegaron en un momento crucial para nuestro pa\u00eds e hizo todo lo que estuvo en sus manos para mejorar la vida de todos los estadounidenses\u00bb, indic\u00f3 Trump en redes sociales.<\/p>\n<h2>Palabras de elogio de Clinton, Bush y Obama<\/h2>\n<p>Por su parte, el expresidente dem\u00f3crata Bill Clinton, que ocup\u00f3 el cargo 15 a\u00f1os despu\u00e9s del mandato \u00fanico de Carter (1977-1981), dijo que su copartidario \u00abvivi\u00f3 para servir a los dem\u00e1s, hasta el final\u00bb.<\/p>\n<p>En una declaraci\u00f3n conjunta con su esposa Hillary, Clinton subray\u00f3 que Carter \u00abtrabaj\u00f3 sin descanso por un mundo mejor y m\u00e1s justo\u00bb.<\/p>\n<figure class=\"placeholder-image master_landscape big\"><img data-format=\"MASTER_LANDSCAPE\" data-id=\"71181945\" data-url=\"https:\/\/static.dw.com\/image\/71181945_${formatId}.jpg\" data-aspect-ratio=\"16\/9\" alt=\"Una imagen hist\u00f3rica de cinco presidentes. El entonces mandatario saliente George W. Bush se reuni\u00f3 en enero de 2009 en el Despacho Oval de la Casa Blanca, en Washington, DC, con el reci\u00e9n electo Barack Obama, los expresidentes dem\u00f3cratas Bil Clinton, Jimmy Carter y el republicano George Bush. (01.07.2009)\" style=\"padding-bottom: 56.25%; height: 0; max-height: 0;\"\/><figcaption class=\"img-caption\">Una imagen hist\u00f3rica de cinco presidentes. El entonces mandatario saliente George W. Bush se reuni\u00f3 en enero de 2009 en el Despacho Oval de la Casa Blanca, en Washington, DC, con el reci\u00e9n electo Barack Obama, los expresidentes dem\u00f3cratas Bil Clinton, Jimmy Carter y el republicano George Bush. (01.07.2009)<small class=\"copyright\">Imagen: EPA\/SHAWN THEW\/dpa\/picture Alliance<\/small><\/figcaption><\/figure>\n<p>El republicano George W. Bush a\u00f1adi\u00f3 que el expresidente \u00abdignific\u00f3 el cargo. Y sus esfuerzos por dejar un mundo mejor no acabaron con la presidencia\u00bb.<\/p>\n<p>A su turno, el tambi\u00e9n expresidente Barack Obama afirm\u00f3 que Carter \u00abense\u00f1\u00f3 a todos lo que significa vivir una vida de gracia, dignidad, justicia y servicio\u00bb.<\/p>\n<h2>Macron: \u00ablider\u00f3 sin descanso la lucha por la paz\u00bb     <\/h2>\n<p>En una de las primeras reacciones desde el exterior, el presidente franc\u00e9s, Emmanuel Macron, rindi\u00f3 tributo al legado de Carter al se\u00f1alar que \u00abdefendi\u00f3 los derechos de las personas m\u00e1s vulnerables y lider\u00f3 sin descanso la lucha por la paz\u00bb y envi\u00f3 en nombre de su pa\u00eds los \u00abm\u00e1s sinceros pensamientos a su familia y al pueblo estadounidense\u00bb.<\/p>\n<p>El director de la Organizaci\u00f3n Mundial de la Salud, Tedros Adhanom Ghebreyesus, destac\u00f3 que el trabajo del Centro Carter, una organizaci\u00f3n sin fines de lucro, \u00absalv\u00f3 vidas incontables y ayud\u00f3 a eliminar muchas enfermedades tropicales desatendidas\u00bb.<\/p>\n<p><span data-slot-id=\"Article_InContent-1\" class=\"rich-text-ad\"\/><\/p>\n<h2>Lula record\u00f3 la presi\u00f3n de Carter sobre la dictadura brasile\u00f1a<\/h2>\n<p>El presidente brasile\u00f1o Luiz In\u00e1cio Lula da Silva elogi\u00f3 a Carter como \u00abun amante de la democracia y defensor de la paz\u00bb, y destac\u00f3 su presi\u00f3n sobre la dictadura de Brasil para que liberara a los presos pol\u00edticos.<\/p>\n<figure class=\"placeholder-image master_landscape big\"><img data-format=\"MASTER_LANDSCAPE\" data-id=\"71181957\" data-url=\"https:\/\/static.dw.com\/image\/71181957_${formatId}.jpg\" data-aspect-ratio=\"16\/9\" alt=\"Nelson Mandela, expresidente de Sud\u00e1frica y Nobel de Paz en 1993, fotografiado en Johannesburgo junto al tambi\u00e9n Nobel de Paz 2003 y expresidente de Estados Unidos, Jimmy Carter. (18.07.2007)\" style=\"padding-bottom: 56.25%; height: 0; max-height: 0;\"\/><figcaption class=\"img-caption\">Nelson Mandela, expresidente de Sud\u00e1frica y Nobel de Paz en 1993, fotografiado en Johannesburgo junto al tambi\u00e9n Nobel de Paz 2003 y expresidente de Estados Unidos, Jimmy Carter. (18.07.2007)<small class=\"copyright\">Imagen: Siphiwe Sibeko\/REUTERS<\/small><\/figcaption><\/figure>\n<p>Lula record\u00f3 que Carter \u00abtrabaj\u00f3 con Brasil para mediar en los conflictos en Venezuela y para ayudar a Hait\u00ed\u00bb, y que deja como legado su defensa \u00abde que la paz es la condici\u00f3n m\u00e1s importante para el desarrollo\u00bb.<\/p>\n<h2>Panam\u00e1 recuerda los tiempos complejos resueltos por Carter<\/h2>\n<p>El presidente de Panam\u00e1, Jos\u00e9 Ra\u00fal Mulino, destac\u00f3 el papel crucial del expresidente estadounidense para \u00ablograr negociar y pactar\u00bb la transferencia del canal interoce\u00e1nico a su pa\u00eds.<\/p>\n<p>\u00abSu paso por la Casa Blanca marc\u00f3 tiempos complejos, que para Panam\u00e1 fueron cruciales para lograr negociar y pactar los Tratados Torrijos-Carter en 1977, con los que se logr\u00f3 la transferencia del Canal a manos paname\u00f1as y la plena soberan\u00eda de nuestro pa\u00eds. Paz a su alma\u00bb, indic\u00f3 Mulino en la red X al presentar las \u00abcondolencias\u00bb por el fallecimiento.<\/p>\n<p>En ese sentido, el secretario de Estado de EE.UU., Antony Blinken, destac\u00f3 que a lo largo de d\u00e9cadas de servicio p\u00fablico, Carter, encarn\u00f3 la integridad, la compasi\u00f3n y el compromiso de promover la libertad, la seguridad y el bienestar de los dem\u00e1s.<\/p>\n<p>\u00abCanaliz\u00f3 ese esp\u00edritu en su pol\u00edtica exterior, desde la negociaci\u00f3n de la devoluci\u00f3n del Canal de Panam\u00e1 hasta el desarrollo de acuerdos de control de armas con la Uni\u00f3n Sovi\u00e9tica. Y lo llev\u00f3 a todos sus intercambios y conversaciones, desde jefes de Estado hasta ciudadanos comunes \u00ab, record\u00f3 Blinken en un comunicado.<\/p>\n<p>jc (afp, efe, ap)<\/p>\n<\/p>\n<\/div>\n\n","protected":false},"excerpt":{"rendered":"<p>El presidente de Estados Unidos, Joe Biden, lider\u00f3 los mensajes en homenaje al expresidente estadounidense Jimmy Carter, que falleci\u00f3 este domingo (29.12.2024) a la edad de 100 a\u00f1os. \u00abEstados Unidos y el mundo han perdido a un l\u00edder extraordinario, estadista y humanitario\u00bb, dijo Biden junto con su esposa Jill en un comunicado, en el que &hellip;<\/p>\n","protected":false},"author":1,"featured_media":8375,"comment_status":"open","ping_status":"open","sticky":false,"template":"","format":"standard","meta":{"fifu_image_url":"https:\/\/static.dw.com\/image\/71181969_6.jpg","fifu_image_alt":"","footnotes":""},"categories":[13],"tags":[],"class_list":["post-8374","post","type-post","status-publish","format-standard","has-post-thumbnail","","category-mundo"],"_links":{"self":[{"href":"https:\/\/noticiasveraces.com\/index.php?rest_route=\/wp\/v2\/posts\/8374","targetHints":{"allow":["GET"]}}],"collection":[{"href":"https:\/\/noticiasveraces.com\/index.php?rest_route=\/wp\/v2\/posts"}],"about":[{"href":"https:\/\/noticiasveraces.com\/index.php?rest_route=\/wp\/v2\/types\/post"}],"author":[{"embeddable":true,"href":"https:\/\/noticiasveraces.com\/index.php?rest_route=\/wp\/v2\/users\/1"}],"replies":[{"embeddable":true,"href":"https:\/\/noticiasveraces.com\/index.php?rest_route=%2Fwp%2Fv2%2Fcomments&post=8374"}],"version-history":[{"count":0,"href":"https:\/\/noticiasveraces.com\/index.php?rest_route=\/wp\/v2\/posts\/8374\/revisions"}],"wp:featuredmedia":[{"embeddable":true,"href":"https:\/\/noticiasveraces.com\/index.php?rest_route=\/wp\/v2\/media\/8375"}],"wp:attachment":[{"href":"https:\/\/noticiasveraces.com\/index.php?rest_route=%2Fwp%2Fv2%2Fmedia&parent=8374"}],"wp:term":[{"taxonomy":"category","embeddable":true,"href":"https:\/\/noticiasveraces.com\/index.php?rest_route=%2Fwp%2Fv2%2Fcategories&post=8374"},{"taxonomy":"post_tag","embeddable":true,"href":"https:\/\/noticiasveraces.com\/index.php?rest_route=%2Fwp%2Fv2%2Ftags&post=8374"}],"curies":[{"name":"wp","href":"https:\/\/api.w.org\/{rel}","templated":true}]}}