{"id":8367,"date":"2024-12-30T06:30:47","date_gmt":"2024-12-30T10:30:47","guid":{"rendered":"https:\/\/noticiasveraces.com\/?p=8367"},"modified":"2024-12-30T06:30:47","modified_gmt":"2024-12-30T10:30:47","slug":"nueva-pista-sobre-danos-en-oleoducto-eastlink-2-dw-30-12-2024","status":"publish","type":"post","link":"https:\/\/noticiasveraces.com\/?p=8367","title":{"rendered":"nueva pista sobre da\u00f1os en oleoducto Eastlink 2 \u2013 DW \u2013 30\/12\/2024"},"content":{"rendered":"<p> \n<\/p>\n<div>\n<p>Tras los da\u00f1os sufridos por una l\u00ednea el\u00e9ctrica submarina en el Mar B\u00e1ltico, investigadores finlandeses han encontrado una marca de arrastre en el lecho marino.<\/p>\n<p>\u00abEl rastro tiene decenas de kil\u00f3metros de largo\u00bb, dijo el domingo (29.12.2024) el investigador responsable, Sami Paila. Seg\u00fan sus pesquisas, el petrolero \u00abEagle S\u00bb podr\u00eda haber causado los da\u00f1os arrastrando su ancla por el lecho marino, aunque el ancla misma no ha sido hallada, solo su rastro.<\/p>\n<p>\u00abEl rastro termina donde el buque lev\u00f3 el ancla. Desde ese punto hacia el este hay varias decenas de kil\u00f3metros (de marcas de arrastre), si no alcanzan los cien kil\u00f3metros\u00bb, se\u00f1al\u00f3 Paila, inspectora de la Oficina Nacional de Investigaci\u00f3n de Finlandia ( KRP). <\/p>\n<p>El estudio del fondo marino confirmar\u00eda las sospechas iniciales de que la rotura de los cables fue causada por el petrolero Eagle S, un buque con bandera de las Islas Cook. Seg\u00fan Paila, una de las partes m\u00e1s cr\u00edticas de la investigaci\u00f3n ser\u00e1 determinar si el incidente fue intencionado, lo que constituir\u00eda un acto de sabotaje, y en ese caso habr\u00eda que tratar de averiguar el motivo. A pesar de su bandera de las Islas Cook, el Eagle S est\u00e1 vinculado a la llamada \u00abflota fantasma\u00bb de Rusia. <br \/>Ya hace unos d\u00edas, Alemania se\u00f1al\u00f3 que el presunto sabotaje de un cable submarino entre Estonia y Finlandia por un petrolero ruso constituye \u00abuna llamada de atenci\u00f3n\u00bb que deber\u00eda aplicar nuevas sanciones europeas.<\/p>\n<p><span data-slot-id=\"Article_InContent-1\" class=\"rich-text-ad\"\/><\/p>\n<h2>\u00abDif\u00edcil pensar que sean coincidencias\u00bb<\/h2>\n<p>Las palabras de Baerbock salieron al paso tras un incidente ocurrido el 25 de diciembre, cuando qued\u00f3 interrumpido el flujo de corriente continua EstLink 2 entre Finlandia y Estonia, ambos miembros de la OTAN. R\u00e1pidamente, las sospechas apuntaron a un petrolero procedente de Rusia, el \u00abEagle S\u00bb, interceptado por las autoridades finlandesas. Un mes antes, dos cables de telecomunicaciones fueron cercenados en aguas territoriales suecas, en el mar B\u00e1ltico. <\/p>\n<div class=\"vjs-wrapper embed big\">\n<h2 aria-label=\"Video integrado \u2014 La &quot;flota fantasma&quot;  de Rusia\" class=\"headline\"><svg xmlns=\"http:\/\/www.w3.org\/2000\/svg\" viewbox=\"0 0 20 20\"><g fill-rule=\"evenodd\"><path d=\"M14.114 7.599H13.5l.002 4.706h.601l4.582 3.25-.005-11.11zM11.084 4.444l-9.007.002-1.336.797.002 9.514 1.334.793 9.007.006 1.509-.799-.004-9.516z\"\/><\/g><\/svg>La \u00abflota fantasma\u00bb de Rusia<\/h2>\n<p><video id=\"video-68811836\" controls=\"\" playsinline=\"\" preload=\"none\" poster=\"data:image\/png;base64,iVBORw0KGgoAAAANSUhEUgAAAAEAAAABCAQAAAC1HAwCAAAAC0lEQVR42mNkYAAAAAYAAjCB0C8AAAAASUVORK5CYII=\" data-id=\"68811836\" data-posterurl=\"https:\/\/static.dw.com\/image\/69105334_605.webp\" data-duration=\"13:50\"><source src=\"https:\/\/hlsvod.dw.com\/i\/dwtv_video\/flv\/js\/js20240413_PlazaFrancfort_,AVC_480x270,AVC_512x288,AVC_640x360,AVC_960x540,AVC_1280x720,AVC_1920x1080,.mp4.csmil\/master.m3u8\" type=\"application\/x-mpegURL\"><source src=\"https:\/\/tvdownloaddw-a.akamaihd.net\/dwtv_video\/flv\/js\/js20240413_PlazaFrancfort_AVC_1920x1080.mp4\" type=\"video\/mp4\"><p class=\"vjs-no-js\">Para ver este video, habilite JavaScript y considere actualizar a un navegador web que admita videos HTML5.<\/p>\n<p><\/source><\/source><\/video><\/div>\n<p>\u00abHay nav\u00edos da\u00f1ando cables submarinos esenciales casi una vez al mes\u00bb, declar\u00f3 entonces al respecto Annalena Baerbock, ministra alemana de Exteriores. \u00abLas tripulaciones dejan las anclas en el agua, arrastr\u00e1ndolas por el fondo marino sin raz\u00f3n aparente, y las pierden al subirlas\u00bb, a\u00f1adi\u00f3. \u00abEs dif\u00edcil pensar que sean coincidencias. Es una llamada de atenci\u00f3n urgente para todos nosotros\u00bb, recalc\u00f3. <\/p>\n<p>Seg\u00fan las autoridades finlandesas, el buque ruso interceptado forma parte de la flota rusa en la sombra, que los dirigentes de Mosc\u00fa utilizan para eludir las sanciones occidentales en relaci\u00f3n con la guerra de Ucrania. MS (dpa\/Reuters\/efe\/afp) <\/p>\n<\/div>\n\n","protected":false},"excerpt":{"rendered":"<p>Tras los da\u00f1os sufridos por una l\u00ednea el\u00e9ctrica submarina en el Mar B\u00e1ltico, investigadores finlandeses han encontrado una marca de arrastre en el lecho marino. \u00abEl rastro tiene decenas de kil\u00f3metros de largo\u00bb, dijo el domingo (29.12.2024) el investigador responsable, Sami Paila. Seg\u00fan sus pesquisas, el petrolero \u00abEagle S\u00bb podr\u00eda haber causado los da\u00f1os arrastrando &hellip;<\/p>\n","protected":false},"author":1,"featured_media":8368,"comment_status":"open","ping_status":"open","sticky":false,"template":"","format":"standard","meta":{"fifu_image_url":"https:\/\/static.dw.com\/image\/71184211_6.jpg","fifu_image_alt":"","footnotes":""},"categories":[13],"tags":[],"class_list":["post-8367","post","type-post","status-publish","format-standard","has-post-thumbnail","","category-mundo"],"_links":{"self":[{"href":"https:\/\/noticiasveraces.com\/index.php?rest_route=\/wp\/v2\/posts\/8367","targetHints":{"allow":["GET"]}}],"collection":[{"href":"https:\/\/noticiasveraces.com\/index.php?rest_route=\/wp\/v2\/posts"}],"about":[{"href":"https:\/\/noticiasveraces.com\/index.php?rest_route=\/wp\/v2\/types\/post"}],"author":[{"embeddable":true,"href":"https:\/\/noticiasveraces.com\/index.php?rest_route=\/wp\/v2\/users\/1"}],"replies":[{"embeddable":true,"href":"https:\/\/noticiasveraces.com\/index.php?rest_route=%2Fwp%2Fv2%2Fcomments&post=8367"}],"version-history":[{"count":0,"href":"https:\/\/noticiasveraces.com\/index.php?rest_route=\/wp\/v2\/posts\/8367\/revisions"}],"wp:featuredmedia":[{"embeddable":true,"href":"https:\/\/noticiasveraces.com\/index.php?rest_route=\/wp\/v2\/media\/8368"}],"wp:attachment":[{"href":"https:\/\/noticiasveraces.com\/index.php?rest_route=%2Fwp%2Fv2%2Fmedia&parent=8367"}],"wp:term":[{"taxonomy":"category","embeddable":true,"href":"https:\/\/noticiasveraces.com\/index.php?rest_route=%2Fwp%2Fv2%2Fcategories&post=8367"},{"taxonomy":"post_tag","embeddable":true,"href":"https:\/\/noticiasveraces.com\/index.php?rest_route=%2Fwp%2Fv2%2Ftags&post=8367"}],"curies":[{"name":"wp","href":"https:\/\/api.w.org\/{rel}","templated":true}]}}