{"id":8341,"date":"2024-12-30T00:09:22","date_gmt":"2024-12-30T04:09:22","guid":{"rendered":"https:\/\/noticiasveraces.com\/?p=8341"},"modified":"2024-12-30T00:09:22","modified_gmt":"2024-12-30T04:09:22","slug":"biden-anuncia-funerales-de-estado-para-jimmy-carter-dw-30-12-2024","status":"publish","type":"post","link":"https:\/\/noticiasveraces.com\/?p=8341","title":{"rendered":"Biden anuncia funerales de Estado para Jimmy Carter \u2013 DW \u2013 30\/12\/2024"},"content":{"rendered":"<p> \n<\/p>\n<div>\n<p>El presidente de Estados Unidos, Joe Biden, anunci\u00f3 este domingo que honrar\u00e1 la memoria del exmandatario Jimmy Carter con un funeral de estado en Washington, antes del 20 de enero, fecha en que dar\u00e1 el relevo a su sucesor Donald Trump al frente de la Casa. Blanca.<\/p>\n<p>\u00abMi equipo est\u00e1 trabajando con su familia y con otros para asegurarse de que se lo recuerden adecuadamente\u00bb, indic\u00f3 Biden desde las Islas V\u00edrgenes.<\/p>\n<p>Carter, quien falleci\u00f3 este domingo a los 100 a\u00f1os de edad, ser\u00e1 honrado en ceremonias p\u00fablicas en la ciudad de Washington y en su nativo estado de Georgia, seg\u00fan inform\u00f3 el Centro Carter.<\/p>\n<p>La instituci\u00f3n de la familia Carter no detall\u00f3 por ahora las fechas de estos tributos al expresidente, electo en 1976 y ganador del Premio Nobel de la Paz en 2002.<\/p>\n<p>Seg\u00fan el Centro Carter, el exmandatario dem\u00f3crata ser\u00e1 enterrado en Plains (Georgia), donde falleci\u00f3 rodeado de su familia.<\/p>\n<p>Los preparativos finales para el funeral de estado del presidente Carter, incluidos todos los eventos p\u00fablicos y las rutas de la caravana, a\u00fan est\u00e1n pendientes, indic\u00f3 la instituci\u00f3n. El cronograma ser\u00e1 publicado por la Fuerza de Tarea Conjunta de la Regi\u00f3n de la Capital Nacional.<\/p>\n<p>En 2023, el presidente Biden dijo que Carter le hab\u00eda pedido al presidente en funciones que pronunciara su paneg\u00edrico cuando llegara el momento.<\/p>\n<p>El presidente estadounidense m\u00e1s longevo en la historia de Estados Unidos recibi\u00f3 desde hace casi un a\u00f1o cuidados paliativos en su casa de Plains, estado de Georgia, la misma peque\u00f1a ciudad donde naci\u00f3 y administr\u00f3 una granja de man\u00ed antes de ser electo gobernador y luego presidente.<\/p>\n<p>Muri\u00f3 \u00abpac\u00edficamente (&#8230;) rodeado de su familia\u00bb, dijo el Centro Carter en un comunicado.<\/p>\n<p>Carter hab\u00eda recibido tratamiento por una forma agresiva de c\u00e1ncer de piel tipo melanoma, con tumores que se hab\u00edan extendido al h\u00edgado y al cerebro.<\/p>\n<p>\u00abMi padre fue un h\u00e9roe, no solo para m\u00ed sino para todos los que creen en la paz, los derechos humanos y el amor desinteresado\u00bb, dijo en el comunicado Chip Carter, el hijo del expresidente.<\/p>\n<p>jc (efe, afp, ap)<\/p>\n<\/p>\n<\/div>\n\n","protected":false},"excerpt":{"rendered":"<p>El presidente de Estados Unidos, Joe Biden, anunci\u00f3 este domingo que honrar\u00e1 la memoria del exmandatario Jimmy Carter con un funeral de estado en Washington, antes del 20 de enero, fecha en que dar\u00e1 el relevo a su sucesor Donald Trump al frente de la Casa. Blanca. \u00abMi equipo est\u00e1 trabajando con su familia y &hellip;<\/p>\n","protected":false},"author":1,"featured_media":8342,"comment_status":"open","ping_status":"open","sticky":false,"template":"","format":"standard","meta":{"fifu_image_url":"https:\/\/static.dw.com\/image\/71182072_6.jpg","fifu_image_alt":"","footnotes":""},"categories":[13],"tags":[],"class_list":["post-8341","post","type-post","status-publish","format-standard","has-post-thumbnail","","category-mundo"],"_links":{"self":[{"href":"https:\/\/noticiasveraces.com\/index.php?rest_route=\/wp\/v2\/posts\/8341","targetHints":{"allow":["GET"]}}],"collection":[{"href":"https:\/\/noticiasveraces.com\/index.php?rest_route=\/wp\/v2\/posts"}],"about":[{"href":"https:\/\/noticiasveraces.com\/index.php?rest_route=\/wp\/v2\/types\/post"}],"author":[{"embeddable":true,"href":"https:\/\/noticiasveraces.com\/index.php?rest_route=\/wp\/v2\/users\/1"}],"replies":[{"embeddable":true,"href":"https:\/\/noticiasveraces.com\/index.php?rest_route=%2Fwp%2Fv2%2Fcomments&post=8341"}],"version-history":[{"count":0,"href":"https:\/\/noticiasveraces.com\/index.php?rest_route=\/wp\/v2\/posts\/8341\/revisions"}],"wp:featuredmedia":[{"embeddable":true,"href":"https:\/\/noticiasveraces.com\/index.php?rest_route=\/wp\/v2\/media\/8342"}],"wp:attachment":[{"href":"https:\/\/noticiasveraces.com\/index.php?rest_route=%2Fwp%2Fv2%2Fmedia&parent=8341"}],"wp:term":[{"taxonomy":"category","embeddable":true,"href":"https:\/\/noticiasveraces.com\/index.php?rest_route=%2Fwp%2Fv2%2Fcategories&post=8341"},{"taxonomy":"post_tag","embeddable":true,"href":"https:\/\/noticiasveraces.com\/index.php?rest_route=%2Fwp%2Fv2%2Ftags&post=8341"}],"curies":[{"name":"wp","href":"https:\/\/api.w.org\/{rel}","templated":true}]}}