{"id":8329,"date":"2024-12-29T22:00:10","date_gmt":"2024-12-30T02:00:10","guid":{"rendered":"https:\/\/noticiasveraces.com\/?p=8329"},"modified":"2024-12-29T22:00:10","modified_gmt":"2024-12-30T02:00:10","slug":"el-gobierno-de-estados-unidos-designa-formalmente-a-un-maestro-estadounidense-encarcelado-en-rusia-como-detenido-injustamente","status":"publish","type":"post","link":"https:\/\/noticiasveraces.com\/?p=8329","title":{"rendered":"El gobierno de Estados Unidos designa formalmente a un maestro estadounidense encarcelado en Rusia como detenido injustamente"},"content":{"rendered":"<p> \n<\/p>\n<div>\n<p class=\"speakable\">El Departamento de Estado anunci\u00f3 que un maestro estadounidense arrestado en un aeropuerto ruso por cargos de drogas hace m\u00e1s de tres a\u00f1os ha sido designado como detenido injustamente por el gobierno de Estados Unidos.<\/p>\n<p class=\"speakable\">Marc Fogel, profesor de historia de Pensilvania, cumple una condena de 14 a\u00f1os de prisi\u00f3n tras su arresto en agosto de 2021 en un aeropuerto ruso por estar en posesi\u00f3n de drogas, que seg\u00fan su familia y sus seguidores eran marihuana recetada m\u00e9dicamente.<\/p>\n<p>Fogel qued\u00f3 fuera de un intercambio masivo de prisioneros en agosto que liber\u00f3 a varios estadounidenses, incluido el periodista del Wall Street Journal Evan Gershkovich y el ejecutivo de seguridad corporativa Paul Whelan.<\/p>\n<p><strong>CIUDADANO ESTADOUNIDENSE ENCARCELADO EN RUSIA DICE UNA NUEVA SENTENCIA DE 15 A\u00d1OS A TRAV\u00c9S DE UNA CONDENA POR ESPIONAJE<\/strong><\/p>\n<div class=\"image-ct inline\">\n<div class=\"m\"><picture><source media=\"(max-width: 767px)\" srcset=\"https:\/\/a57.foxnews.com\/static.foxnews.com\/foxnews.com\/content\/uploads\/2024\/12\/343\/192\/marcfamily.png?ve=1&amp;tl=1, https:\/\/a57.foxnews.com\/static.foxnews.com\/foxnews.com\/content\/uploads\/2024\/12\/686\/384\/marcfamily.png?ve=1&amp;tl=1 2x\" height=\"192\" width=\"343\"><source media=\"(min-width: 768px) and (max-width: 1023px)\" srcset=\"https:\/\/a57.foxnews.com\/static.foxnews.com\/foxnews.com\/content\/uploads\/2024\/12\/672\/378\/marcfamily.png?ve=1&amp;tl=1, https:\/\/a57.foxnews.com\/static.foxnews.com\/foxnews.com\/content\/uploads\/2024\/12\/1344\/756\/marcfamily.png?ve=1&amp;tl=1 2x\" height=\"378\" width=\"672\"><source media=\"(min-width: 1024px) and (max-width: 1279px)\" srcset=\"https:\/\/a57.foxnews.com\/static.foxnews.com\/foxnews.com\/content\/uploads\/2024\/12\/931\/523\/marcfamily.png?ve=1&amp;tl=1, https:\/\/a57.foxnews.com\/static.foxnews.com\/foxnews.com\/content\/uploads\/2024\/12\/1862\/1046\/marcfamily.png?ve=1&amp;tl=1 2x\" height=\"523\" width=\"931\"><source media=\"(min-width: 1280px)\" srcset=\"https:\/\/a57.foxnews.com\/static.foxnews.com\/foxnews.com\/content\/uploads\/2024\/12\/720\/405\/marcfamily.png?ve=1&amp;tl=1, https:\/\/a57.foxnews.com\/static.foxnews.com\/foxnews.com\/content\/uploads\/2024\/12\/1440\/810\/marcfamily.png?ve=1&amp;tl=1 2x\" height=\"405\" width=\"720\"><img loading=\"lazy\" decoding=\"async\" src=\"https:\/\/a57.foxnews.com\/static.foxnews.com\/foxnews.com\/content\/uploads\/2024\/12\/1200\/675\/marcfamily.png?ve=1&amp;tl=1\" alt=\"Familiares de Marc Fogel en un mitin frente a la Casa Blanca\" width=\"1200\" height=\"675\"\/><\/source><\/source><\/source><\/source><\/picture><\/div>\n<div class=\"info\">\n<div class=\"caption\">\n<p><span>Lisa Hyland, izquierda, y otros familiares de Marc Fogel, detenido en Rusia desde agosto de 2021, se manifiestan frente a la Casa Blanca para pedir su liberaci\u00f3n, el 15 de julio de 2023, en Washington.<\/span> <span>(AP)<\/span><\/p>\n<\/div>\n<\/div>\n<\/div>\n<p>Despu\u00e9s del intercambio de prisioneros, que tambi\u00e9n liber\u00f3 a una docena de ciudadanos alemanes, los abogados de la familia de Fogel presionaron nuevamente para que la administraci\u00f3n Biden trabajara para garantizar su libertad, incluso design\u00e1ndolo como detenido injustamente.<\/p>\n<p>El Departamento de Estado considera varios factores al elegir si designar a un estadounidense encarcelado en un pa\u00eds extranjero como detenido injustamente, como por ejemplo si hay informaci\u00f3n cre\u00edble de que la persona es inocente o si est\u00e1 detenido principalmente para influir en la pol\u00edtica estadounidense o obtener concesiones del gobierno. Gobierno de Estados Unidos.<\/p>\n<p>\u00abEstados Unidos ha estado trabajando para asegurar la liberaci\u00f3n de Marc Fogel desde hace alg\u00fan tiempo\u00bb, dijo el Departamento de Estado en un comunicado. \u00abHace mucho que pedimos su liberaci\u00f3n humanitaria y tratamos de incluirlo en el acuerdo del 1 de agosto, pero no pudimos. El secretario determin\u00f3 que Marc fue detenido injustamente en octubre\u00bb.<\/p>\n<p><strong>EL REPRESENTANTE DEL GOP PRESENTA LA &#8216;LEY MARC FOGEL&#8217; BIPARTIDISTA QUE IMPULSA AL DEPARTAMENTO DE ESTADO PARA OBTENER RESPUESTAS SOBRE LOS ESTADOUNIDENSES ENCARCELADOS EN EL EXTRANJERO<\/strong><\/p>\n<div class=\"image-ct inline\">\n<div class=\"m\"><picture><source media=\"(max-width: 767px)\" srcset=\"https:\/\/a57.foxnews.com\/static.foxnews.com\/foxnews.com\/content\/uploads\/2023\/06\/343\/192\/Collage-Maker-27-Jun-2023-03-39-PM-8858.jpg?ve=1&amp;tl=1, https:\/\/a57.foxnews.com\/static.foxnews.com\/foxnews.com\/content\/uploads\/2023\/06\/686\/384\/Collage-Maker-27-Jun-2023-03-39-PM-8858.jpg?ve=1&amp;tl=1 2x\" height=\"192\" width=\"343\"><source media=\"(min-width: 768px) and (max-width: 1023px)\" srcset=\"https:\/\/a57.foxnews.com\/static.foxnews.com\/foxnews.com\/content\/uploads\/2023\/06\/672\/378\/Collage-Maker-27-Jun-2023-03-39-PM-8858.jpg?ve=1&amp;tl=1, https:\/\/a57.foxnews.com\/static.foxnews.com\/foxnews.com\/content\/uploads\/2023\/06\/1344\/756\/Collage-Maker-27-Jun-2023-03-39-PM-8858.jpg?ve=1&amp;tl=1 2x\" height=\"378\" width=\"672\"><source media=\"(min-width: 1024px) and (max-width: 1279px)\" srcset=\"https:\/\/a57.foxnews.com\/static.foxnews.com\/foxnews.com\/content\/uploads\/2023\/06\/931\/523\/Collage-Maker-27-Jun-2023-03-39-PM-8858.jpg?ve=1&amp;tl=1, https:\/\/a57.foxnews.com\/static.foxnews.com\/foxnews.com\/content\/uploads\/2023\/06\/1862\/1046\/Collage-Maker-27-Jun-2023-03-39-PM-8858.jpg?ve=1&amp;tl=1 2x\" height=\"523\" width=\"931\"><source media=\"(min-width: 1280px)\" srcset=\"https:\/\/a57.foxnews.com\/static.foxnews.com\/foxnews.com\/content\/uploads\/2023\/06\/720\/405\/Collage-Maker-27-Jun-2023-03-39-PM-8858.jpg?ve=1&amp;tl=1, https:\/\/a57.foxnews.com\/static.foxnews.com\/foxnews.com\/content\/uploads\/2023\/06\/1440\/810\/Collage-Maker-27-Jun-2023-03-39-PM-8858.jpg?ve=1&amp;tl=1 2x\" height=\"405\" width=\"720\"><img loading=\"lazy\" decoding=\"async\" src=\"https:\/\/a57.foxnews.com\/static.foxnews.com\/foxnews.com\/content\/uploads\/2023\/06\/1200\/675\/Collage-Maker-27-Jun-2023-03-39-PM-8858.jpg?ve=1&amp;tl=1\" alt=\"Secretario de Estado Antony Blinken y Marc Fogel \" width=\"1200\" height=\"675\"\/><\/source><\/source><\/source><\/source><\/picture><\/div>\n<div class=\"info\">\n<div class=\"caption\">\n<p><span>El secretario de Estado, Antony Blinken, determin\u00f3 en octubre que Marc Fogel fue detenido injustamente, seg\u00fan el Departamento de Estado. <\/span> <span>(Fotos cortes\u00eda de Ellen Keelan y Lisa Hyland)<\/span><\/p>\n<\/div>\n<\/div>\n<\/div>\n<p>Designar a alguien como detenido injustamente tradicionalmente traslada la supervisi\u00f3n de su caso a la oficina del Enviado Presidencial Especial para Asuntos de Rehenes, que est\u00e1 dentro del Departamento de Estado y se concentra en negociar la liberaci\u00f3n de rehenes y otros estadounidenses clasificados como detenidos injustamente en pa\u00edses extranjeros.<\/p>\n<p>La esposa de Fogel, Jane, y sus hijos, Ethan y Sam, dijeron en un comunicado que estaban agradecidos de que el Departamento de Estado \u00abfinalmente haya reconocido lo que hemos sabido desde el principio: que nuestro esposo y padre, Marc Fogel, ha sido y sigue siendo injustamente detenido.\u00bb<\/p>\n<p><strong>RUSIA DETIENE A UN SOSPECHOSO ACUSADO DE MATAR A UN GENERAL DE ALTO RANGO EN MOSC\u00da<\/strong><\/p>\n<div class=\"image-ct inline\">\n<div class=\"m\"><picture><source media=\"(max-width: 767px)\" srcset=\"https:\/\/a57.foxnews.com\/static.foxnews.com\/foxnews.com\/content\/uploads\/2023\/11\/343\/192\/State-Department-building.jpg?ve=1&amp;tl=1, https:\/\/a57.foxnews.com\/static.foxnews.com\/foxnews.com\/content\/uploads\/2023\/11\/686\/384\/State-Department-building.jpg?ve=1&amp;tl=1 2x\" height=\"192\" width=\"343\"><source media=\"(min-width: 768px) and (max-width: 1023px)\" srcset=\"https:\/\/a57.foxnews.com\/static.foxnews.com\/foxnews.com\/content\/uploads\/2023\/11\/672\/378\/State-Department-building.jpg?ve=1&amp;tl=1, https:\/\/a57.foxnews.com\/static.foxnews.com\/foxnews.com\/content\/uploads\/2023\/11\/1344\/756\/State-Department-building.jpg?ve=1&amp;tl=1 2x\" height=\"378\" width=\"672\"><source media=\"(min-width: 1024px) and (max-width: 1279px)\" srcset=\"https:\/\/a57.foxnews.com\/static.foxnews.com\/foxnews.com\/content\/uploads\/2023\/11\/931\/523\/State-Department-building.jpg?ve=1&amp;tl=1, https:\/\/a57.foxnews.com\/static.foxnews.com\/foxnews.com\/content\/uploads\/2023\/11\/1862\/1046\/State-Department-building.jpg?ve=1&amp;tl=1 2x\" height=\"523\" width=\"931\"><source media=\"(min-width: 1280px)\" srcset=\"https:\/\/a57.foxnews.com\/static.foxnews.com\/foxnews.com\/content\/uploads\/2023\/11\/720\/405\/State-Department-building.jpg?ve=1&amp;tl=1, https:\/\/a57.foxnews.com\/static.foxnews.com\/foxnews.com\/content\/uploads\/2023\/11\/1440\/810\/State-Department-building.jpg?ve=1&amp;tl=1 2x\" height=\"405\" width=\"720\"><img loading=\"lazy\" decoding=\"async\" src=\"https:\/\/a57.foxnews.com\/static.foxnews.com\/foxnews.com\/content\/uploads\/2023\/11\/1200\/675\/State-Department-building.jpg?ve=1&amp;tl=1\" alt=\"Un cartel fuera del edificio del Departamento de Estado.\" width=\"1200\" height=\"675\"\/><\/source><\/source><\/source><\/source><\/picture><\/div>\n<div class=\"info\">\n<div class=\"caption\">\n<p><span>El exterior del complejo del Departamento de Estado se ve el 14 de marzo de 2023 en Washington, DC.<\/span> <span>(Nathan Posner\/Agencia Anadolu v\u00eda Getty Images)<\/span><\/p>\n<\/div>\n<\/div>\n<\/div>\n<p><strong><u>HAGA CLIC AQU\u00cd PARA OBTENER LA APLICACI\u00d3N FOX NEWS<\/u><\/strong><\/p>\n<p>\u00abAhora que contamos con toda la fuerza del gobierno de Estados Unidos detr\u00e1s de nosotros, debemos hacer todo lo que est\u00e9 a nuestro alcance para traer a Marc a casa lo m\u00e1s r\u00e1pido y seguro posible\u00bb, continu\u00f3 la familia.<\/p>\n<p><i>La Prensa Asociada contribuy\u00f3 a este informe.<\/i><\/p>\n<\/p><\/div>\n\n","protected":false},"excerpt":{"rendered":"<p>El Departamento de Estado anunci\u00f3 que un maestro estadounidense arrestado en un aeropuerto ruso por cargos de drogas hace m\u00e1s de tres a\u00f1os ha sido designado como detenido injustamente por el gobierno de Estados Unidos. Marc Fogel, profesor de historia de Pensilvania, cumple una condena de 14 a\u00f1os de prisi\u00f3n tras su arresto en agosto &hellip;<\/p>\n","protected":false},"author":1,"featured_media":8331,"comment_status":"open","ping_status":"open","sticky":false,"template":"","format":"standard","meta":{"fifu_image_url":"https:\/\/static.foxnews.com\/foxnews.com\/content\/uploads\/2024\/12\/marcfamily.png","fifu_image_alt":"","footnotes":""},"categories":[13],"tags":[],"class_list":["post-8329","post","type-post","status-publish","format-standard","has-post-thumbnail","","category-mundo"],"_links":{"self":[{"href":"https:\/\/noticiasveraces.com\/index.php?rest_route=\/wp\/v2\/posts\/8329","targetHints":{"allow":["GET"]}}],"collection":[{"href":"https:\/\/noticiasveraces.com\/index.php?rest_route=\/wp\/v2\/posts"}],"about":[{"href":"https:\/\/noticiasveraces.com\/index.php?rest_route=\/wp\/v2\/types\/post"}],"author":[{"embeddable":true,"href":"https:\/\/noticiasveraces.com\/index.php?rest_route=\/wp\/v2\/users\/1"}],"replies":[{"embeddable":true,"href":"https:\/\/noticiasveraces.com\/index.php?rest_route=%2Fwp%2Fv2%2Fcomments&post=8329"}],"version-history":[{"count":0,"href":"https:\/\/noticiasveraces.com\/index.php?rest_route=\/wp\/v2\/posts\/8329\/revisions"}],"wp:featuredmedia":[{"embeddable":true,"href":"https:\/\/noticiasveraces.com\/index.php?rest_route=\/wp\/v2\/media\/8331"}],"wp:attachment":[{"href":"https:\/\/noticiasveraces.com\/index.php?rest_route=%2Fwp%2Fv2%2Fmedia&parent=8329"}],"wp:term":[{"taxonomy":"category","embeddable":true,"href":"https:\/\/noticiasveraces.com\/index.php?rest_route=%2Fwp%2Fv2%2Fcategories&post=8329"},{"taxonomy":"post_tag","embeddable":true,"href":"https:\/\/noticiasveraces.com\/index.php?rest_route=%2Fwp%2Fv2%2Ftags&post=8329"}],"curies":[{"name":"wp","href":"https:\/\/api.w.org\/{rel}","templated":true}]}}