{"id":8317,"date":"2024-12-29T19:49:16","date_gmt":"2024-12-29T23:49:16","guid":{"rendered":"https:\/\/noticiasveraces.com\/?p=8317"},"modified":"2024-12-29T19:49:16","modified_gmt":"2024-12-29T23:49:16","slug":"benjamin-netanyahu-se-somete-con-exito-a-una-importante-cirugia-de-prostata-tras-ser-diagnosticado-con-una-infeccion-urinaria","status":"publish","type":"post","link":"https:\/\/noticiasveraces.com\/?p=8317","title":{"rendered":"Benjamin Netanyahu se somete con \u00e9xito a una importante cirug\u00eda de pr\u00f3stata tras ser diagnosticado con una infecci\u00f3n urinaria"},"content":{"rendered":"<p> \n<\/p>\n<div>\n<p class=\"speakable\">El primer ministro israel\u00ed, Benjamin Netanyahu, se someti\u00f3 con \u00e9xito a una cirug\u00eda el domingo, seg\u00fan se enter\u00f3 Fox News.<\/p>\n<p class=\"speakable\">Al l\u00edder israel\u00ed le extirparon la pr\u00f3stata despu\u00e9s de sufrir una infecci\u00f3n del tracto urinario, que supuestamente \u00abse debi\u00f3 a un agrandamiento benigno de su pr\u00f3stata\u00bb, seg\u00fan la oficina de Netanyahu.<\/p>\n<p>El domingo, la oficina de Netanyahu anunci\u00f3 que la cirug\u00eda \u00abfinaliz\u00f3 con \u00e9xito y sin complicaciones\u00bb.<\/p>\n<p>\u00abEl primer ministro se despert\u00f3 de la anestesia; su estado era bueno y estaba plenamente consciente\u00bb, se lee en el comunicado, traducido del hebreo al ingl\u00e9s. \u00abEl Primer Ministro ha sido trasladado ahora a una unidad de recuperaci\u00f3n subterr\u00e1nea segura. Se espera que permanezca en el hospital en observaci\u00f3n en los pr\u00f3ximos d\u00edas\u00bb.<\/p>\n<p><strong>NUEVA OPCI\u00d3N DE TRATAMIENTO DISPONIBLE PARA LA CONDICI\u00d3N DE PR\u00d3STATA<\/strong><\/p>\n<div class=\"image-ct inline\">\n<div class=\"m\"><picture><source media=\"(max-width: 767px)\" srcset=\"https:\/\/a57.foxnews.com\/static.foxnews.com\/foxnews.com\/content\/uploads\/2024\/12\/343\/192\/benjamin-netanyahu.jpg?ve=1&amp;tl=1, https:\/\/a57.foxnews.com\/static.foxnews.com\/foxnews.com\/content\/uploads\/2024\/12\/686\/384\/benjamin-netanyahu.jpg?ve=1&amp;tl=1 2x\" height=\"192\" width=\"343\"><source media=\"(min-width: 768px) and (max-width: 1023px)\" srcset=\"https:\/\/a57.foxnews.com\/static.foxnews.com\/foxnews.com\/content\/uploads\/2024\/12\/672\/378\/benjamin-netanyahu.jpg?ve=1&amp;tl=1, https:\/\/a57.foxnews.com\/static.foxnews.com\/foxnews.com\/content\/uploads\/2024\/12\/1344\/756\/benjamin-netanyahu.jpg?ve=1&amp;tl=1 2x\" height=\"378\" width=\"672\"><source media=\"(min-width: 1024px) and (max-width: 1279px)\" srcset=\"https:\/\/a57.foxnews.com\/static.foxnews.com\/foxnews.com\/content\/uploads\/2024\/12\/931\/523\/benjamin-netanyahu.jpg?ve=1&amp;tl=1, https:\/\/a57.foxnews.com\/static.foxnews.com\/foxnews.com\/content\/uploads\/2024\/12\/1862\/1046\/benjamin-netanyahu.jpg?ve=1&amp;tl=1 2x\" height=\"523\" width=\"931\"><source media=\"(min-width: 1280px)\" srcset=\"https:\/\/a57.foxnews.com\/static.foxnews.com\/foxnews.com\/content\/uploads\/2024\/12\/720\/405\/benjamin-netanyahu.jpg?ve=1&amp;tl=1, https:\/\/a57.foxnews.com\/static.foxnews.com\/foxnews.com\/content\/uploads\/2024\/12\/1440\/810\/benjamin-netanyahu.jpg?ve=1&amp;tl=1 2x\" height=\"405\" width=\"720\"><img loading=\"lazy\" decoding=\"async\" src=\"https:\/\/a57.foxnews.com\/static.foxnews.com\/foxnews.com\/content\/uploads\/2024\/12\/1200\/675\/benjamin-netanyahu.jpg?ve=1&amp;tl=1\" alt=\"Habla el primer ministro israel\u00ed Netanyahu\" width=\"1200\" height=\"675\"\/><\/source><\/source><\/source><\/source><\/picture><\/div>\n<div class=\"info\">\n<div class=\"caption\">\n<p><span>El primer ministro israel\u00ed, Benjamin Netanyahu, hace una declaraci\u00f3n televisada el 26 de noviembre en Jerusal\u00e9n, Israel. <\/span> <span>(Oficina de Prensa del Gobierno de Israel v\u00eda AP)<\/span><\/p>\n<\/div>\n<\/div>\n<\/div>\n<p>\u00abEl primer ministro quiso agradecer al dedicado equipo de m\u00e9dicos que lo operaron\u00bb.<\/p>\n<p>El l\u00edder israel\u00ed se ha sometido a varios procedimientos de salud en los \u00faltimos dos a\u00f1os. En marzo, Netanyahu se someti\u00f3 a una cirug\u00eda de hernia bajo anestesia total, y el viceprimer ministro Yariv Levin asumi\u00f3 temporalmente su cargo durante el proceso.<\/p>\n<p>Meses antes de los ataques del 7 de octubre, Netanyahu sufri\u00f3 deshidrataci\u00f3n y fue ingresado en un hospital en julio de 2023. El l\u00edder israel\u00ed dijo que se deshidrat\u00f3 despu\u00e9s de visitar el Mar de Galilea sin agua ni protecci\u00f3n solar durante una ola de calor.<\/p>\n<p>Una semana despu\u00e9s de ser ingresado por deshidrataci\u00f3n, los m\u00e9dicos de Netanyahu le implantaron un marcapasos para regular su frecuencia y ritmo card\u00edaco.<\/p>\n<p><strong><u>NETANYAHU ADVIERTE A LOS HUT\u00cdES EN MEDIO DE LLAMADOS A ISRAEL PARA ELIMINAR EL LIDERAZGO TERRORISTA COMO LO HIZO CON NASRALLAH Y SINWAR<\/u><\/strong><\/p>\n<div class=\"image-ct inline\">\n<div class=\"m\"><picture><source media=\"(max-width: 767px)\" srcset=\"https:\/\/a57.foxnews.com\/static.foxnews.com\/foxnews.com\/content\/uploads\/2024\/09\/343\/192\/GettyImages-2169352575.jpg?ve=1&amp;tl=1, https:\/\/a57.foxnews.com\/static.foxnews.com\/foxnews.com\/content\/uploads\/2024\/09\/686\/384\/GettyImages-2169352575.jpg?ve=1&amp;tl=1 2x\" height=\"192\" width=\"343\"><source media=\"(min-width: 768px) and (max-width: 1023px)\" srcset=\"https:\/\/a57.foxnews.com\/static.foxnews.com\/foxnews.com\/content\/uploads\/2024\/09\/672\/378\/GettyImages-2169352575.jpg?ve=1&amp;tl=1, https:\/\/a57.foxnews.com\/static.foxnews.com\/foxnews.com\/content\/uploads\/2024\/09\/1344\/756\/GettyImages-2169352575.jpg?ve=1&amp;tl=1 2x\" height=\"378\" width=\"672\"><source media=\"(min-width: 1024px) and (max-width: 1279px)\" srcset=\"https:\/\/a57.foxnews.com\/static.foxnews.com\/foxnews.com\/content\/uploads\/2024\/09\/931\/523\/GettyImages-2169352575.jpg?ve=1&amp;tl=1, https:\/\/a57.foxnews.com\/static.foxnews.com\/foxnews.com\/content\/uploads\/2024\/09\/1862\/1046\/GettyImages-2169352575.jpg?ve=1&amp;tl=1 2x\" height=\"523\" width=\"931\"><source media=\"(min-width: 1280px)\" srcset=\"https:\/\/a57.foxnews.com\/static.foxnews.com\/foxnews.com\/content\/uploads\/2024\/09\/720\/405\/GettyImages-2169352575.jpg?ve=1&amp;tl=1, https:\/\/a57.foxnews.com\/static.foxnews.com\/foxnews.com\/content\/uploads\/2024\/09\/1440\/810\/GettyImages-2169352575.jpg?ve=1&amp;tl=1 2x\" height=\"405\" width=\"720\"><img loading=\"lazy\" decoding=\"async\" src=\"https:\/\/a57.foxnews.com\/static.foxnews.com\/foxnews.com\/content\/uploads\/2024\/09\/1200\/675\/GettyImages-2169352575.jpg?ve=1&amp;tl=1\" alt=\"Netanyahu en conferencia de prensa\" width=\"1200\" height=\"675\"\/><\/source><\/source><\/source><\/source><\/picture><\/div>\n<div class=\"info\">\n<div class=\"caption\">\n<p><span>El primer ministro israel\u00ed, Benjamin Netanyahu, habla durante una conferencia de prensa en Jerusal\u00e9n el 2 de septiembre de 2024. <\/span> <span>(OHAD ZWIGENBERG\/POOL\/AFP v\u00eda Getty Images)<\/span><\/p>\n<\/div>\n<\/div>\n<\/div>\n<p>\u00abHace una semana, me colocaron un dispositivo de monitoreo. Ese dispositivo son\u00f3 esta tarde y dijo que deb\u00eda tener un marcapasos y que deb\u00eda hacerlo esta noche\u00bb, dijo en ese momento Netanyahu, que entonces ten\u00eda 73 a\u00f1os. \u00abMe siento muy bien, pero necesito escuchar a mis m\u00e9dicos\u00bb.<\/p>\n<p>La operaci\u00f3n m\u00e1s reciente de Netanyahu se produjo mientras el pol\u00edtico de 75 a\u00f1os contin\u00faa testificando en un caso de corrupci\u00f3n en su contra en Israel.  Subi\u00f3 al estrado a principios de diciembre y se espera que contin\u00fae testificando en el nuevo a\u00f1o.<\/p>\n<p><strong><u>HAGA CLIC AQU\u00cd PARA OBTENER LA APLICACI\u00d3N FOX NEWS<\/u><\/strong><\/p>\n<p>Netanyahu tambi\u00e9n lidera actualmente las Fuerzas de Defensa de Israel (FDI) en m\u00faltiples frentes en todo el Medio Oriente y contin\u00faa atacando a los terroristas iran\u00edes y sus representantes.<\/p>\n<div class=\"image-ct inline\">\n<div class=\"m\"><picture><source media=\"(max-width: 767px)\" srcset=\"https:\/\/a57.foxnews.com\/static.foxnews.com\/foxnews.com\/content\/uploads\/2024\/11\/343\/192\/trump-netanyahu-2.jpg?ve=1&amp;tl=1, https:\/\/a57.foxnews.com\/static.foxnews.com\/foxnews.com\/content\/uploads\/2024\/11\/686\/384\/trump-netanyahu-2.jpg?ve=1&amp;tl=1 2x\" height=\"192\" width=\"343\"><source media=\"(min-width: 768px) and (max-width: 1023px)\" srcset=\"https:\/\/a57.foxnews.com\/static.foxnews.com\/foxnews.com\/content\/uploads\/2024\/11\/672\/378\/trump-netanyahu-2.jpg?ve=1&amp;tl=1, https:\/\/a57.foxnews.com\/static.foxnews.com\/foxnews.com\/content\/uploads\/2024\/11\/1344\/756\/trump-netanyahu-2.jpg?ve=1&amp;tl=1 2x\" height=\"378\" width=\"672\"><source media=\"(min-width: 1024px) and (max-width: 1279px)\" srcset=\"https:\/\/a57.foxnews.com\/static.foxnews.com\/foxnews.com\/content\/uploads\/2024\/11\/931\/523\/trump-netanyahu-2.jpg?ve=1&amp;tl=1, https:\/\/a57.foxnews.com\/static.foxnews.com\/foxnews.com\/content\/uploads\/2024\/11\/1862\/1046\/trump-netanyahu-2.jpg?ve=1&amp;tl=1 2x\" height=\"523\" width=\"931\"><source media=\"(min-width: 1280px)\" srcset=\"https:\/\/a57.foxnews.com\/static.foxnews.com\/foxnews.com\/content\/uploads\/2024\/11\/720\/405\/trump-netanyahu-2.jpg?ve=1&amp;tl=1, https:\/\/a57.foxnews.com\/static.foxnews.com\/foxnews.com\/content\/uploads\/2024\/11\/1440\/810\/trump-netanyahu-2.jpg?ve=1&amp;tl=1 2x\" height=\"405\" width=\"720\"><img loading=\"lazy\" decoding=\"async\" src=\"https:\/\/a57.foxnews.com\/static.foxnews.com\/foxnews.com\/content\/uploads\/2024\/11\/1200\/675\/trump-netanyahu-2.jpg?ve=1&amp;tl=1\" alt=\"Trump y Netanyahu en Mar-a-Lago\" width=\"1200\" height=\"675\"\/><\/source><\/source><\/source><\/source><\/picture><\/div>\n<div class=\"info\">\n<div class=\"caption\">\n<p><span>El expresidente y presidente electo Donald Trump le da la mano al primer ministro israel\u00ed, Benjamin Netanyahu, en la finca Mar-a-Lago de Trump, en Palm Beach, Florida, el 26 de julio. <\/span> <span>(Amos Ben-Gershom (GPO) \/ Handout\/Anadolu v\u00eda Getty Images)<\/span><\/p>\n<\/div>\n<\/div>\n<\/div>\n<p>Las FDI lanzaron recientemente m\u00faltiples ataques contra los rebeldes hut\u00edes, alcanzando el aeropuerto internacional de San\u00e1 en Yemen y la infraestructura hut\u00ed en los puertos de Al-Hudaydah, Salif y Ras Kanatib.<\/p>\n<p><i>Anders Hagstrom y Chris Pandolfo de Fox News Digital contribuyeron a este informe.<\/i><\/p>\n<p> <!----> <\/p>\n<div class=\"article-meta\">\n<div class=\"author-bio\">\n<p>Andrea Margolis es escritora de Fox News Digital y Fox Business. Los lectores pueden enviar consejos sobre historias a andrea.margolis@fox.com<u>.<\/u><\/p>\n<\/div>\n<\/div>\n<\/div>\n\n","protected":false},"excerpt":{"rendered":"<p>El primer ministro israel\u00ed, Benjamin Netanyahu, se someti\u00f3 con \u00e9xito a una cirug\u00eda el domingo, seg\u00fan se enter\u00f3 Fox News. Al l\u00edder israel\u00ed le extirparon la pr\u00f3stata despu\u00e9s de sufrir una infecci\u00f3n del tracto urinario, que supuestamente \u00abse debi\u00f3 a un agrandamiento benigno de su pr\u00f3stata\u00bb, seg\u00fan la oficina de Netanyahu. El domingo, la oficina &hellip;<\/p>\n","protected":false},"author":1,"featured_media":8319,"comment_status":"open","ping_status":"open","sticky":false,"template":"","format":"standard","meta":{"fifu_image_url":"https:\/\/static.foxnews.com\/foxnews.com\/content\/uploads\/2024\/12\/benjamin-netanyahu.jpg","fifu_image_alt":"","footnotes":""},"categories":[13],"tags":[],"class_list":["post-8317","post","type-post","status-publish","format-standard","has-post-thumbnail","","category-mundo"],"_links":{"self":[{"href":"https:\/\/noticiasveraces.com\/index.php?rest_route=\/wp\/v2\/posts\/8317","targetHints":{"allow":["GET"]}}],"collection":[{"href":"https:\/\/noticiasveraces.com\/index.php?rest_route=\/wp\/v2\/posts"}],"about":[{"href":"https:\/\/noticiasveraces.com\/index.php?rest_route=\/wp\/v2\/types\/post"}],"author":[{"embeddable":true,"href":"https:\/\/noticiasveraces.com\/index.php?rest_route=\/wp\/v2\/users\/1"}],"replies":[{"embeddable":true,"href":"https:\/\/noticiasveraces.com\/index.php?rest_route=%2Fwp%2Fv2%2Fcomments&post=8317"}],"version-history":[{"count":0,"href":"https:\/\/noticiasveraces.com\/index.php?rest_route=\/wp\/v2\/posts\/8317\/revisions"}],"wp:featuredmedia":[{"embeddable":true,"href":"https:\/\/noticiasveraces.com\/index.php?rest_route=\/wp\/v2\/media\/8319"}],"wp:attachment":[{"href":"https:\/\/noticiasveraces.com\/index.php?rest_route=%2Fwp%2Fv2%2Fmedia&parent=8317"}],"wp:term":[{"taxonomy":"category","embeddable":true,"href":"https:\/\/noticiasveraces.com\/index.php?rest_route=%2Fwp%2Fv2%2Fcategories&post=8317"},{"taxonomy":"post_tag","embeddable":true,"href":"https:\/\/noticiasveraces.com\/index.php?rest_route=%2Fwp%2Fv2%2Ftags&post=8317"}],"curies":[{"name":"wp","href":"https:\/\/api.w.org\/{rel}","templated":true}]}}