{"id":8286,"date":"2024-12-29T14:50:13","date_gmt":"2024-12-29T18:50:13","guid":{"rendered":"https:\/\/noticiasveraces.com\/?p=8286"},"modified":"2024-12-29T14:50:13","modified_gmt":"2024-12-29T18:50:13","slug":"elvis-presley-temio-que-the-beatles-pusieran-fin-a-su-carrera-musical-y-dejo-h-musica-entretenimiento","status":"publish","type":"post","link":"https:\/\/noticiasveraces.com\/?p=8286","title":{"rendered":"Elvis Presley temi\u00f3 que The Beatles pusieran fin a su carrera musical y dej\u00f3 h | M\u00fasica | Entretenimiento"},"content":{"rendered":"<p> \n<\/p>\n<div>\n<p>Elvis Presley estaba conmocionado y tem\u00eda que su carrera musical terminara cuando la Beatleman\u00eda lleg\u00f3 a Estados Unidos hace 60 a\u00f1os.<\/p>\n<p>Aunque el cantante de Memphis era la estrella m\u00e1s grande del planeta, sent\u00eda que el sensacional impacto de los Fab Four podr\u00eda volverlo irrelevante.<\/p>\n<p>\u201cEl Rey\u201d soport\u00f3 \u201cinseguridad\u201d por no atraer al p\u00fablico juvenil, especialmente cuando Los Beatles lideraban la invasi\u00f3n brit\u00e1nica de Estados Unidos en 1964.<\/p>\n<\/div>\n<div>\n<p>Carol Connors, su novia secreta en ese momento, revel\u00f3 que al \u00edcono le preocupaba que su carrera fuera aplastada en una d\u00e9cada.<\/p>\n<\/div>\n<div>\n<p>Pero Elvis, que entonces ten\u00eda veintitantos a\u00f1os, no intent\u00f3 aumentar su atractivo con giras medi\u00e1ticas.<\/p>\n<p>La leyenda, que habr\u00eda cumplido 90 a\u00f1os el 8 de enero, en realidad se sent\u00eda t\u00edmida y nerviosa por la adulaci\u00f3n cuando se encontraba con sus admiradores en p\u00fablico.<\/p>\n<p>Carol, de 83 a\u00f1os, revel\u00f3: \u00abCreo que hab\u00eda una parte de \u00e9l que no se daba cuenta de que su carrera no iba a ser fugaz, que su \u00e9xito iba a ser para siempre\u00bb.<\/p>\n<\/div>\n<div>\n<p>Y a\u00f1adi\u00f3: \u00ab\u00c9l se preguntaba &#8216;\u00bfLos Beatles me van a derribar de mi trono?'\u00bb.<\/p>\n<p>Carol habl\u00f3 sobre las preocupaciones del \u00edcono del rock &#8216;n&#8217; roll mientras promocionaba sus memorias Elvis, Rocky &#038; Me, que ya est\u00e1 disponible.<\/p>\n<\/div>\n\n","protected":false},"excerpt":{"rendered":"<p>Elvis Presley estaba conmocionado y tem\u00eda que su carrera musical terminara cuando la Beatleman\u00eda lleg\u00f3 a Estados Unidos hace 60 a\u00f1os. Aunque el cantante de Memphis era la estrella m\u00e1s grande del planeta, sent\u00eda que el sensacional impacto de los Fab Four podr\u00eda volverlo irrelevante. \u201cEl Rey\u201d soport\u00f3 \u201cinseguridad\u201d por no atraer al p\u00fablico juvenil, &hellip;<\/p>\n","protected":false},"author":1,"featured_media":8287,"comment_status":"open","ping_status":"open","sticky":false,"template":"","format":"standard","meta":{"fifu_image_url":"https:\/\/cdn.images.express.co.uk\/img\/dynamic\/35\/1200x630\/5855358.jpg","fifu_image_alt":"","footnotes":""},"categories":[766],"tags":[],"class_list":["post-8286","post","type-post","status-publish","format-standard","has-post-thumbnail","","category-musica"],"_links":{"self":[{"href":"https:\/\/noticiasveraces.com\/index.php?rest_route=\/wp\/v2\/posts\/8286","targetHints":{"allow":["GET"]}}],"collection":[{"href":"https:\/\/noticiasveraces.com\/index.php?rest_route=\/wp\/v2\/posts"}],"about":[{"href":"https:\/\/noticiasveraces.com\/index.php?rest_route=\/wp\/v2\/types\/post"}],"author":[{"embeddable":true,"href":"https:\/\/noticiasveraces.com\/index.php?rest_route=\/wp\/v2\/users\/1"}],"replies":[{"embeddable":true,"href":"https:\/\/noticiasveraces.com\/index.php?rest_route=%2Fwp%2Fv2%2Fcomments&post=8286"}],"version-history":[{"count":0,"href":"https:\/\/noticiasveraces.com\/index.php?rest_route=\/wp\/v2\/posts\/8286\/revisions"}],"wp:featuredmedia":[{"embeddable":true,"href":"https:\/\/noticiasveraces.com\/index.php?rest_route=\/wp\/v2\/media\/8287"}],"wp:attachment":[{"href":"https:\/\/noticiasveraces.com\/index.php?rest_route=%2Fwp%2Fv2%2Fmedia&parent=8286"}],"wp:term":[{"taxonomy":"category","embeddable":true,"href":"https:\/\/noticiasveraces.com\/index.php?rest_route=%2Fwp%2Fv2%2Fcategories&post=8286"},{"taxonomy":"post_tag","embeddable":true,"href":"https:\/\/noticiasveraces.com\/index.php?rest_route=%2Fwp%2Fv2%2Ftags&post=8286"}],"curies":[{"name":"wp","href":"https:\/\/api.w.org\/{rel}","templated":true}]}}