{"id":8279,"date":"2024-12-29T14:31:27","date_gmt":"2024-12-29T18:31:27","guid":{"rendered":"https:\/\/noticiasveraces.com\/?p=8279"},"modified":"2024-12-29T14:31:27","modified_gmt":"2024-12-29T18:31:27","slug":"corea-del-norte-promete-la-politica-estadounidense-mas-dura-en-un-vago-anuncio","status":"publish","type":"post","link":"https:\/\/noticiasveraces.com\/?p=8279","title":{"rendered":"Corea del Norte promete la pol\u00edtica estadounidense \u00abm\u00e1s dura\u00bb en un vago anuncio"},"content":{"rendered":"<p> \n<\/p>\n<div>\n<div class=\"article-gating gated-overlay show-gate\">\n<div class=\"article-gating-wrapper\">\n<p>\u00danase a Fox News para acceder a este contenido<\/p>\n<p>Ha alcanzado su n\u00famero m\u00e1ximo de art\u00edculos. Inicia sesi\u00f3n o crea una cuenta GRATIS para continuar leyendo.<\/p>\n<div class=\"article-gating-legal tablet-desktop\">Al ingresar su correo electr\u00f3nico y presionar Continuar, acepta los T\u00e9rminos de uso y la Pol\u00edtica de privacidad de Fox News, que incluye nuestro Aviso de incentivo financiero.\n    <\/div>\n<p><span>Por favor, introduce una direcci\u00f3n de correo electr\u00f3nico v\u00e1lida.<\/span><\/p>\n<footer class=\"article-gating-footer\">\u00bfTienes problemas? Haga clic aqu\u00ed.<\/footer>\n<\/div>\n<\/div>\n<p class=\"speakable\">El r\u00e9gimen de Corea del Norte prometi\u00f3 adoptar sus pol\u00edticas \u00abm\u00e1s duras\u00bb contra Estados Unidos en una reuni\u00f3n del partido gobernante del pa\u00eds la semana pasada.<\/p>\n<p class=\"speakable\">En la reuni\u00f3n del 23 al 27 de diciembre participaron altos miembros del Partido de los Trabajadores de Corea, incluido el dictador Kim Jong Un. El medio de comunicaci\u00f3n estatal KCNA dijo que los l\u00edderes condenaron las asociaciones en curso entre Estados Unidos, Jap\u00f3n y Corea del Sur, calific\u00e1ndolas de un \u00abbloque militar nuclear\u00bb.<\/p>\n<p>\u00abEsta realidad muestra claramente en qu\u00e9 direcci\u00f3n debemos avanzar y qu\u00e9 debemos hacer y c\u00f3mo\u00bb, afirm\u00f3 el partido en un comunicado.<\/p>\n<p>La reuni\u00f3n se produce mientras Corea del Norte enfrenta una tensi\u00f3n creciente con los gobiernos occidentales despu\u00e9s de enviar tropas para ayudar en la invasi\u00f3n rusa de Ucrania este oto\u00f1o.<\/p>\n<p><strong><u>COREA DEL SUR IMPONE PROHIBICI\u00d3N DE VIAJAR AL PRESIDENTE YOON POR DECLARACI\u00d3N DE LEY MARCIAL<\/u><\/strong><\/p>\n<div class=\"image-ct inline\">\n<div class=\"m\"><picture><source media=\"(max-width: 767px)\" srcset=\"https:\/\/a57.foxnews.com\/static.foxnews.com\/foxnews.com\/content\/uploads\/2024\/01\/343\/192\/2023-12-31T232149Z_1576255452_RC2N85APR8H4_RTRMADP_3_NORTHKOREA-POLITICS.jpg?ve=1&amp;tl=1, https:\/\/a57.foxnews.com\/static.foxnews.com\/foxnews.com\/content\/uploads\/2024\/01\/686\/384\/2023-12-31T232149Z_1576255452_RC2N85APR8H4_RTRMADP_3_NORTHKOREA-POLITICS.jpg?ve=1&amp;tl=1 2x\" height=\"192\" width=\"343\"><source media=\"(min-width: 768px) and (max-width: 1023px)\" srcset=\"https:\/\/a57.foxnews.com\/static.foxnews.com\/foxnews.com\/content\/uploads\/2024\/01\/672\/378\/2023-12-31T232149Z_1576255452_RC2N85APR8H4_RTRMADP_3_NORTHKOREA-POLITICS.jpg?ve=1&amp;tl=1, https:\/\/a57.foxnews.com\/static.foxnews.com\/foxnews.com\/content\/uploads\/2024\/01\/1344\/756\/2023-12-31T232149Z_1576255452_RC2N85APR8H4_RTRMADP_3_NORTHKOREA-POLITICS.jpg?ve=1&amp;tl=1 2x\" height=\"378\" width=\"672\"><source media=\"(min-width: 1024px) and (max-width: 1279px)\" srcset=\"https:\/\/a57.foxnews.com\/static.foxnews.com\/foxnews.com\/content\/uploads\/2024\/01\/931\/523\/2023-12-31T232149Z_1576255452_RC2N85APR8H4_RTRMADP_3_NORTHKOREA-POLITICS.jpg?ve=1&amp;tl=1, https:\/\/a57.foxnews.com\/static.foxnews.com\/foxnews.com\/content\/uploads\/2024\/01\/1862\/1046\/2023-12-31T232149Z_1576255452_RC2N85APR8H4_RTRMADP_3_NORTHKOREA-POLITICS.jpg?ve=1&amp;tl=1 2x\" height=\"523\" width=\"931\"><source media=\"(min-width: 1280px)\" srcset=\"https:\/\/a57.foxnews.com\/static.foxnews.com\/foxnews.com\/content\/uploads\/2024\/01\/720\/405\/2023-12-31T232149Z_1576255452_RC2N85APR8H4_RTRMADP_3_NORTHKOREA-POLITICS.jpg?ve=1&amp;tl=1, https:\/\/a57.foxnews.com\/static.foxnews.com\/foxnews.com\/content\/uploads\/2024\/01\/1440\/810\/2023-12-31T232149Z_1576255452_RC2N85APR8H4_RTRMADP_3_NORTHKOREA-POLITICS.jpg?ve=1&amp;tl=1 2x\" height=\"405\" width=\"720\"><img loading=\"lazy\" decoding=\"async\" src=\"https:\/\/a57.foxnews.com\/static.foxnews.com\/foxnews.com\/content\/uploads\/2024\/01\/1200\/675\/2023-12-31T232149Z_1576255452_RC2N85APR8H4_RTRMADP_3_NORTHKOREA-POLITICS.jpg?ve=1&amp;tl=1\" alt=\"Kim Jong Un\" width=\"1200\" height=\"675\"\/><\/source><\/source><\/source><\/source><\/picture><\/div>\n<div class=\"info\">\n<div class=\"caption\">\n<p><span>El l\u00edder norcoreano Kim Jong Un habla durante una sesi\u00f3n plenaria del Comit\u00e9 Central del Partido en Pyongyang, Corea del Norte, en esta imagen publicada por la Agencia Central de Noticias de Corea.<\/span> <span>(KCNA v\u00eda REUTERS)<\/span><\/p>\n<\/div>\n<\/div>\n<\/div>\n<p>El r\u00e9gimen de Kim tambi\u00e9n conden\u00f3 a Corea del Sur como un \u00abpuesto de avanzada anticomunista\u00bb tras las reuniones de esta semana, en referencia al intento del presidente Yoon Suk-Yeoul de imponer la ley marcial a principios de este mes.<\/p>\n<p><strong><u>EL PRESIDENTE DE COREA DEL SUR SE DISCULPA POR DECLARAR LA LEY MARCIAL ANTES DE LA VOTACI\u00d3N DE IMPEACHMENT<\/u><\/strong><\/p>\n<p>Corea del Norte permaneci\u00f3 en silencio durante aproximadamente una semana despu\u00e9s <u>El intento de Yoon,<\/u> que fue frustrado por la legislatura de la naci\u00f3n. El r\u00e9gimen de Kim Jong Un finalmente coment\u00f3 sobre el tema a trav\u00e9s de su medio de comunicaci\u00f3n estatal el 11 de diciembre.<\/p>\n<div class=\"image-ct inline\">\n<div class=\"m\"><picture><source media=\"(max-width: 767px)\" srcset=\"https:\/\/a57.foxnews.com\/static.foxnews.com\/foxnews.com\/content\/uploads\/2024\/12\/343\/192\/yoon-suk-yeol.png?ve=1&amp;tl=1, https:\/\/a57.foxnews.com\/static.foxnews.com\/foxnews.com\/content\/uploads\/2024\/12\/686\/384\/yoon-suk-yeol.png?ve=1&amp;tl=1 2x\" height=\"192\" width=\"343\"><source media=\"(min-width: 768px) and (max-width: 1023px)\" srcset=\"https:\/\/a57.foxnews.com\/static.foxnews.com\/foxnews.com\/content\/uploads\/2024\/12\/672\/378\/yoon-suk-yeol.png?ve=1&amp;tl=1, https:\/\/a57.foxnews.com\/static.foxnews.com\/foxnews.com\/content\/uploads\/2024\/12\/1344\/756\/yoon-suk-yeol.png?ve=1&amp;tl=1 2x\" height=\"378\" width=\"672\"><source media=\"(min-width: 1024px) and (max-width: 1279px)\" srcset=\"https:\/\/a57.foxnews.com\/static.foxnews.com\/foxnews.com\/content\/uploads\/2024\/12\/931\/523\/yoon-suk-yeol.png?ve=1&amp;tl=1, https:\/\/a57.foxnews.com\/static.foxnews.com\/foxnews.com\/content\/uploads\/2024\/12\/1862\/1046\/yoon-suk-yeol.png?ve=1&amp;tl=1 2x\" height=\"523\" width=\"931\"><source media=\"(min-width: 1280px)\" srcset=\"https:\/\/a57.foxnews.com\/static.foxnews.com\/foxnews.com\/content\/uploads\/2024\/12\/720\/405\/yoon-suk-yeol.png?ve=1&amp;tl=1, https:\/\/a57.foxnews.com\/static.foxnews.com\/foxnews.com\/content\/uploads\/2024\/12\/1440\/810\/yoon-suk-yeol.png?ve=1&amp;tl=1 2x\" height=\"405\" width=\"720\"><img loading=\"lazy\" decoding=\"async\" src=\"https:\/\/a57.foxnews.com\/static.foxnews.com\/foxnews.com\/content\/uploads\/2024\/12\/1200\/675\/yoon-suk-yeol.png?ve=1&amp;tl=1\" alt=\"Yoon Suk Yeol\" width=\"1200\" height=\"675\"\/><\/source><\/source><\/source><\/source><\/picture><\/div>\n<div class=\"info\">\n<div class=\"caption\">\n<p><span>El presidente surcoreano, Yoon Suk Yeol, habla en la oficina presidencial en Se\u00fal, Corea del Sur, el s\u00e1bado 7 de diciembre de 2024.<\/span> <span>(AP)<\/span><\/p>\n<\/div>\n<\/div>\n<\/div>\n<p>\u00abEl impactante incidente del r\u00e9gimen t\u00edtere de Yoon Suk Yeol, que se enfrentaba a una grave crisis de gobernanza y a una crisis de impeachment, declar\u00f3 repentinamente un decreto de ley marcial y empu\u00f1\u00f3 sin vacilar las armas y cuchillos de su dictadura fascista\u00bb, dijo KCNA en un informe.<\/p>\n<p>\u00abLa comunidad internacional observa con severidad, y considera que el incidente de la ley marcial expuso las vulnerabilidades de la sociedad surcoreana&#8230; y que la vida pol\u00edtica de Yoon Suk Yeol podr\u00eda afrontar un final prematuro\u00bb, a\u00f1adi\u00f3 KCNA.<\/p>\n<div class=\"image-ct inline\">\n<div class=\"m\"><picture><source media=\"(max-width: 767px)\" srcset=\"https:\/\/a57.foxnews.com\/static.foxnews.com\/foxnews.com\/content\/uploads\/2024\/10\/343\/192\/putin-and-kim.jpg?ve=1&amp;tl=1, https:\/\/a57.foxnews.com\/static.foxnews.com\/foxnews.com\/content\/uploads\/2024\/10\/686\/384\/putin-and-kim.jpg?ve=1&amp;tl=1 2x\" height=\"192\" width=\"343\"><source media=\"(min-width: 768px) and (max-width: 1023px)\" srcset=\"https:\/\/a57.foxnews.com\/static.foxnews.com\/foxnews.com\/content\/uploads\/2024\/10\/672\/378\/putin-and-kim.jpg?ve=1&amp;tl=1, https:\/\/a57.foxnews.com\/static.foxnews.com\/foxnews.com\/content\/uploads\/2024\/10\/1344\/756\/putin-and-kim.jpg?ve=1&amp;tl=1 2x\" height=\"378\" width=\"672\"><source media=\"(min-width: 1024px) and (max-width: 1279px)\" srcset=\"https:\/\/a57.foxnews.com\/static.foxnews.com\/foxnews.com\/content\/uploads\/2024\/10\/931\/523\/putin-and-kim.jpg?ve=1&amp;tl=1, https:\/\/a57.foxnews.com\/static.foxnews.com\/foxnews.com\/content\/uploads\/2024\/10\/1862\/1046\/putin-and-kim.jpg?ve=1&amp;tl=1 2x\" height=\"523\" width=\"931\"><source media=\"(min-width: 1280px)\" srcset=\"https:\/\/a57.foxnews.com\/static.foxnews.com\/foxnews.com\/content\/uploads\/2024\/10\/720\/405\/putin-and-kim.jpg?ve=1&amp;tl=1, https:\/\/a57.foxnews.com\/static.foxnews.com\/foxnews.com\/content\/uploads\/2024\/10\/1440\/810\/putin-and-kim.jpg?ve=1&amp;tl=1 2x\" height=\"405\" width=\"720\"><img loading=\"lazy\" decoding=\"async\" src=\"https:\/\/a57.foxnews.com\/static.foxnews.com\/foxnews.com\/content\/uploads\/2024\/10\/1200\/675\/putin-and-kim.jpg?ve=1&amp;tl=1\" alt=\"Vladimir Putin y Kim Jong Un\" width=\"1200\" height=\"675\"\/><\/source><\/source><\/source><\/source><\/picture><\/div>\n<div class=\"info\">\n<div class=\"caption\">\n<p><span>El presidente ruso, Vladimir Putin, a la izquierda, y el l\u00edder de Corea del Norte, Kim Jong Un, posan para una fotograf\u00eda durante una ceremonia de firma de la nueva asociaci\u00f3n en Pyongyang, Corea del Norte.<\/span> <span>(Kristina Kormilitsyna, Sputnik, Foto de la piscina del Kremlin v\u00eda AP, archivo)<\/span><\/p>\n<\/div>\n<\/div>\n<\/div>\n<p><strong><u>HAGA CLIC AQU\u00cd PARA OBTENER LA APLICACI\u00d3N FOX NEWS<\/u><\/strong><\/p>\n<p>La legislatura de Corea del Sur acus\u00f3 a Yoon poco despu\u00e9s de su toma de poder, y un tribunal nacional est\u00e1 deliberando sobre si se confirma su destituci\u00f3n.<\/p>\n<\/div>\n\n","protected":false},"excerpt":{"rendered":"<p>\u00danase a Fox News para acceder a este contenido Ha alcanzado su n\u00famero m\u00e1ximo de art\u00edculos. Inicia sesi\u00f3n o crea una cuenta GRATIS para continuar leyendo. Al ingresar su correo electr\u00f3nico y presionar Continuar, acepta los T\u00e9rminos de uso y la Pol\u00edtica de privacidad de Fox News, que incluye nuestro Aviso de incentivo financiero. Por &hellip;<\/p>\n","protected":false},"author":1,"featured_media":8281,"comment_status":"open","ping_status":"open","sticky":false,"template":"","format":"standard","meta":{"fifu_image_url":"https:\/\/static.foxnews.com\/foxnews.com\/content\/uploads\/2024\/01\/2023-12-31T232149Z_1576255452_RC2N85APR8H4_RTRMADP_3_NORTHKOREA-POLITICS.jpg","fifu_image_alt":"","footnotes":""},"categories":[13],"tags":[],"class_list":["post-8279","post","type-post","status-publish","format-standard","has-post-thumbnail","","category-mundo"],"_links":{"self":[{"href":"https:\/\/noticiasveraces.com\/index.php?rest_route=\/wp\/v2\/posts\/8279","targetHints":{"allow":["GET"]}}],"collection":[{"href":"https:\/\/noticiasveraces.com\/index.php?rest_route=\/wp\/v2\/posts"}],"about":[{"href":"https:\/\/noticiasveraces.com\/index.php?rest_route=\/wp\/v2\/types\/post"}],"author":[{"embeddable":true,"href":"https:\/\/noticiasveraces.com\/index.php?rest_route=\/wp\/v2\/users\/1"}],"replies":[{"embeddable":true,"href":"https:\/\/noticiasveraces.com\/index.php?rest_route=%2Fwp%2Fv2%2Fcomments&post=8279"}],"version-history":[{"count":0,"href":"https:\/\/noticiasveraces.com\/index.php?rest_route=\/wp\/v2\/posts\/8279\/revisions"}],"wp:featuredmedia":[{"embeddable":true,"href":"https:\/\/noticiasveraces.com\/index.php?rest_route=\/wp\/v2\/media\/8281"}],"wp:attachment":[{"href":"https:\/\/noticiasveraces.com\/index.php?rest_route=%2Fwp%2Fv2%2Fmedia&parent=8279"}],"wp:term":[{"taxonomy":"category","embeddable":true,"href":"https:\/\/noticiasveraces.com\/index.php?rest_route=%2Fwp%2Fv2%2Fcategories&post=8279"},{"taxonomy":"post_tag","embeddable":true,"href":"https:\/\/noticiasveraces.com\/index.php?rest_route=%2Fwp%2Fv2%2Ftags&post=8279"}],"curies":[{"name":"wp","href":"https:\/\/api.w.org\/{rel}","templated":true}]}}