{"id":8165,"date":"2024-12-28T09:05:18","date_gmt":"2024-12-28T13:05:18","guid":{"rendered":"https:\/\/noticiasveraces.com\/?p=8165"},"modified":"2024-12-28T09:05:18","modified_gmt":"2024-12-28T13:05:18","slug":"laliga-celebra-el-fallo-judicial-en-el-caso-dani-olmo","status":"publish","type":"post","link":"https:\/\/noticiasveraces.com\/?p=8165","title":{"rendered":"LaLiga \u00abcelebra\u00bb el fallo judicial en el caso Dani Olmo"},"content":{"rendered":"<p> \n<\/p>\n<div id=\"intext\">\n<p>el<b> Barcelona <\/b>ha recibido este viernes un duro golpe despu\u00e9s de que el Juzgado de lo Mercantil n\u00famero 10 de Barcelona <b>haya rechazado su petici\u00f3n<\/b> para aplicar una cautelar y poder prorrogar la inscripci\u00f3n de <b>Dani Olmo<\/b>que caduca el 31 de diciembre de 2024. El club presidido por Joan Laporta cuenta con cuatro d\u00edas para presentar garant\u00edas legales a LaLiga, de lo contrario no podr\u00e1 inscribir al delantero de Terrassa.<\/p>\n<p>LaLiga, entidad presidida por Javier Tebas ha celebrado el fallo judicial <b>al estimar que el juzgado no ha hecho una excepci\u00f3n con la petici\u00f3n del Barcelona sobre Dani Olmo a la aplicaci\u00f3n de sus Normas de Elaboraci\u00f3n de Presupuestos (NEP)<\/b>ya que hasta la fecha han afectado igual a todos los clubes y \u00abpodr\u00eda alterar de forma grave la igualdad de condiciones de las reglas de competici\u00f3n\u00bb.<\/p>\n<p>\u00abEs por todo ello que LALIGA celebra que, ante la solicitud de cautelares de esta naturaleza, no se except\u00fae la aplicaci\u00f3n de un precepto medidas de las NEP que ha sido aplicada hasta la fecha de igual forma a todos los Clubes, pudiendo alterar as\u00ed de forma grave la igualdad de condiciones de las reglas de competici\u00f3n\u00bb, indica el comunicado de la entidad presidida por Javier Tebas.<\/p>\n<p>LaLiga subraya que el auto especifica que \u00abla finalidad de autorizar el exceso de gasto es para que una baja de larga duraci\u00f3n no merme la competici\u00f3n del equipo, no para que la baja de larga duraci\u00f3n permita alcanzar la inscripci\u00f3n de jugadores que, con su salario , exceden el l\u00edmite, que es lo que pretende el FC Barcelona\u00bb.<\/p>\n<h2 class=\"title-h2\">Comunicado completo de LaLiga<\/h2>\n<p><i>LALIGA ha conocido hoy el fallo del Juzgado de lo Mercantil n\u00famero 10 de Barcelona que rechaza que se inscriba cautelarmente a Dani Olmo hasta el 30 de junio de 2025, ya que no concurren ninguno de los presupuestos necesarios para la adopci\u00f3n de la medida cautelar. Ante esta resoluci\u00f3n, desde LALIGA se quiere aclarar que:<\/i><\/p>\n<p><i>&#8211; El auto defiende la plena conformidad en derecho de la denegaci\u00f3n de la inscripci\u00f3n de un jugador atendiendo a la aplicaci\u00f3n del art\u00edculo 77 de las Normas de Elaboraci\u00f3n de Presupuestos de LALIGA (NEP), por el cual, en caso de lesi\u00f3n de larga duraci\u00f3n de un jugador, los Clubes pueden sustituirle por otro jugador: \u201cLALIGA ha realizado una interpretaci\u00f3n motivada del art\u00edculo 77 de las NEP y, lo que es m\u00e1s importante, es la interpretaci\u00f3n misma que ha realizado con todos los dem\u00e1s equipos de la misma competencia. Incluso, la misma interpretaci\u00f3n que se le aplic\u00f3 en el mes de julio de 2024 al FC Barcelona en el caso de Ara\u00fajo e I\u00f1igo Mart\u00ednez\u201d. Y a\u00f1ade: \u201cAs\u00ed pues, LALIGA ha dispuesto unas normas de equilibrio presupuestario implementando la competencia que la ley le confiere\u201d. Asimismo, el auto destaca que: \u201cLa finalidad de autorizar el exceso de gasto es para que una baja de larga duraci\u00f3n no merme la competici\u00f3n del equipo, no para que la baja de larga duraci\u00f3n permita alcanzar la inscripci\u00f3n de jugadores que, con su salario , exceden el l\u00edmite, que es lo que pretende el FC Barcelona\u201d.<\/i><\/p>\n<p><i>&#8211; LALIGA, y seg\u00fan reconoce tambi\u00e9n el propio auto, recalca que dicha decisi\u00f3n de no inscripci\u00f3n de Dani Olmo hab\u00eda sido ya adoptada por el \u00d3rgano de Validaci\u00f3n de Presupuestos de LALIGA, y posteriormente fue confirmada hasta en tres ocasiones: tanto por el Comit\u00e9 de Control Econ\u00f3mico y Comit\u00e9 Social de Recursos de LALIGA, como tambi\u00e9n por el Comit\u00e9 de Segunda Instancia de Licencia UEFA de la RFEF.<\/i><\/p>\n<p><i>Es por todo ello que LALIGA celebra que, ante la solicitud de cautelares de esta naturaleza, no se except\u00fae la aplicaci\u00f3n de un precepto de las NEP que ha sido aplicada hasta la fecha de igual forma a todos los Clubes, pudiendo alterar as\u00ed de forma. grave la igualdad de condiciones de las reglas de competici\u00f3n.<\/i><\/p>\n<p><i>Principio que ha presidido en todo momento la actuaci\u00f3n de LALIGA, cuando la propia Ley del Deporte ha subrayado que el Control Econ\u00f3mico ha \u201cresultado verdaderamente \u00fatil para garantizar la viabilidad y la integridad de las competiciones\u201d, y cuando en el pasado los tribunales han avalado expl\u00edcitamente dichos mecanismos. Siendo claros ejemplos de ello que la Sala Tercera del Tribunal Supremo avalase las NEP, o la denegaci\u00f3n de inscripci\u00f3n de jugadores (como el caso de Pedro Le\u00f3n, en el que la Audiencia Provincial de Madrid revoc\u00f3 la medida cautelar inicialmente concedida por los Juzgados de lo Mercantil en relaci\u00f3n con la concesi\u00f3n del visado previo del jugador, al considerar que \u201clas normas de equilibrio presupuestarios que limitan el coste de plantilla inscribible responden a un objetivo leg\u00edtimo como es luchar contra el excesivo endeudamiento de los clubes y SAD\u201d y \u201ctienden a fomentar la sostenibilidad del f\u00fatbol profesional\u201d).<\/i><\/p>\n<p><i>S\u00edguenos en nuestro canal de WhatsApp y no te pierdas la \u00faltima hora y toda la actualidad de antena3noticias.com<\/i><\/p>\n<div class=\"recirculation-video\" data-mod=\"a3mod_recirculation_video\">\n<div class=\"recirculation-video-wrapper\">\n<div>\n<div class=\"video-wrapper\">\n  <picture class=\"video-main-picture\"><source media=\"(min-width: 481px)\" srcset=\"https:\/\/fotografias.antena3.com\/clipping\/cmsimages01\/2024\/12\/24\/15208DA7-F676-494A-97DE-3B05E9E7F89A\/florentino-perez-presidente-real-madrid_94.jpg?crop=4930,2773,x0,y0&amp;width=800&amp;height=450&amp;optimize=medium&amp;format=webply\" width=\"800\" height=\"450\"><source media=\"(min-width: 391px) and (max-width: 480px)\" srcset=\"https:\/\/fotografias.antena3.com\/clipping\/cmsimages01\/2024\/12\/24\/15208DA7-F676-494A-97DE-3B05E9E7F89A\/florentino-perez-presidente-real-madrid_70.jpg?crop=4930,2773,x0,y0&amp;width=480&amp;height=270&amp;optimize=high&amp;format=webply\" width=\"480\" height=\"270\"><source media=\"(min-width: 321px) and (max-width: 390px)\" srcset=\"https:\/\/fotografias.antena3.com\/clipping\/cmsimages01\/2024\/12\/24\/15208DA7-F676-494A-97DE-3B05E9E7F89A\/florentino-perez-presidente-real-madrid_92.jpg?crop=4930,2768,x0,y0&amp;width=390&amp;height=219&amp;optimize=high&amp;format=webply\" width=\"390\" height=\"219\"><source media=\"(max-width: 320px)\" srcset=\"https:\/\/fotografias.antena3.com\/clipping\/cmsimages01\/2024\/12\/24\/15208DA7-F676-494A-97DE-3B05E9E7F89A\/florentino-perez-presidente-real-madrid_52.jpg?crop=4930,2773,x0,y0&amp;width=320&amp;height=180&amp;optimize=high&amp;format=webply\" width=\"320\" height=\"180\"><img decoding=\"async\" title=\"Florentino P\u00e9rez, presidente del Real Madrid\" alt=\"Florentino P\u00e9rez, presidente del Real Madrid\" width=\"480\" height=\"270\" src=\"https:\/\/fotografias.antena3.com\/clipping\/cmsimages01\/2024\/12\/24\/15208DA7-F676-494A-97DE-3B05E9E7F89A\/florentino-perez-presidente-real-madrid_70.jpg?crop=4930,2773,x0,y0&amp;width=480&amp;height=270&amp;optimize=high&amp;format=webply\" loading=\"lazy\" class=\"lazy\"\/><br \/>\n  <\/source><\/source><\/source><\/source><\/picture>\n <\/div>\n<\/div><\/div>\n<\/p><\/div>\n<\/div>\n\n","protected":false},"excerpt":{"rendered":"<p>el Barcelona ha recibido este viernes un duro golpe despu\u00e9s de que el Juzgado de lo Mercantil n\u00famero 10 de Barcelona haya rechazado su petici\u00f3n para aplicar una cautelar y poder prorrogar la inscripci\u00f3n de Dani Olmoque caduca el 31 de diciembre de 2024. El club presidido por Joan Laporta cuenta con cuatro d\u00edas para &hellip;<\/p>\n","protected":false},"author":1,"featured_media":8167,"comment_status":"open","ping_status":"open","sticky":false,"template":"","format":"standard","meta":{"fifu_image_url":"https:\/\/fotografias.antena3.com\/clipping\/cmsimages02\/2023\/09\/28\/47F918F5-0AFA-469A-B86C-B6835C3DB6A5\/javier-tebas-presidente-laliga-acto_69.jpg?crop=4179,2351,x0,y0&width=1280&height=720&optimize=low&format=jpg","fifu_image_alt":"","footnotes":""},"categories":[6],"tags":[],"class_list":["post-8165","post","type-post","status-publish","format-standard","has-post-thumbnail","","category-deportes"],"_links":{"self":[{"href":"https:\/\/noticiasveraces.com\/index.php?rest_route=\/wp\/v2\/posts\/8165","targetHints":{"allow":["GET"]}}],"collection":[{"href":"https:\/\/noticiasveraces.com\/index.php?rest_route=\/wp\/v2\/posts"}],"about":[{"href":"https:\/\/noticiasveraces.com\/index.php?rest_route=\/wp\/v2\/types\/post"}],"author":[{"embeddable":true,"href":"https:\/\/noticiasveraces.com\/index.php?rest_route=\/wp\/v2\/users\/1"}],"replies":[{"embeddable":true,"href":"https:\/\/noticiasveraces.com\/index.php?rest_route=%2Fwp%2Fv2%2Fcomments&post=8165"}],"version-history":[{"count":0,"href":"https:\/\/noticiasveraces.com\/index.php?rest_route=\/wp\/v2\/posts\/8165\/revisions"}],"wp:featuredmedia":[{"embeddable":true,"href":"https:\/\/noticiasveraces.com\/index.php?rest_route=\/wp\/v2\/media\/8167"}],"wp:attachment":[{"href":"https:\/\/noticiasveraces.com\/index.php?rest_route=%2Fwp%2Fv2%2Fmedia&parent=8165"}],"wp:term":[{"taxonomy":"category","embeddable":true,"href":"https:\/\/noticiasveraces.com\/index.php?rest_route=%2Fwp%2Fv2%2Fcategories&post=8165"},{"taxonomy":"post_tag","embeddable":true,"href":"https:\/\/noticiasveraces.com\/index.php?rest_route=%2Fwp%2Fv2%2Ftags&post=8165"}],"curies":[{"name":"wp","href":"https:\/\/api.w.org\/{rel}","templated":true}]}}