{"id":8163,"date":"2024-12-28T08:36:59","date_gmt":"2024-12-28T12:36:59","guid":{"rendered":"https:\/\/noticiasveraces.com\/?p=8163"},"modified":"2024-12-28T08:36:59","modified_gmt":"2024-12-28T12:36:59","slug":"los-talibanes-dicen-haber-atacado-zonas-fronterizas-en-pakistan-dw-28-12-2024","status":"publish","type":"post","link":"https:\/\/noticiasveraces.com\/?p=8163","title":{"rendered":"Los talibanes dicen haber atacado zonas fronterizas en Pakist\u00e1n \u2013 DW \u2013 28\/12\/2024"},"content":{"rendered":"<p> \n<\/p>\n<div>\n<p>El Gobierno de facto de los talibanes en Afganist\u00e1n atac\u00f3 este s\u00e1bado (28.12.2024) \u00abvarios puntos\u00bb en el vecino Pakist\u00e1n en represalia por los ataques a\u00e9reos paquistan\u00edes de principios de esta semana, dijo el Ministerio de Defensa de Afganist\u00e1n. El comunicado, que no especific\u00f3 que se atacara territorio de Pakist\u00e1n, dijo que los ataques se llevaron a cabo \u00abm\u00e1s all\u00e1 de la &#8216;l\u00ednea hipot\u00e9tica\u00bb, una expresi\u00f3n utilizada por las autoridades afganas para referirse a una zona fronteriza disputada con el pa\u00eds vecino. Y dijo que se golpearon \u00abcentros y escondites de insurgentes\u00bb.<\/p>\n<p>\u00abVarios puntos al otro lado de la hipot\u00e9tica l\u00ednea, incluidos centros y escondites de insurgentes y sus partidarios desde donde se organizan ataques en Afganist\u00e1n, fueron atacados en represalia\u00bb, dijo a EFE el portavoz del Ministerio de Defensa del Gobierno talib\u00e1n, Enayatullah Khuwarazmi. Seg\u00fan el portavoz, los ataques fueron dirigidos contra varios objetivos ubicados en el lado paquistan\u00ed de la L\u00ednea Durand, considerada la frontera internacional entre ambos pa\u00edses, pero que Afganist\u00e1n no acepta. Los talibanes ya hab\u00edan adelantado que habr\u00eda una respuesta a los ataques paquistan\u00edes.<\/p>\n<p>El Ministerio de Defensa no precis\u00f3 cu\u00e1ndo tuvieron lugar los ataques ni si hubo v\u00edctimas, aunque medios locales indicaron que se produjeron a \u00faltima hora de la noche del viernes, desde las provincias fronterizas de Khost y Paktika, en el sureste del pa\u00eds. El ataque, que seg\u00fan los medios afganos incluyeron el uso de armas pesadas, se produce d\u00edas despu\u00e9s de que los talibanes denunciaron un bombardeo paquistan\u00ed contra Paktika, en el que seg\u00fan los fundamentalistas fallecieron 46 civiles el pasado martes.<\/p>\n<p>Una fuente de seguridad de Islamabad, que pidi\u00f3 no ser nombrada, dijo a EFE que el ataque paquistan\u00ed tuvo como objetivo campamentos del Tehreek-e-Taliban Pakistan (TTP), el principal grupo de los talibanes paquistan\u00edes, en Pakitka.<\/p>\n<p>lgc (rtr, efe)<\/p>\n<\/div>\n\n","protected":false},"excerpt":{"rendered":"<p>El Gobierno de facto de los talibanes en Afganist\u00e1n atac\u00f3 este s\u00e1bado (28.12.2024) \u00abvarios puntos\u00bb en el vecino Pakist\u00e1n en represalia por los ataques a\u00e9reos paquistan\u00edes de principios de esta semana, dijo el Ministerio de Defensa de Afganist\u00e1n. El comunicado, que no especific\u00f3 que se atacara territorio de Pakist\u00e1n, dijo que los ataques se llevaron &hellip;<\/p>\n","protected":false},"author":1,"featured_media":8164,"comment_status":"open","ping_status":"open","sticky":false,"template":"","format":"standard","meta":{"fifu_image_url":"https:\/\/static.dw.com\/image\/71157287_6.jpg","fifu_image_alt":"","footnotes":""},"categories":[13],"tags":[],"class_list":["post-8163","post","type-post","status-publish","format-standard","has-post-thumbnail","","category-mundo"],"_links":{"self":[{"href":"https:\/\/noticiasveraces.com\/index.php?rest_route=\/wp\/v2\/posts\/8163","targetHints":{"allow":["GET"]}}],"collection":[{"href":"https:\/\/noticiasveraces.com\/index.php?rest_route=\/wp\/v2\/posts"}],"about":[{"href":"https:\/\/noticiasveraces.com\/index.php?rest_route=\/wp\/v2\/types\/post"}],"author":[{"embeddable":true,"href":"https:\/\/noticiasveraces.com\/index.php?rest_route=\/wp\/v2\/users\/1"}],"replies":[{"embeddable":true,"href":"https:\/\/noticiasveraces.com\/index.php?rest_route=%2Fwp%2Fv2%2Fcomments&post=8163"}],"version-history":[{"count":0,"href":"https:\/\/noticiasveraces.com\/index.php?rest_route=\/wp\/v2\/posts\/8163\/revisions"}],"wp:featuredmedia":[{"embeddable":true,"href":"https:\/\/noticiasveraces.com\/index.php?rest_route=\/wp\/v2\/media\/8164"}],"wp:attachment":[{"href":"https:\/\/noticiasveraces.com\/index.php?rest_route=%2Fwp%2Fv2%2Fmedia&parent=8163"}],"wp:term":[{"taxonomy":"category","embeddable":true,"href":"https:\/\/noticiasveraces.com\/index.php?rest_route=%2Fwp%2Fv2%2Fcategories&post=8163"},{"taxonomy":"post_tag","embeddable":true,"href":"https:\/\/noticiasveraces.com\/index.php?rest_route=%2Fwp%2Fv2%2Ftags&post=8163"}],"curies":[{"name":"wp","href":"https:\/\/api.w.org\/{rel}","templated":true}]}}