{"id":8143,"date":"2024-12-28T04:55:22","date_gmt":"2024-12-28T08:55:22","guid":{"rendered":"https:\/\/noticiasveraces.com\/?p=8143"},"modified":"2024-12-28T04:55:22","modified_gmt":"2024-12-28T08:55:22","slug":"capitales-culturales-2025-un-reflejo-de-la-historia-europea-dw-27-12-2024","status":"publish","type":"post","link":"https:\/\/noticiasveraces.com\/?p=8143","title":{"rendered":"Capitales culturales 2025, un reflejo de la historia europea \u2013 DW \u2013 27\/12\/2024"},"content":{"rendered":"<p> \n<\/p>\n<div>\n<p>Es uno de los mayores bustos del mundo y el s\u00edmbolo de Chemnitz: el monumento a Karl Marx, ubicado desde 1971 en el centro de la ciudad. \u00abKarl Marx no necesita piernas, ni manos, su cabeza lo dice todo\u201d, habr\u00eda afirmado el escultor sovi\u00e9tico Lew Kerbel, al dar forma a la cabeza, de 40 toneladas.<\/p>\n<h2>Chemnitz, antes y despu\u00e9s de la RDA<\/h2>\n<p>\u00bfPero qu\u00e9 tiene que ver Marx con Chemnitz? En lo personal, no mucho. Naci\u00f3 en Tr\u00e9veris, muri\u00f3 en Londres, y jam\u00e1s visit\u00f3 esa ciudad del este de Alemania. Sin embargo, eso no fue un problema para los entonces gobernantes de la antigua Rep\u00fablica Democr\u00e1tica Alemana (RDA), que decidieron cambiar el nombre de Chemnitz por el de Ciudad Karl Marx.<\/p>\n<p>Chemnitz, ubicada junto a la frontera con la Rep\u00fablica Checa, fue un relevante centro industrial desde mucho antes de la fundaci\u00f3n de la RDA. La industria textil, ferroviaria y la fabricaci\u00f3n de maquinaria, sumadas a la miner\u00eda de la regi\u00f3n de los Montes Met\u00e1licos, hicieron de la zona un basti\u00f3n econ\u00f3mico.<\/p>\n<p>Con el desmoronamiento de los reg\u00edmenes comunistas de Europa oriental, la ciudad no solo sufri\u00f3 un cambio estructural, sino que recuper\u00f3 tambi\u00e9n su nombre original. Chemnitz viene del dialecto sorbo y significa algo as\u00ed como \u00abpiedra\u201d.<\/p>\n<p>La historia de la ciudad est\u00e1 marcada por muchos vuelos pol\u00edticos y sociales, y eso la vuelve tan interesante.<\/p>\n<p>En 2025, Chemnitz y las comunas circundantes lucir\u00e1n el t\u00edtulo de Capital Cultural Europea. <em>\u00abC el Invisible\u00bb<\/em> es el lema elegido por los encargados: se trata de hacer visible lo que no ha sido visto, lo que est\u00e1 a\u00fan por descubrirse. El programa incluye algunos puntos centrales, como \u00abvecindad, respeto y tolerancia\u201d y \u00abdemocracia, participaci\u00f3n, cohesi\u00f3n social\u201d.<\/p>\n<p><span data-slot-id=\"Article_InContent-1\" class=\"rich-text-ad\"\/><\/p>\n<h2>Nova Gorica, Gorizia, G\u00f6rz<\/h2>\n<p>Por primera vez en la historia de las capitales culturales europeas, dos localidades se presentan juntas con ese t\u00edtulo, pero cada una por su cuenta. Se trata de la \u00faltima ciudad dividida de Europa: Nova Gorica, en Eslovenia, y Gorizia, en Italia.<\/p>\n<figure class=\"placeholder-image master_landscape big\"><img data-format=\"MASTER_LANDSCAPE\" data-id=\"71011217\" data-url=\"https:\/\/static.dw.com\/image\/71011217_${formatId}.jpg\" data-aspect-ratio=\"16\/9\" alt=\"La frontera entre Nova Gorica y Goriza\" style=\"padding-bottom: 56.25%; height: 0; max-height: 0;\"\/><figcaption class=\"img-caption\">La frontera entre Nova Gorica y Gorizia ya no divide a la gente.<small class=\"copyright\">Imagen: Leopold Brix\/Zoonar.com\/IMAGO<\/small><\/figcaption><\/figure>\n<p>Fundada en torno al a\u00f1o 1000, fue el lugar de origen de los condes de G\u00f6rz, una dinast\u00eda que se contaba entre las m\u00e1s importantes del \u00e1rea del sur de los Alpes. Los Habsburgo gobernaron posteriormente la ciudad, que a\u00fan se llamaba G\u00f6rz y ten\u00eda un ambiente cosmopolita. En sus calles se hablaba esloveno, italiano y alem\u00e1n. Tras la I Guerra Mundial y la ca\u00edda de los Habsburgo, pas\u00f3 a manos de Italia y recibi\u00f3 el nombre de Gorizia. La poblaci\u00f3n eslovena fue asimilada y la diversidad cultural qued\u00f3 atr\u00e1s.<\/p>\n<p>Despu\u00e9s de la II Guerra Mundial volvieron a barajarse los naipes. La mayor parte de la ciudad sigui\u00f3 siendo italiana, pero Josip Broz Tito, gobernante de Yugoslavia -a la que pertenec\u00eda la actual Eslovenia-, no quiso renunciar a ese lugar y fund\u00f3 a su lado Nova Gorica: una ciudad dise\u00f1ada en el tablero, moderna y funcional.<\/p>\n<p>As\u00ed se ciment\u00f3 la frontera entre Nova Gorica y Gorizia. Familias quedaron divididas, se redistribuyeron terrenos y creci\u00f3 la desconfianza en ambas partes. La guerra fr\u00eda se vivi\u00f3 all\u00ed en peque\u00f1a escala.<\/p>\n<p>Incluso tras la ca\u00edda de la cortina de hierro, la frontera subsisti\u00f3 durante 16 a\u00f1os. Solo cuando Eslovenia se sum\u00f3 a la Uni\u00f3n Europea y en 2007 se incorpor\u00f3 al espacio de Schengen, ambas comunidades pudieron comenzar a reconstruir su historia conjunta. Ahora, una ciudad vuelve a unirse, simb\u00f3licamente: Nova Gorica y Gorizia se presentan en forma conjunta como \u201cCapital Cultural Europea sin Fronteras 2025\u201d.<\/p>\n<p>(us\/md)<\/p>\n<\/div>\n\n","protected":false},"excerpt":{"rendered":"<p>Es uno de los mayores bustos del mundo y el s\u00edmbolo de Chemnitz: el monumento a Karl Marx, ubicado desde 1971 en el centro de la ciudad. \u00abKarl Marx no necesita piernas, ni manos, su cabeza lo dice todo\u201d, habr\u00eda afirmado el escultor sovi\u00e9tico Lew Kerbel, al dar forma a la cabeza, de 40 toneladas. &hellip;<\/p>\n","protected":false},"author":1,"featured_media":8144,"comment_status":"open","ping_status":"open","sticky":false,"template":"","format":"standard","meta":{"fifu_image_url":"https:\/\/static.dw.com\/image\/62994294_6.jpg","fifu_image_alt":"","footnotes":""},"categories":[13],"tags":[],"class_list":["post-8143","post","type-post","status-publish","format-standard","has-post-thumbnail","","category-mundo"],"_links":{"self":[{"href":"https:\/\/noticiasveraces.com\/index.php?rest_route=\/wp\/v2\/posts\/8143","targetHints":{"allow":["GET"]}}],"collection":[{"href":"https:\/\/noticiasveraces.com\/index.php?rest_route=\/wp\/v2\/posts"}],"about":[{"href":"https:\/\/noticiasveraces.com\/index.php?rest_route=\/wp\/v2\/types\/post"}],"author":[{"embeddable":true,"href":"https:\/\/noticiasveraces.com\/index.php?rest_route=\/wp\/v2\/users\/1"}],"replies":[{"embeddable":true,"href":"https:\/\/noticiasveraces.com\/index.php?rest_route=%2Fwp%2Fv2%2Fcomments&post=8143"}],"version-history":[{"count":0,"href":"https:\/\/noticiasveraces.com\/index.php?rest_route=\/wp\/v2\/posts\/8143\/revisions"}],"wp:featuredmedia":[{"embeddable":true,"href":"https:\/\/noticiasveraces.com\/index.php?rest_route=\/wp\/v2\/media\/8144"}],"wp:attachment":[{"href":"https:\/\/noticiasveraces.com\/index.php?rest_route=%2Fwp%2Fv2%2Fmedia&parent=8143"}],"wp:term":[{"taxonomy":"category","embeddable":true,"href":"https:\/\/noticiasveraces.com\/index.php?rest_route=%2Fwp%2Fv2%2Fcategories&post=8143"},{"taxonomy":"post_tag","embeddable":true,"href":"https:\/\/noticiasveraces.com\/index.php?rest_route=%2Fwp%2Fv2%2Ftags&post=8143"}],"curies":[{"name":"wp","href":"https:\/\/api.w.org\/{rel}","templated":true}]}}