{"id":8138,"date":"2024-12-28T03:50:45","date_gmt":"2024-12-28T07:50:45","guid":{"rendered":"https:\/\/noticiasveraces.com\/?p=8138"},"modified":"2024-12-28T03:50:45","modified_gmt":"2024-12-28T07:50:45","slug":"en-2025-tambien-en-modo-de-crisis-dw-27-12-2024","status":"publish","type":"post","link":"https:\/\/noticiasveraces.com\/?p=8138","title":{"rendered":"en 2025 tambi\u00e9n en modo de crisis \u2013 DW \u2013 27\/12\/2024"},"content":{"rendered":"<p> \n<\/p>\n<div>\n<p>El mayor desaf\u00edo tiene nombre: Donald Trump. Es probable que el futuro presidente estadounidense d\u00e9 un vuelco a gran parte de lo que era importante para la anterior coalici\u00f3n berlinesa bajo el canciller del SPD, Olaf Scholz.<\/p>\n<p>\u00abAhora est\u00e1 claro que la vieja f\u00f3rmula de que podemos confiar en Estados Unidos para nuestra seguridad ya no se aplica\u00bb, dijo a DW Thorsten Benner, director del Instituto de Pol\u00edtica P\u00fablica Global en Berl\u00edn. Agreg\u00f3 que \u00abTrump no es la excepci\u00f3n a la regla, sino la nueva regla, y que los cuatro a\u00f1os bajo Biden fueron los \u00faltimos coletazos del viejo transatlantismo\u00bb. Alemania debe prepararse para un mundo \u00aben el que tengamos que pagar mucho m\u00e1s por nuestra propia seguridad en Europa, y eso, en una situaci\u00f3n en la que tenemos una guerra en el continente europeo\u00bb.<\/p>\n<h2>Una posibilidad: Europa paga, EE.UU. suministros de armas a Ucrania<\/h2>\n<p>Los cambios podr\u00edan notarse especialmente en la guerra de Ucrania. Donald Trump ha vuelto a decir recientemente que \u00absin duda\u00bb recortar\u00e1 el apoyo a Ucrania y ha pedido un \u00abalto el fuego inmediato\u00bb.<\/p>\n<p>\u00bfQu\u00e9 significa esto para Alemania? La ministra de Asuntos Exteriores, de los Verdes, Annalena Baerbock, afirm\u00f3 en el Foro de Pol\u00edtica Exterior de Berl\u00edn, a mediados de noviembre: \u00abAlemania est\u00e1 al lado de Ucrania independientemente del resultado de las elecciones en Estados Unidos\u00bb. Y: \u00abNo puede haber negociaciones de paz sobre las cabezas de los ucranianos\u00bb. Respond\u00eda as\u00ed a las insinuaciones de Trump de que podr\u00eda llegar a un acuerdo con el presidente ruso, Vlad\u00edmir Putin, para poner fin a la guerra en Ucrania.<\/p>\n<figure class=\"placeholder-image master_landscape big\"><img data-format=\"MASTER_LANDSCAPE\" data-id=\"70945461\" data-url=\"https:\/\/static.dw.com\/image\/70945461_${formatId}.jpg\" data-aspect-ratio=\"16\/9\" alt=\"Zelenski y Scholz, de espaldas y con gesto adusto, rinden homenaje a los ca\u00eddos en la guerra de Ucrania.\" style=\"padding-bottom: 56.25%; height: 0; max-height: 0;\"\/><figcaption class=\"img-caption\">El Presidente ucraniano, Volodimir Zelenski, y el Canciller Federal alem\u00e1n, Olaf Scholz, el 2 de diciembre en Kiev.<small class=\"copyright\">Imagen: alianza de im\u00e1genes\/Kyodo<\/small><\/figcaption><\/figure>\n<p>Para evitarlo, Thorsten Benner sugiere \u00abque nos dirijamos a la administraci\u00f3n Trump con una oferta\u00bb. Podr\u00eda ser algo as\u00ed: \u00abPagaremos para que sigan suministrando material militar a Ucrania\u00bb. Y es que los europeos no pueden compensar militarmente lo que EE.UU. ha suministrado a Ucrania, pero s\u00ed financieramente. Sin embargo, Benner cree que Alemania debe gastar m\u00e1s dinero en esto y en seguridad en general y, dada la ajustada situaci\u00f3n presupuestaria, eso no es factible sin nuevo endeudamiento.<\/p>\n<h2>Alemania y Europa, s\u00f3lo \u00abespectadores\u00bb en el Medio Oriente<\/h2>\n<p>La segunda gran cuesti\u00f3n de pol\u00edtica exterior es el Medio Oriente. El derrocamiento del presidente sirio Bashar al Assad a principios de diciembre ha complicado a\u00fan m\u00e1s la situaci\u00f3n: la alegr\u00eda por el fin del gobierno de Assad, que contaba con el apoyo de Rusia e Ir\u00e1n, se mezcla en Berl\u00edn con las dudas sobre si los islamistas se impondr\u00e1n en Siria y si nuevos flujos de refugiados se dirigir\u00e1n hacia Europa. Pero la agitaci\u00f3n en Siria es s\u00f3lo el \u00faltimo acontecimiento importante en la regi\u00f3n.<\/p>\n<p>Tras el ataque terrorista de Ham\u00e1s contra Israel el 7 de octubre de 2023 y las represalias israel\u00edes en la Franja de Gaza y contra Hezbol\u00e1 en el sur de L\u00edbano, el Gobierno alem\u00e1n ha intentado un acto de equilibrio: por un lado, ha defendido la seguridad. de Israel como autoproclamada \u00abraz\u00f3n de Estado\u00bb alemana. Por otro, la ministra de Asuntos Exteriores, Annalena Baerbock, ha intercedido en numerosos viajes a la regi\u00f3n para atender las preocupaciones de los palestinos y por desescalar el conflicto.<\/p>\n<p>\u00abEl acto de equilibrio no fue perfecto, pero habr\u00eda sido dif\u00edcil hacerlo de forma diferente a como se ha hecho hasta ahora\u00bb, declar\u00f3 a DW Hans-Jakob Schindler, experto en Oriente Medio de la organizaci\u00f3n internacional <em>Proyecto Contra el Extremismo.<\/em> Tras su implicaci\u00f3n en el conflicto de Oriente Pr\u00f3ximo hace muchos a\u00f1os, la UE en su conjunto se ha retirado considerablemente. Despu\u00e9s del 7 de octubre de 2023, la UE, incluida Alemania, \u00abapenas tuvo peso en las conversaciones a la hora de tomar decisiones\u00bb, afirma Schindler. \u00abEra realmente un di\u00e1logo estadounidense-israel\u00ed, y los europeos eran a lo sumo espectadores que hac\u00edan comentarios al margen\u00bb.<\/p>\n<p><span data-slot-id=\"Article_InContent-1\" class=\"rich-text-ad\"\/><\/p>\n<h2>China resiente las conferencias alemanas<\/h2>\n<p>La ministra de Asuntos Exteriores, Annalena Baerbock, del Partido Verde, ha sido naturalmente la principal impulsora de la pol\u00edtica exterior en los \u00faltimos a\u00f1os. Sobre todo, ha querido guiarse por valores. Tambi\u00e9n abord\u00f3 abiertamente las violaciones de los derechos humanos con importantes socios comerciales como China. En una rueda de prensa con el entonces ministro chino de Asuntos Exteriores, Qin Gang, en 2023, esto le vali\u00f3 un reproche: \u00abLo que menos necesita China es un maestro de Occidente\u00bb.<\/p>\n<p>Thorsten Benner, del Instituto de Pol\u00edtica P\u00fablica Global de Berl\u00edn, cree que una pol\u00edtica exterior orientada a los valores es dif\u00edcil de aplicar. \u00abPor supuesto que es bueno tener un objetivo ambicioso para que no sea demasiado f\u00e1cil caer en compromisos de <em>realpolitik<\/em> demasiado desordenados. Pero creo que incluso la se\u00f1ora Baerbock quiz\u00e1s ya no anclar\u00eda este objetivo de una pol\u00edtica exterior basada en valores en el pr\u00f3ximo acuerdo de coalici\u00f3n de la misma manera.\u00bb<\/p>\n<p>(md\/ers)<\/p>\n<\/p>\n<\/div>\n\n","protected":false},"excerpt":{"rendered":"<p>El mayor desaf\u00edo tiene nombre: Donald Trump. Es probable que el futuro presidente estadounidense d\u00e9 un vuelco a gran parte de lo que era importante para la anterior coalici\u00f3n berlinesa bajo el canciller del SPD, Olaf Scholz. \u00abAhora est\u00e1 claro que la vieja f\u00f3rmula de que podemos confiar en Estados Unidos para nuestra seguridad ya &hellip;<\/p>\n","protected":false},"author":1,"featured_media":8139,"comment_status":"open","ping_status":"open","sticky":false,"template":"","format":"standard","meta":{"fifu_image_url":"https:\/\/static.dw.com\/image\/67363673_6.jpg","fifu_image_alt":"","footnotes":""},"categories":[13],"tags":[],"class_list":["post-8138","post","type-post","status-publish","format-standard","has-post-thumbnail","","category-mundo"],"_links":{"self":[{"href":"https:\/\/noticiasveraces.com\/index.php?rest_route=\/wp\/v2\/posts\/8138","targetHints":{"allow":["GET"]}}],"collection":[{"href":"https:\/\/noticiasveraces.com\/index.php?rest_route=\/wp\/v2\/posts"}],"about":[{"href":"https:\/\/noticiasveraces.com\/index.php?rest_route=\/wp\/v2\/types\/post"}],"author":[{"embeddable":true,"href":"https:\/\/noticiasveraces.com\/index.php?rest_route=\/wp\/v2\/users\/1"}],"replies":[{"embeddable":true,"href":"https:\/\/noticiasveraces.com\/index.php?rest_route=%2Fwp%2Fv2%2Fcomments&post=8138"}],"version-history":[{"count":0,"href":"https:\/\/noticiasveraces.com\/index.php?rest_route=\/wp\/v2\/posts\/8138\/revisions"}],"wp:featuredmedia":[{"embeddable":true,"href":"https:\/\/noticiasveraces.com\/index.php?rest_route=\/wp\/v2\/media\/8139"}],"wp:attachment":[{"href":"https:\/\/noticiasveraces.com\/index.php?rest_route=%2Fwp%2Fv2%2Fmedia&parent=8138"}],"wp:term":[{"taxonomy":"category","embeddable":true,"href":"https:\/\/noticiasveraces.com\/index.php?rest_route=%2Fwp%2Fv2%2Fcategories&post=8138"},{"taxonomy":"post_tag","embeddable":true,"href":"https:\/\/noticiasveraces.com\/index.php?rest_route=%2Fwp%2Fv2%2Ftags&post=8138"}],"curies":[{"name":"wp","href":"https:\/\/api.w.org\/{rel}","templated":true}]}}