{"id":8135,"date":"2024-12-28T03:04:22","date_gmt":"2024-12-28T07:04:22","guid":{"rendered":"https:\/\/noticiasveraces.com\/?p=8135"},"modified":"2024-12-28T03:04:22","modified_gmt":"2024-12-28T07:04:22","slug":"hacer-un-top-10-seria-un-puesto-sonado","status":"publish","type":"post","link":"https:\/\/noticiasveraces.com\/?p=8135","title":{"rendered":"\u00abHacer un top-10 ser\u00eda un puesto so\u00f1ado\u00bb"},"content":{"rendered":"<p> \n<\/p>\n<div id=\"intext\">\n<p>A una semana del comienzo del Rally Dakar 2025 en Arabia Saud\u00ed, <b>Antena 3 Deportes<\/b> ha tenido el privilegio de charlar con <b>Cristina Guti\u00e9rrez<\/b>la primera espa\u00f1ola en terminar el rally m\u00e1s duro del mundo (2017) y la <b>segunda mujer en ganar una etapa<\/b> (2021) y alzarse con el <b>triunfo en una categor\u00eda<\/b> (2024).<\/p>\n<p>La piloto burgalesa debuta este a\u00f1o en la categor\u00eda Ultimate, donde se medir\u00e1 con los mejores pilotos del mundo. Lo har\u00e1 al volante del Dacia Sandride, un veh\u00edculo que tambi\u00e9n conducir\u00e1 <b>Nasser Al Attiyah<\/b>campe\u00f3n del Dakar en 2011, 2015, 2019, 2022 y 2023, y <b>S\u00e9bastien Loeb<\/b>nueve veces campe\u00f3n del mundo de rallyes (del 2004 al 2012).<\/p>\n<p>\u00abSi pudi\u00e9ramos hacer un top-10 ser\u00eda un puesto so\u00f1ado para ser el primer a\u00f1o en Ultimate\u00bb, indica Cristina Guti\u00e9rrez.<\/p>\n<p>La burgalesa gan\u00f3 en la categor\u00eda Challenger en 2024 y sabe de primera mano que esta carrera es siempre especial.<\/p>\n<p>\u00ab<b>El Dakar da golpes de realidad y hay que ir con la humildad del primer a\u00f1o<\/b>\u00ab, reconoce Guti\u00e9rrez.<\/p>\n<h2 class=\"title-h2\">\u00abCreo que es una carrera muy mental\u00bb<\/h2>\n<p>El piloto de 33 a\u00f1os explica que sus compa\u00f1eros le ser\u00e1n de gran ayuda. \u00abNo son pilotos que se guarden nada para ellos\u00bb, asegura la burgalesa sobre sus compa\u00f1eros en el equipo Dacia.<\/p>\n<p>Se espera una <b>primera semana del Dakar muy complicada<\/b> y Cristina Guti\u00e9rrez lo sabe.<\/p>\n<p>\u00abYa el segundo d\u00eda la etapa de 24 horas y al cuarto d\u00eda tenemos etapa marat\u00f3n. Sin asistencia pr\u00e1cticamente la primera semana\u00bb, analiza la burgalesa.<\/p>\n<p>\u00abNos gusta correr desde el principio y yo creo que es una carrera muy mental\u00bb, advierte Cristina Guti\u00e9rrez.<\/p>\n<p><i>S\u00edguenos en nuestro canal de WhatsApp y no te pierdas la \u00faltima hora y toda la actualidad de antena3noticias.com<\/i><\/p>\n<div class=\"recirculation-video\" data-mod=\"a3mod_recirculation_video\">\n<div class=\"recirculation-video-wrapper\">\n<div>\n<div class=\"video-wrapper\">\n  <picture class=\"video-main-picture\"><source media=\"(min-width: 481px)\" srcset=\"https:\/\/fotografias.antena3.com\/clipping\/cmsimages01\/2024\/12\/24\/8E28A52A-5850-465C-B810-CBF6E93FD8E1\/euken-alberdi-ejecuta-backflip-maniobra-prohibida-hace-poco-competiciones-patinaje-hielo_94.jpg?crop=423,238,x1,y0&amp;width=800&amp;height=450&amp;optimize=medium&amp;format=webply\" width=\"800\" height=\"450\"><source media=\"(min-width: 391px) and (max-width: 480px)\" srcset=\"https:\/\/fotografias.antena3.com\/clipping\/cmsimages01\/2024\/12\/24\/8E28A52A-5850-465C-B810-CBF6E93FD8E1\/euken-alberdi-ejecuta-backflip-maniobra-prohibida-hace-poco-competiciones-patinaje-hielo_70.jpg?crop=423,238,x1,y0&amp;width=480&amp;height=270&amp;optimize=high&amp;format=webply\" width=\"480\" height=\"270\"><source media=\"(min-width: 321px) and (max-width: 390px)\" srcset=\"https:\/\/fotografias.antena3.com\/clipping\/cmsimages01\/2024\/12\/24\/8E28A52A-5850-465C-B810-CBF6E93FD8E1\/euken-alberdi-ejecuta-backflip-maniobra-prohibida-hace-poco-competiciones-patinaje-hielo_92.jpg?crop=424,238,x1,y0&amp;width=390&amp;height=219&amp;optimize=high&amp;format=webply\" width=\"390\" height=\"219\"><source media=\"(max-width: 320px)\" srcset=\"https:\/\/fotografias.antena3.com\/clipping\/cmsimages01\/2024\/12\/24\/8E28A52A-5850-465C-B810-CBF6E93FD8E1\/euken-alberdi-ejecuta-backflip-maniobra-prohibida-hace-poco-competiciones-patinaje-hielo_52.jpg?crop=423,238,x1,y0&amp;width=320&amp;height=180&amp;optimize=high&amp;format=webply\" width=\"320\" height=\"180\"><img decoding=\"async\" title=\"Euken Alberdi ejecuta el backflip, una maniobra prohibida hasta hace poco en las competiciones de patinaje sobre hielo\" alt=\"Euken Alberdi ejecuta el backflip, una maniobra prohibida hasta hace poco en las competiciones de patinaje sobre hielo\" width=\"480\" height=\"270\" src=\"https:\/\/fotografias.antena3.com\/clipping\/cmsimages01\/2024\/12\/24\/8E28A52A-5850-465C-B810-CBF6E93FD8E1\/euken-alberdi-ejecuta-backflip-maniobra-prohibida-hace-poco-competiciones-patinaje-hielo_70.jpg?crop=423,238,x1,y0&amp;width=480&amp;height=270&amp;optimize=high&amp;format=webply\" loading=\"lazy\" class=\"lazy\"\/><br \/>\n  <\/source><\/source><\/source><\/source><\/picture>\n <\/div>\n<\/div><\/div>\n<\/p><\/div>\n<\/div>\n\n","protected":false},"excerpt":{"rendered":"<p>A una semana del comienzo del Rally Dakar 2025 en Arabia Saud\u00ed, Antena 3 Deportes ha tenido el privilegio de charlar con Cristina Guti\u00e9rrezla primera espa\u00f1ola en terminar el rally m\u00e1s duro del mundo (2017) y la segunda mujer en ganar una etapa (2021) y alzarse con el triunfo en una categor\u00eda (2024). La piloto &hellip;<\/p>\n","protected":false},"author":1,"featured_media":8137,"comment_status":"open","ping_status":"open","sticky":false,"template":"","format":"standard","meta":{"fifu_image_url":"https:\/\/fotografias.antena3.com\/clipping\/cmsimages01\/2024\/12\/27\/CF317580-EFB4-4D23-91F1-6DDCC1BA693D\/cristina-gutierrez-piloto-dakar-2025_69.jpg?crop=1920,1080,x0,y0&width=1280&height=720&optimize=low&format=jpg","fifu_image_alt":"","footnotes":""},"categories":[6],"tags":[],"class_list":["post-8135","post","type-post","status-publish","format-standard","has-post-thumbnail","","category-deportes"],"_links":{"self":[{"href":"https:\/\/noticiasveraces.com\/index.php?rest_route=\/wp\/v2\/posts\/8135","targetHints":{"allow":["GET"]}}],"collection":[{"href":"https:\/\/noticiasveraces.com\/index.php?rest_route=\/wp\/v2\/posts"}],"about":[{"href":"https:\/\/noticiasveraces.com\/index.php?rest_route=\/wp\/v2\/types\/post"}],"author":[{"embeddable":true,"href":"https:\/\/noticiasveraces.com\/index.php?rest_route=\/wp\/v2\/users\/1"}],"replies":[{"embeddable":true,"href":"https:\/\/noticiasveraces.com\/index.php?rest_route=%2Fwp%2Fv2%2Fcomments&post=8135"}],"version-history":[{"count":0,"href":"https:\/\/noticiasveraces.com\/index.php?rest_route=\/wp\/v2\/posts\/8135\/revisions"}],"wp:featuredmedia":[{"embeddable":true,"href":"https:\/\/noticiasveraces.com\/index.php?rest_route=\/wp\/v2\/media\/8137"}],"wp:attachment":[{"href":"https:\/\/noticiasveraces.com\/index.php?rest_route=%2Fwp%2Fv2%2Fmedia&parent=8135"}],"wp:term":[{"taxonomy":"category","embeddable":true,"href":"https:\/\/noticiasveraces.com\/index.php?rest_route=%2Fwp%2Fv2%2Fcategories&post=8135"},{"taxonomy":"post_tag","embeddable":true,"href":"https:\/\/noticiasveraces.com\/index.php?rest_route=%2Fwp%2Fv2%2Ftags&post=8135"}],"curies":[{"name":"wp","href":"https:\/\/api.w.org\/{rel}","templated":true}]}}