{"id":8117,"date":"2024-12-28T00:05:20","date_gmt":"2024-12-28T04:05:20","guid":{"rendered":"https:\/\/noticiasveraces.com\/?p=8117"},"modified":"2024-12-28T00:05:20","modified_gmt":"2024-12-28T04:05:20","slug":"la-amenaza-de-aranceles-de-trump-se-cierne-sobre-la-reunion-con-ministros-canadienses-en-mar-a-lago","status":"publish","type":"post","link":"https:\/\/noticiasveraces.com\/?p=8117","title":{"rendered":"La amenaza de aranceles de Trump se cierne sobre la reuni\u00f3n con ministros canadienses en Mar-a-Lago"},"content":{"rendered":"<p> \n<br \/><img decoding=\"async\" src=\"https:\/\/media-cldnry.s-nbcnews.com\/image\/upload\/t_fit_1500w\/rockcms\/2024-12\/241227-howard-lutnick-se941p-bc4260.jpg\" \/><\/p>\n<div>\n<p class=\"\">Altos funcionarios canadienses se reunieron con altos asesores de Donald Trump el viernes para discutir la seguridad fronteriza y el impacto potencial de los aranceles que el presidente electo ha amenazado con imponer cuando asuma el cargo el pr\u00f3ximo mes.<\/p>\n<p class=\"\">El ministro de Finanzas canadiense, Dominic LeBlanc, y la ministra de Asuntos Exteriores, M\u00e9lanie Joly, viajaron a Mar-a-Lago para reunirse con Howard Lutnick y Doug Burgum, los elegidos por Trump para dirigir los departamentos de Comercio e Interior, respectivamente.<\/p>\n<p class=\"\">Un portavoz del Ministerio de Finanzas canadiense dijo que la reuni\u00f3n fue \u201cpositiva\u201d y \u201cproductiva\u201d, y sirvi\u00f3 como seguimiento de la cena de Trump y el Primer Ministro Justin Trudeau el mes pasado despu\u00e9s de que Trump amenazara con imponer un arancel del 25% a los productos canadienses.<\/p>\n<p class=\"\">\u00abAmbos ministros describieron las medidas del Plan Fronterizo de Canad\u00e1 y reiteraron el compromiso compartido de fortalecer la seguridad fronteriza y combatir el da\u00f1o causado por el fentanilo para salvar vidas canadienses y estadounidenses\u00bb, dijo el portavoz Jean-S\u00e9bastien Comeau en un comunicado.<\/p>\n<p class=\"\">La reuni\u00f3n no pareci\u00f3 cambiar las cosas en el frente arancelario, aunque Lutnick y Burgum acordaron \u00abtransmitir informaci\u00f3n\u00bb a Trump, seg\u00fan Comeau.<\/p>\n<p class=\"\">El equipo de transici\u00f3n de Trump no respondi\u00f3 de inmediato a una solicitud de comentarios el viernes por la noche.<\/p>\n<p class=\"\">Al entrar en la reuni\u00f3n, un portavoz independiente del Ministerio de Finanzas dijo: \u00abLos Ministros tienen la intenci\u00f3n de centrarse en los esfuerzos de Canad\u00e1 para combatir el tr\u00e1fico de fentanilo y la migraci\u00f3n ilegal y las medidas descritas en el Plan Fronterizo de Canad\u00e1, as\u00ed como los impactos negativos que la imposici\u00f3n del 25% Los aranceles sobre productos canadienses tendr\u00edan tanto para Canad\u00e1 como para Estados Unidos\u201d.<\/p>\n<p class=\"\">La reuni\u00f3n se produce inmediatamente despu\u00e9s de las repetidas promesas de Trump de imponer aranceles a Canad\u00e1 y M\u00e9xico. Trump ha presentado los aranceles como una respuesta a la seguridad fronteriza, argumentando que Canad\u00e1 y M\u00e9xico est\u00e1n contribuyendo al flujo de drogas ilegales, como el fentanilo, hacia Estados Unidos.<\/p>\n<p class=\"\">Los datos proporcionados por la Oficina de Aduanas y Protecci\u00f3n Fronteriza de EE. UU. muestran que el fentanilo incautado en la frontera norte es una peque\u00f1a fracci\u00f3n de las cantidades incautadas en otras regiones.<\/p>\n<p class=\"\">Canad\u00e1 y M\u00e9xico son dos de los principales socios comerciales de Estados Unidos, lo que significa que los aranceles tendr\u00edan efectos de amplio alcance.<\/p>\n<p class=\"endmark\">Trump se ha burlado recientemente de Trudeau refiri\u00e9ndose a \u00e9l como \u201cgobernador\u201d de Canad\u00e1. En publicaciones navide\u00f1as en las redes sociales, Trump repiti\u00f3 el apodo y sugiri\u00f3 que Estados Unidos podr\u00eda anexar el pa\u00eds como su estado n\u00famero 51.<\/p>\n<\/div>\n\n","protected":false},"excerpt":{"rendered":"<p>Altos funcionarios canadienses se reunieron con altos asesores de Donald Trump el viernes para discutir la seguridad fronteriza y el impacto potencial de los aranceles que el presidente electo ha amenazado con imponer cuando asuma el cargo el pr\u00f3ximo mes. El ministro de Finanzas canadiense, Dominic LeBlanc, y la ministra de Asuntos Exteriores, M\u00e9lanie Joly, &hellip;<\/p>\n","protected":false},"author":1,"featured_media":8119,"comment_status":"open","ping_status":"open","sticky":false,"template":"","format":"standard","meta":{"fifu_image_url":"https:\/\/media-cldnry.s-nbcnews.com\/image\/upload\/t_nbcnews-fp-1200-630,f_auto,q_auto:best\/rockcms\/2024-12\/241227-howard-lutnick-se941p-bc4260.jpg","fifu_image_alt":"","footnotes":""},"categories":[4],"tags":[],"class_list":["post-8117","post","type-post","status-publish","format-standard","has-post-thumbnail","","category-historias-destacadas"],"_links":{"self":[{"href":"https:\/\/noticiasveraces.com\/index.php?rest_route=\/wp\/v2\/posts\/8117","targetHints":{"allow":["GET"]}}],"collection":[{"href":"https:\/\/noticiasveraces.com\/index.php?rest_route=\/wp\/v2\/posts"}],"about":[{"href":"https:\/\/noticiasveraces.com\/index.php?rest_route=\/wp\/v2\/types\/post"}],"author":[{"embeddable":true,"href":"https:\/\/noticiasveraces.com\/index.php?rest_route=\/wp\/v2\/users\/1"}],"replies":[{"embeddable":true,"href":"https:\/\/noticiasveraces.com\/index.php?rest_route=%2Fwp%2Fv2%2Fcomments&post=8117"}],"version-history":[{"count":0,"href":"https:\/\/noticiasveraces.com\/index.php?rest_route=\/wp\/v2\/posts\/8117\/revisions"}],"wp:featuredmedia":[{"embeddable":true,"href":"https:\/\/noticiasveraces.com\/index.php?rest_route=\/wp\/v2\/media\/8119"}],"wp:attachment":[{"href":"https:\/\/noticiasveraces.com\/index.php?rest_route=%2Fwp%2Fv2%2Fmedia&parent=8117"}],"wp:term":[{"taxonomy":"category","embeddable":true,"href":"https:\/\/noticiasveraces.com\/index.php?rest_route=%2Fwp%2Fv2%2Fcategories&post=8117"},{"taxonomy":"post_tag","embeddable":true,"href":"https:\/\/noticiasveraces.com\/index.php?rest_route=%2Fwp%2Fv2%2Ftags&post=8117"}],"curies":[{"name":"wp","href":"https:\/\/api.w.org\/{rel}","templated":true}]}}