{"id":8068,"date":"2024-12-27T15:01:42","date_gmt":"2024-12-27T19:01:42","guid":{"rendered":"https:\/\/noticiasveraces.com\/?p=8068"},"modified":"2024-12-27T15:01:42","modified_gmt":"2024-12-27T19:01:42","slug":"lamine-yamal-rodri-y-carvajal-en-el-xi-ideal-del-2024-de-la-iffhs","status":"publish","type":"post","link":"https:\/\/noticiasveraces.com\/?p=8068","title":{"rendered":"Lamine Yamal, Rodri y Carvajal, en el XI ideal del 2024 de la IFFHS"},"content":{"rendered":"<p> \n<\/p>\n<div id=\"intext\">\n<p>El 2024 ha sido un gran a\u00f1o para el f\u00fatbol espa\u00f1ol. La <b>selecci\u00f3n espa\u00f1ola de f\u00fatbol<\/b> brill\u00f3 el pasado verano <b>ganando la Eurocopa de Alemania<\/b>un \u00e9xito al que se agreg\u00f3 la <b>medalla de oro en los Juegos Ol\u00edmpicos de Par\u00eds<\/b>. Adem\u00e1s, a nivel de clubes el Real Madrid <b>alz\u00f3 la decimoquinta Champions<\/b> de su historia y la <b>Supercopa de Europa<\/b> y la <b>Intercontinental<\/b> Hace apenas unos d\u00edas. Unos \u00e9xitos que demuestran la fortaleza del f\u00fatbol espa\u00f1ol y que tienen su reflejo en el once ideal del a\u00f1o elaborado por la Federaci\u00f3n de Historia y Estad\u00edstica del F\u00fatbol (IFFHS).<\/p>\n<p>En ese once ideal hay tres espa\u00f1oles (<b>Dani Carvajal, Rodri Hern\u00e1ndez y Lamine Yamal<\/b>) y cinco jugadores del Real Madrid (<b>Vin\u00edcius Jr., Jude Bellingham, Toni Kross -retirado-, Antonio R\u00fcdiger y el ya mencionado Carvajal<\/b>). El once ideal cuenta con el Dibu Mart\u00ednez bajo los palos, defensa por Alphonso Davies, Antonio R\u00fcdiger, Ruben D\u00edaz y Dani Carvajal.<\/p>\n<p>El centro del campo lo forman Toni Kroos, Jude Bellingham y Rodri. Y el ataque es para Vin\u00edcius Jr., Erling Haaland y Lamine Yamal.<\/p>\n<h2 class=\"title-h2\">XI ideal del 2024 de la IFFHS<\/h2>\n<ul>\n<li><b>Portero<\/b>: Emiliano Mart\u00ednez (ARG\/Aston Villa)<\/li>\n<li><b>defensas<\/b>: Dani Carvajal (ESP\/Real Madrid), Rub\u00e9n D\u00edas (POR\/Manchester City), Antonio Rudiger (GER\/Real Madrid) y Alphonso Davies (CAN\/Bayern M\u00fanich).<\/li>\n<li><b>Centrocampistas<\/b>: Rodri Hern\u00e1ndez (ESP\/Manchester City), Jude Bellingham (ING\/Real Madrid) y Toni Kroos (GER\/Real Madrid).<\/li>\n<li><b>Delanteros<\/b>: Lamine Yamal (ESP\/Barcelona), Erling Haaland (NOR\/Manchester City) y Vinicius Junior (BRA\/Real Madrid).<\/li>\n<\/ul>\n<h2 class=\"title-h2\">Luis de la Fuente, el mejor t\u00e9cnico de 2024<\/h2>\n<p>El seleccionador espa\u00f1ol, <b>luis de la fuente<\/b>ha sido designado por la IFFHS como el <b>mejor seleccionador del mundo en 2024 <\/b>por delante de Lionel Scaloni, entrenador de Argentina, y de <b>Didier Deschamps<\/b>de Francia.<\/p>\n<p>De la Fuente, que llev\u00f3 a Espa\u00f1a a la conquista de la Eurocopa de Alemania, se hizo con este reconocimiento con 274 puntos, 126 m\u00e1s que Scaloni, ganador este a\u00f1o de la Copa Am\u00e9rica y que fue elegido el mejor en 2022 y 2023.<\/p>\n<p>El t\u00e9cnico riojano es el tercer espa\u00f1ol elegido como el mejor del a\u00f1o tras Luis Aragon\u00e9s (2008) y Vicente del Bosque (2009, 2010, 2012 y 2013).<\/p>\n<p><i>S\u00edguenos en nuestro canal de WhatsApp y no te pierdas la \u00faltima hora y toda la actualidad de antena3noticias.com<\/i><\/p>\n<div class=\"recirculation-video\" data-mod=\"a3mod_recirculation_video\">\n<div class=\"recirculation-video-wrapper\">\n<div>\n<div class=\"video-wrapper\">\n  <picture class=\"video-main-picture\"><source media=\"(min-width: 481px)\" srcset=\"https:\/\/fotografias.antena3.com\/clipping\/cmsimages01\/2024\/12\/25\/C8240E0B-CFC5-4B01-9D58-1E838FC43246\/salida-115-edicion-copa-nadal-puerto-barcelona_94.jpg?crop=3712,2088,x0,y233&amp;width=800&amp;height=450&amp;optimize=medium&amp;format=webply\" width=\"800\" height=\"450\"><source media=\"(min-width: 391px) and (max-width: 480px)\" srcset=\"https:\/\/fotografias.antena3.com\/clipping\/cmsimages01\/2024\/12\/25\/C8240E0B-CFC5-4B01-9D58-1E838FC43246\/salida-115-edicion-copa-nadal-puerto-barcelona_70.jpg?crop=3712,2088,x0,y233&amp;width=480&amp;height=270&amp;optimize=high&amp;format=webply\" width=\"480\" height=\"270\"><source media=\"(min-width: 321px) and (max-width: 390px)\" srcset=\"https:\/\/fotografias.antena3.com\/clipping\/cmsimages01\/2024\/12\/25\/C8240E0B-CFC5-4B01-9D58-1E838FC43246\/salida-115-edicion-copa-nadal-puerto-barcelona_92.jpg?crop=3712,2084,x0,y235&amp;width=390&amp;height=219&amp;optimize=high&amp;format=webply\" width=\"390\" height=\"219\"><source media=\"(max-width: 320px)\" srcset=\"https:\/\/fotografias.antena3.com\/clipping\/cmsimages01\/2024\/12\/25\/C8240E0B-CFC5-4B01-9D58-1E838FC43246\/salida-115-edicion-copa-nadal-puerto-barcelona_52.jpg?crop=3712,2088,x0,y233&amp;width=320&amp;height=180&amp;optimize=high&amp;format=webply\" width=\"320\" height=\"180\"><img decoding=\"async\" title=\"Salida de la 115 edici\u00f3n de la Copa Nadal en el puerto de Barcelona\" alt=\"Salida de la 115 edici\u00f3n de la Copa Nadal en el puerto de Barcelona\" width=\"480\" height=\"270\" src=\"https:\/\/fotografias.antena3.com\/clipping\/cmsimages01\/2024\/12\/25\/C8240E0B-CFC5-4B01-9D58-1E838FC43246\/salida-115-edicion-copa-nadal-puerto-barcelona_70.jpg?crop=3712,2088,x0,y233&amp;width=480&amp;height=270&amp;optimize=high&amp;format=webply\" loading=\"lazy\" class=\"lazy\"\/><br \/>\n  <\/source><\/source><\/source><\/source><\/picture>\n <\/div>\n<\/div><\/div>\n<\/p><\/div>\n<\/div>\n\n","protected":false},"excerpt":{"rendered":"<p>El 2024 ha sido un gran a\u00f1o para el f\u00fatbol espa\u00f1ol. La selecci\u00f3n espa\u00f1ola de f\u00fatbol brill\u00f3 el pasado verano ganando la Eurocopa de Alemaniaun \u00e9xito al que se agreg\u00f3 la medalla de oro en los Juegos Ol\u00edmpicos de Par\u00eds. Adem\u00e1s, a nivel de clubes el Real Madrid alz\u00f3 la decimoquinta Champions de su historia &hellip;<\/p>\n","protected":false},"author":1,"featured_media":8070,"comment_status":"open","ping_status":"open","sticky":false,"template":"","format":"standard","meta":{"fifu_image_url":"https:\/\/fotografias.antena3.com\/clipping\/cmsimages01\/2024\/12\/27\/2C174440-6CA6-4C24-9283-B9F3FD274E5B\/lamine-yamal-carvajal-celebran-gol-eurocopa-alemania_69.jpg?crop=3346,1882,x0,y0&width=1280&height=720&optimize=low&format=jpg","fifu_image_alt":"","footnotes":""},"categories":[6],"tags":[],"class_list":["post-8068","post","type-post","status-publish","format-standard","has-post-thumbnail","","category-deportes"],"_links":{"self":[{"href":"https:\/\/noticiasveraces.com\/index.php?rest_route=\/wp\/v2\/posts\/8068","targetHints":{"allow":["GET"]}}],"collection":[{"href":"https:\/\/noticiasveraces.com\/index.php?rest_route=\/wp\/v2\/posts"}],"about":[{"href":"https:\/\/noticiasveraces.com\/index.php?rest_route=\/wp\/v2\/types\/post"}],"author":[{"embeddable":true,"href":"https:\/\/noticiasveraces.com\/index.php?rest_route=\/wp\/v2\/users\/1"}],"replies":[{"embeddable":true,"href":"https:\/\/noticiasveraces.com\/index.php?rest_route=%2Fwp%2Fv2%2Fcomments&post=8068"}],"version-history":[{"count":0,"href":"https:\/\/noticiasveraces.com\/index.php?rest_route=\/wp\/v2\/posts\/8068\/revisions"}],"wp:featuredmedia":[{"embeddable":true,"href":"https:\/\/noticiasveraces.com\/index.php?rest_route=\/wp\/v2\/media\/8070"}],"wp:attachment":[{"href":"https:\/\/noticiasveraces.com\/index.php?rest_route=%2Fwp%2Fv2%2Fmedia&parent=8068"}],"wp:term":[{"taxonomy":"category","embeddable":true,"href":"https:\/\/noticiasveraces.com\/index.php?rest_route=%2Fwp%2Fv2%2Fcategories&post=8068"},{"taxonomy":"post_tag","embeddable":true,"href":"https:\/\/noticiasveraces.com\/index.php?rest_route=%2Fwp%2Fv2%2Ftags&post=8068"}],"curies":[{"name":"wp","href":"https:\/\/api.w.org\/{rel}","templated":true}]}}