{"id":8045,"date":"2024-12-27T09:16:44","date_gmt":"2024-12-27T13:16:44","guid":{"rendered":"https:\/\/noticiasveraces.com\/?p=8045"},"modified":"2024-12-27T09:16:44","modified_gmt":"2024-12-27T13:16:44","slug":"cinco-grandes-descubrimientos-sobre-el-alzheimer-que-haran-los-cientificos-en-2024","status":"publish","type":"post","link":"https:\/\/noticiasveraces.com\/?p=8045","title":{"rendered":"Cinco grandes descubrimientos sobre el Alzheimer que har\u00e1n los cient\u00edficos en 2024"},"content":{"rendered":"<p> \n<\/p>\n<div>\n<div class=\"article-gating gated-overlay\">\n<div class=\"article-gating-wrapper\">\n<p>\u00danase a Fox News para acceder a este contenido<\/p>\n<p>Adem\u00e1s, acceso especial a art\u00edculos seleccionados y otro contenido premium con su cuenta, sin cargo.<\/p>\n<div class=\"article-gating-legal tablet-desktop\">Al ingresar su correo electr\u00f3nico y presionar Continuar, acepta los T\u00e9rminos de uso y la Pol\u00edtica de privacidad de Fox News, que incluye nuestro Aviso de incentivo financiero.\n    <\/div>\n<p><span>Por favor, introduce una direcci\u00f3n de correo electr\u00f3nico v\u00e1lida.<\/span><\/p>\n<footer class=\"article-gating-footer\">\u00bfTienes problemas? Haga clic aqu\u00ed.<\/footer>\n<\/div>\n<\/div>\n<p class=\"speakable\">Con aproximadamente 6,9 \u200b\u200bmillones de estadounidenses de 65 a\u00f1os o m\u00e1s que viven actualmente con la enfermedad de Alzheimer, el camino hacia una cura parece largo e incierto.<\/p>\n<p class=\"speakable\">Pero a medida que el a\u00f1o llega a su fin, los expertos reflexionan sobre algunos de los avances esperanzadores en diagn\u00f3stico, tratamiento y gesti\u00f3n de riesgos que se han logrado en 2024.<\/p>\n<p>La Asociaci\u00f3n de Alzheimer, una organizaci\u00f3n sin fines de lucro con sede en Chicago comprometida con la investigaci\u00f3n, la atenci\u00f3n y el apoyo al Alzheimer, comparti\u00f3 sus cinco descubrimientos m\u00e1s importantes del a\u00f1o.<\/p>\n<p><strong><u>INFORME SOBRE DEMENCIA REVELA SIGNOS &#8216;IMACTANTES&#8217; A LOS 60 A\u00d1OS DE QUE DESARROLLAR\u00c1S LA ENFERMEDAD A LOS 80 A\u00d1OS<\/u><\/strong><\/p>\n<h2><strong>1. Se aprueba el tercer nuevo f\u00e1rmaco contra el Alzheimer<\/strong><\/h2>\n<p>En 2024, un nuevo f\u00e1rmaco entr\u00f3 en el panorama de la demencia: la Administraci\u00f3n de Alimentos y Medicamentos de EE. UU. (FDA) aprob\u00f3 Kisunla (donanemab) en julio.<\/p>\n<p>Esta fue la tercera nueva aprobaci\u00f3n desde 2021.<\/p>\n<div class=\"image-ct inline\">\n<div class=\"m\"><picture><source media=\"(max-width: 767px)\" srcset=\"https:\/\/a57.foxnews.com\/static.foxnews.com\/foxnews.com\/content\/uploads\/2024\/12\/343\/192\/medical-research.jpg?ve=1&amp;tl=1, https:\/\/a57.foxnews.com\/static.foxnews.com\/foxnews.com\/content\/uploads\/2024\/12\/686\/384\/medical-research.jpg?ve=1&amp;tl=1 2x\" height=\"192\" width=\"343\"><source media=\"(min-width: 768px) and (max-width: 1023px)\" srcset=\"https:\/\/a57.foxnews.com\/static.foxnews.com\/foxnews.com\/content\/uploads\/2024\/12\/672\/378\/medical-research.jpg?ve=1&amp;tl=1, https:\/\/a57.foxnews.com\/static.foxnews.com\/foxnews.com\/content\/uploads\/2024\/12\/1344\/756\/medical-research.jpg?ve=1&amp;tl=1 2x\" height=\"378\" width=\"672\"><source media=\"(min-width: 1024px) and (max-width: 1279px)\" srcset=\"https:\/\/a57.foxnews.com\/static.foxnews.com\/foxnews.com\/content\/uploads\/2024\/12\/931\/523\/medical-research.jpg?ve=1&amp;tl=1, https:\/\/a57.foxnews.com\/static.foxnews.com\/foxnews.com\/content\/uploads\/2024\/12\/1862\/1046\/medical-research.jpg?ve=1&amp;tl=1 2x\" height=\"523\" width=\"931\"><source media=\"(min-width: 1280px)\" srcset=\"https:\/\/a57.foxnews.com\/static.foxnews.com\/foxnews.com\/content\/uploads\/2024\/12\/720\/405\/medical-research.jpg?ve=1&amp;tl=1, https:\/\/a57.foxnews.com\/static.foxnews.com\/foxnews.com\/content\/uploads\/2024\/12\/1440\/810\/medical-research.jpg?ve=1&amp;tl=1 2x\" height=\"405\" width=\"720\"><img loading=\"lazy\" decoding=\"async\" src=\"https:\/\/a57.foxnews.com\/static.foxnews.com\/foxnews.com\/content\/uploads\/2024\/12\/1200\/675\/medical-research.jpg?ve=1&amp;tl=1\" alt=\"investigacion medica\" width=\"1200\" height=\"675\"\/><\/source><\/source><\/source><\/source><\/picture><\/div>\n<div class=\"info\">\n<div class=\"caption\">\n<p><span>La Asociaci\u00f3n de Alzheimer, una organizaci\u00f3n sin fines de lucro con sede en Chicago comprometida con la investigaci\u00f3n, la atenci\u00f3n y el apoyo al Alzheimer, comparti\u00f3 sus cinco descubrimientos m\u00e1s importantes del a\u00f1o.<\/span> <span>(iStock)<\/span><\/p>\n<\/div>\n<\/div>\n<\/div>\n<p>Kisunla, elaborado por Eli Lilly, est\u00e1 dise\u00f1ado para \u00abretrasar la progresi\u00f3n y cambiar el curso subyacente de la enfermedad\u00bb, seg\u00fan el comunicado de prensa de la Asociaci\u00f3n.<\/p>\n<p>El <u>inyecci\u00f3n una vez al mes<\/u> est\u00e1 destinado a adultos con enfermedad de Alzheimer sintom\u00e1tica temprana.<\/p>\n<p>Este es el primer medicamento dirigido a las placas amiloides (las prote\u00ednas que se acumulan en el cerebro de los pacientes con Alzheimer, que a menudo da\u00f1an la memoria y la funci\u00f3n cognitiva) y hay evidencia que respalda la interrupci\u00f3n del tratamiento cuando se eliminan las placas amiloides, seg\u00fan un comunicado de la compa\u00f1\u00eda.<\/p>\n<p><strong><u>LA GRASA &#8216;OCULTA&#8217; PODR\u00cdA PREDECIR LA ENFERMEDAD DE ALZHEIMER HASTA 20 A\u00d1OS ANTES DE LOS S\u00cdNTOMAS, SEG\u00daN UNA INVESTIGACI\u00d3N<\/u><\/strong><\/p>\n<p>\u00abEste es un progreso real\u00bb, dijo la presidenta y directora ejecutiva de la Asociaci\u00f3n de Alzheimer, la Dra. Joanne Pike, en un comunicado compartido con Fox News Digital en ese momento. <\/p>\n<p>\u00ab[This FDA] La aprobaci\u00f3n permite a las personas tener m\u00e1s opciones y mayores oportunidades de tener m\u00e1s tiempo. Tener m\u00faltiples opciones de tratamiento es el tipo de avance que todos est\u00e1bamos esperando\u00bb. <\/p>\n<h2><strong>2. Los an\u00e1lisis de sangre podr\u00edan mejorar la velocidad y la precisi\u00f3n del diagn\u00f3stico<\/strong><\/h2>\n<p>La investigaci\u00f3n de este a\u00f1o ha ayudado a que los an\u00e1lisis de sangre de Alzheimer se utilicen m\u00e1s en los consultorios m\u00e9dicos.<\/p>\n<p>Los estudios han demostrado que los an\u00e1lisis de sangre pueden lograr una mayor precisi\u00f3n en el diagn\u00f3stico, lo que podr\u00eda ayudar a acelerar el acceso de los pacientes a ensayos cl\u00ednicos y tratamientos, seg\u00fan la Asociaci\u00f3n de Alzheimer.<\/p>\n<blockquote class=\"pull-quote\">\n<p class=\"quote-text\">\u00abEste es un verdadero progreso\u00bb.<\/p>\n<p> <!----><\/p><\/blockquote>\n<p>\u00abLos an\u00e1lisis de sangre para el Alzheimer est\u00e1n demostrando en investigaciones que podr\u00edan mejorar significativamente la precisi\u00f3n y la confianza del m\u00e9dico, proporcionar una mayor accesibilidad y una raz\u00f3n para una mayor comunicaci\u00f3n\u00bb, afirm\u00f3 la misma fuente.<\/p>\n<p>En un estudio publicado este a\u00f1o, un an\u00e1lisis de sangre espec\u00edfico tuvo una precisi\u00f3n de alrededor del 90% para identificar el Alzheimer en pacientes con s\u00edntomas cognitivos atendidos en atenci\u00f3n primaria y en cl\u00ednicas especializadas en el cuidado de la memoria, seg\u00fan la Asociaci\u00f3n.<\/p>\n<h2><strong>3. Las personas y los cuidadores quieren m\u00e1s apoyo despu\u00e9s del diagn\u00f3stico<\/strong><\/h2>\n<p>Las personas a las que se les diagnostica recientemente Alzheimer y sus cuidadores necesitan m\u00e1s apoyo para navegar por el sistema de atenci\u00f3n m\u00e9dica.<\/p>\n<p>Esto es seg\u00fan una encuesta de la Asociaci\u00f3n de Alzheimer de 2024, que encontr\u00f3 que el 97% de los cuidadores de personas con demencia expresaron su deseo de contar con esos sistemas de apoyo. <\/p>\n<div class=\"image-ct inline\">\n<div class=\"m\"><picture><source media=\"(max-width: 767px)\" srcset=\"https:\/\/a57.foxnews.com\/static.foxnews.com\/foxnews.com\/content\/uploads\/2024\/07\/343\/192\/amyloid-beta.jpg?ve=1&amp;tl=1, https:\/\/a57.foxnews.com\/static.foxnews.com\/foxnews.com\/content\/uploads\/2024\/07\/686\/384\/amyloid-beta.jpg?ve=1&amp;tl=1 2x\" height=\"192\" width=\"343\"><source media=\"(min-width: 768px) and (max-width: 1023px)\" srcset=\"https:\/\/a57.foxnews.com\/static.foxnews.com\/foxnews.com\/content\/uploads\/2024\/07\/672\/378\/amyloid-beta.jpg?ve=1&amp;tl=1, https:\/\/a57.foxnews.com\/static.foxnews.com\/foxnews.com\/content\/uploads\/2024\/07\/1344\/756\/amyloid-beta.jpg?ve=1&amp;tl=1 2x\" height=\"378\" width=\"672\"><source media=\"(min-width: 1024px) and (max-width: 1279px)\" srcset=\"https:\/\/a57.foxnews.com\/static.foxnews.com\/foxnews.com\/content\/uploads\/2024\/07\/931\/523\/amyloid-beta.jpg?ve=1&amp;tl=1, https:\/\/a57.foxnews.com\/static.foxnews.com\/foxnews.com\/content\/uploads\/2024\/07\/1862\/1046\/amyloid-beta.jpg?ve=1&amp;tl=1 2x\" height=\"523\" width=\"931\"><source media=\"(min-width: 1280px)\" srcset=\"https:\/\/a57.foxnews.com\/static.foxnews.com\/foxnews.com\/content\/uploads\/2024\/07\/720\/405\/amyloid-beta.jpg?ve=1&amp;tl=1, https:\/\/a57.foxnews.com\/static.foxnews.com\/foxnews.com\/content\/uploads\/2024\/07\/1440\/810\/amyloid-beta.jpg?ve=1&amp;tl=1 2x\" height=\"405\" width=\"720\"><img loading=\"lazy\" decoding=\"async\" src=\"https:\/\/a57.foxnews.com\/static.foxnews.com\/foxnews.com\/content\/uploads\/2024\/07\/1200\/675\/amyloid-beta.jpg?ve=1&amp;tl=1\" alt=\"beta amiloide\" width=\"1200\" height=\"675\"\/><\/source><\/source><\/source><\/source><\/picture><\/div>\n<div class=\"info\">\n<div class=\"caption\">\n<p><span>En 2024 se aprob\u00f3 el primer medicamento dirigido a las placas amiloides, las prote\u00ednas que se acumulan en el cerebro de los pacientes con Alzheimer y que a menudo alteran la memoria y la funci\u00f3n cognitiva.<\/span> <span>(iStock)<\/span><\/p>\n<\/div>\n<\/div>\n<\/div>\n<p>La mayor\u00eda de los cuidadores de personas con demencia (70%) tambi\u00e9n se\u00f1alaron que \u00abla coordinaci\u00f3n de la atenci\u00f3n es estresante\u00bb.<\/p>\n<p>Para ayudar a abordar esto, los Centros de Servicios de Medicare y Medicaid lanzaron en julio de 2024 un programa piloto de ocho a\u00f1os en la gesti\u00f3n de la atenci\u00f3n de la demencia, llamado modelo Guiding an Improvement Dementia Experience (GUIDE).<\/p>\n<p><strong><u>EL RIESGO DE DEMENCIA PODR\u00cdA ESTAR VINCULADO CON LA VELOCIDAD AL CAMINAR, SUGIERE UN ESTUDIO<\/u><\/strong><\/p>\n<p>El programa tiene como objetivo trabajar con los sistemas de atenci\u00f3n m\u00e9dica para brindar servicios de apoyo a las personas que viven con demencia y a sus cuidadores, con un enfoque en ayudar a los pacientes a permanecer en sus hogares y comunidades, seg\u00fan la Asociaci\u00f3n de Alzheimer.<\/p>\n<h2><strong>4. El humo de los incendios forestales aumenta el riesgo de demencia<\/strong><\/h2>\n<p>Seg\u00fan una investigaci\u00f3n de 2024, la contaminaci\u00f3n del aire se ha relacionado con un mayor riesgo de demencia. <\/p>\n<p>El estudio de 10 a\u00f1os, que se present\u00f3 durante la Conferencia Internacional de la Asociaci\u00f3n de Alzheimer en Filadelfia en julio, encontr\u00f3 que el humo de los incendios forestales puede ser \u00abparticularmente peligroso\u00bb para la salud del cerebro.<\/p>\n<div class=\"image-ct inline\">\n<div class=\"m\"><picture><source media=\"(max-width: 767px)\" srcset=\"https:\/\/a57.foxnews.com\/static.foxnews.com\/foxnews.com\/content\/uploads\/2023\/11\/343\/192\/woman-caregiver.jpg?ve=1&amp;tl=1, https:\/\/a57.foxnews.com\/static.foxnews.com\/foxnews.com\/content\/uploads\/2023\/11\/686\/384\/woman-caregiver.jpg?ve=1&amp;tl=1 2x\" height=\"192\" width=\"343\"><source media=\"(min-width: 768px) and (max-width: 1023px)\" srcset=\"https:\/\/a57.foxnews.com\/static.foxnews.com\/foxnews.com\/content\/uploads\/2023\/11\/672\/378\/woman-caregiver.jpg?ve=1&amp;tl=1, https:\/\/a57.foxnews.com\/static.foxnews.com\/foxnews.com\/content\/uploads\/2023\/11\/1344\/756\/woman-caregiver.jpg?ve=1&amp;tl=1 2x\" height=\"378\" width=\"672\"><source media=\"(min-width: 1024px) and (max-width: 1279px)\" srcset=\"https:\/\/a57.foxnews.com\/static.foxnews.com\/foxnews.com\/content\/uploads\/2023\/11\/931\/523\/woman-caregiver.jpg?ve=1&amp;tl=1, https:\/\/a57.foxnews.com\/static.foxnews.com\/foxnews.com\/content\/uploads\/2023\/11\/1862\/1046\/woman-caregiver.jpg?ve=1&amp;tl=1 2x\" height=\"523\" width=\"931\"><source media=\"(min-width: 1280px)\" srcset=\"https:\/\/a57.foxnews.com\/static.foxnews.com\/foxnews.com\/content\/uploads\/2023\/11\/720\/405\/woman-caregiver.jpg?ve=1&amp;tl=1, https:\/\/a57.foxnews.com\/static.foxnews.com\/foxnews.com\/content\/uploads\/2023\/11\/1440\/810\/woman-caregiver.jpg?ve=1&amp;tl=1 2x\" height=\"405\" width=\"720\"><img loading=\"lazy\" decoding=\"async\" src=\"https:\/\/a57.foxnews.com\/static.foxnews.com\/foxnews.com\/content\/uploads\/2023\/11\/1200\/675\/woman-caregiver.jpg?ve=1&amp;tl=1\" alt=\"Mujer cuidadora\" width=\"1200\" height=\"675\"\/><\/source><\/source><\/source><\/source><\/picture><\/div>\n<div class=\"info\">\n<div class=\"caption\">\n<p><span>Una encuesta de la Asociaci\u00f3n de Alzheimer de 2024 encontr\u00f3 que el 97% de los cuidadores de personas con demencia expresaron su deseo de contar con esos sistemas de apoyo. <\/span> <span>(iStock)<\/span><\/p>\n<\/div>\n<\/div>\n<\/div>\n<p>La investigaci\u00f3n incluy\u00f3 a m\u00e1s de 1,2 millones de personas en el sur de California, un \u00e1rea que experimenta frecuentes incendios forestales.<\/p>\n<p><strong><u>HAGA CLIC AQU\u00cd PARA OBTENER LA APLICACI\u00d3N FOX NEWS<\/u><\/strong><strong>      <\/strong><\/p>\n<p>La contaminaci\u00f3n del aire producida por los incendios forestales podr\u00eda ser m\u00e1s peligrosa para la salud porque se produce a temperaturas m\u00e1s altas, contiene una mayor concentraci\u00f3n de sustancias qu\u00edmicas t\u00f3xicas y tiene un di\u00e1metro m\u00e1s peque\u00f1o que otras fuentes, afirm\u00f3 la Asociaci\u00f3n de Alzheimer. <\/p>\n<h2><strong>5. El Alzheimer provoca cambios f\u00edsicos en el cerebro<\/strong><\/h2>\n<p>En junio de 2024, cient\u00edficos y m\u00e9dicos publicaron una investigaci\u00f3n que mostraba los cambios f\u00edsicos que se producen en el cerebro debido a la enfermedad de Alzheimer.<\/p>\n<p><strong><u>HAGA CLIC AQU\u00cd PARA SUSCRIBIRSE A NUESTRO BOLET\u00cdN DE SALUD<\/u><\/strong><\/p>\n<p>\u00abLa definici\u00f3n de enfermedades desde el punto de vista biol\u00f3gico ha sido durante mucho tiempo un est\u00e1ndar en muchas \u00e1reas de la medicina, incluido el c\u00e1ncer, las enfermedades card\u00edacas y la diabetes\u00bb, escribi\u00f3 la Asociaci\u00f3n de Alzheimer. <\/p>\n<div class=\"image-ct inline\">\n<div class=\"m\"><picture><source media=\"(max-width: 767px)\" srcset=\"https:\/\/a57.foxnews.com\/static.foxnews.com\/foxnews.com\/content\/uploads\/2024\/01\/343\/192\/alzheimers-patient-brain-scans.jpg?ve=1&amp;tl=1, https:\/\/a57.foxnews.com\/static.foxnews.com\/foxnews.com\/content\/uploads\/2024\/01\/686\/384\/alzheimers-patient-brain-scans.jpg?ve=1&amp;tl=1 2x\" height=\"192\" width=\"343\"><source media=\"(min-width: 768px) and (max-width: 1023px)\" srcset=\"https:\/\/a57.foxnews.com\/static.foxnews.com\/foxnews.com\/content\/uploads\/2024\/01\/672\/378\/alzheimers-patient-brain-scans.jpg?ve=1&amp;tl=1, https:\/\/a57.foxnews.com\/static.foxnews.com\/foxnews.com\/content\/uploads\/2024\/01\/1344\/756\/alzheimers-patient-brain-scans.jpg?ve=1&amp;tl=1 2x\" height=\"378\" width=\"672\"><source media=\"(min-width: 1024px) and (max-width: 1279px)\" srcset=\"https:\/\/a57.foxnews.com\/static.foxnews.com\/foxnews.com\/content\/uploads\/2024\/01\/931\/523\/alzheimers-patient-brain-scans.jpg?ve=1&amp;tl=1, https:\/\/a57.foxnews.com\/static.foxnews.com\/foxnews.com\/content\/uploads\/2024\/01\/1862\/1046\/alzheimers-patient-brain-scans.jpg?ve=1&amp;tl=1 2x\" height=\"523\" width=\"931\"><source media=\"(min-width: 1280px)\" srcset=\"https:\/\/a57.foxnews.com\/static.foxnews.com\/foxnews.com\/content\/uploads\/2024\/01\/720\/405\/alzheimers-patient-brain-scans.jpg?ve=1&amp;tl=1, https:\/\/a57.foxnews.com\/static.foxnews.com\/foxnews.com\/content\/uploads\/2024\/01\/1440\/810\/alzheimers-patient-brain-scans.jpg?ve=1&amp;tl=1 2x\" height=\"405\" width=\"720\"><img loading=\"lazy\" decoding=\"async\" src=\"https:\/\/a57.foxnews.com\/static.foxnews.com\/foxnews.com\/content\/uploads\/2024\/01\/1200\/675\/alzheimers-patient-brain-scans.jpg?ve=1&amp;tl=1\" alt=\"Paciente con Alzheimer: esc\u00e1neres cerebrales\" width=\"1200\" height=\"675\"\/><\/source><\/source><\/source><\/source><\/picture><\/div>\n<div class=\"info\">\n<div class=\"caption\">\n<p><span>En junio de 2024, cient\u00edficos y m\u00e9dicos publicaron una investigaci\u00f3n que mostraba los cambios f\u00edsicos que se producen en el cerebro debido a la enfermedad de Alzheimer.<\/span> <span>(iStock)<\/span><\/p>\n<\/div>\n<\/div>\n<\/div>\n<p>\u00abLa nueva publicaci\u00f3n define el Alzheimer como un proceso biol\u00f3gico que comienza con cambios cerebrales antes de que las personas presenten problemas de memoria y pensamiento\u00bb.<\/p>\n<p>Se descubri\u00f3 que estos cambios cerebrales se adelantaban a los s\u00edntomas externos t\u00edpicos, como p\u00e9rdida de memoria, confusi\u00f3n, desorientaci\u00f3n y problemas para planificar u organizar.<\/p>\n<p><i><strong><u>Para m\u00e1s art\u00edculos de salud, visite <\/u><\/strong><\/i><i><strong><u>www.foxnews.com\/health<\/u><\/strong><\/i><\/p>\n<p>Puede encontrar recursos adicionales de investigaci\u00f3n y apoyo de la Alzheimer&#8217;s Association en www.alz.org.<\/p>\n<\/div>\n\n","protected":false},"excerpt":{"rendered":"<p>\u00danase a Fox News para acceder a este contenido Adem\u00e1s, acceso especial a art\u00edculos seleccionados y otro contenido premium con su cuenta, sin cargo. Al ingresar su correo electr\u00f3nico y presionar Continuar, acepta los T\u00e9rminos de uso y la Pol\u00edtica de privacidad de Fox News, que incluye nuestro Aviso de incentivo financiero. Por favor, introduce &hellip;<\/p>\n","protected":false},"author":1,"featured_media":8047,"comment_status":"open","ping_status":"open","sticky":false,"template":"","format":"standard","meta":{"fifu_image_url":"https:\/\/a57.foxnews.com\/static.foxnews.com\/foxnews.com\/content\/uploads\/2024\/12\/1200\/675\/medical-research.jpg?ve=1&tl=1","fifu_image_alt":"","footnotes":""},"categories":[8],"tags":[],"class_list":["post-8045","post","type-post","status-publish","format-standard","has-post-thumbnail","","category-salud"],"_links":{"self":[{"href":"https:\/\/noticiasveraces.com\/index.php?rest_route=\/wp\/v2\/posts\/8045","targetHints":{"allow":["GET"]}}],"collection":[{"href":"https:\/\/noticiasveraces.com\/index.php?rest_route=\/wp\/v2\/posts"}],"about":[{"href":"https:\/\/noticiasveraces.com\/index.php?rest_route=\/wp\/v2\/types\/post"}],"author":[{"embeddable":true,"href":"https:\/\/noticiasveraces.com\/index.php?rest_route=\/wp\/v2\/users\/1"}],"replies":[{"embeddable":true,"href":"https:\/\/noticiasveraces.com\/index.php?rest_route=%2Fwp%2Fv2%2Fcomments&post=8045"}],"version-history":[{"count":0,"href":"https:\/\/noticiasveraces.com\/index.php?rest_route=\/wp\/v2\/posts\/8045\/revisions"}],"wp:featuredmedia":[{"embeddable":true,"href":"https:\/\/noticiasveraces.com\/index.php?rest_route=\/wp\/v2\/media\/8047"}],"wp:attachment":[{"href":"https:\/\/noticiasveraces.com\/index.php?rest_route=%2Fwp%2Fv2%2Fmedia&parent=8045"}],"wp:term":[{"taxonomy":"category","embeddable":true,"href":"https:\/\/noticiasveraces.com\/index.php?rest_route=%2Fwp%2Fv2%2Fcategories&post=8045"},{"taxonomy":"post_tag","embeddable":true,"href":"https:\/\/noticiasveraces.com\/index.php?rest_route=%2Fwp%2Fv2%2Ftags&post=8045"}],"curies":[{"name":"wp","href":"https:\/\/api.w.org\/{rel}","templated":true}]}}