{"id":8014,"date":"2024-12-27T05:20:04","date_gmt":"2024-12-27T09:20:04","guid":{"rendered":"https:\/\/noticiasveraces.com\/?p=8014"},"modified":"2024-12-27T05:20:04","modified_gmt":"2024-12-27T09:20:04","slug":"armados-para-sobrevivir-como-octubre-7-masacre-de-hamas-transformo-la-cultura-de-las-armas-en-israel","status":"publish","type":"post","link":"https:\/\/noticiasveraces.com\/?p=8014","title":{"rendered":"Armados para sobrevivir: C\u00f3mo octubre. 7 masacre de Ham\u00e1s transform\u00f3 la cultura de las armas en Israel"},"content":{"rendered":"<p> \n<\/p>\n<div>\n<div class=\"article-gating gated-overlay\">\n<div class=\"article-gating-wrapper\">\n<p>\u00danase a Fox News para acceder a este contenido<\/p>\n<p>Adem\u00e1s, acceso especial a art\u00edculos seleccionados y otro contenido premium con su cuenta, sin cargo.<\/p>\n<div class=\"article-gating-legal tablet-desktop\">Al ingresar su correo electr\u00f3nico y presionar Continuar, acepta los T\u00e9rminos de uso y la Pol\u00edtica de privacidad de Fox News, que incluye nuestro Aviso de incentivo financiero.\n    <\/div>\n<p><span>Por favor, introduce una direcci\u00f3n de correo electr\u00f3nico v\u00e1lida.<\/span><\/p>\n<footer class=\"article-gating-footer\">\u00bfTienes problemas? Haga clic aqu\u00ed.<\/footer>\n<\/div>\n<\/div>\n<p class=\"speakable\">En la sala de partos de un hospital de Jerusal\u00e9n, mientras las contracciones se intensificaban y la partera intentaba ayudar a la parturienta a adoptar una posici\u00f3n m\u00e1s c\u00f3moda, la madre sinti\u00f3 algo extra\u00f1o.<\/p>\n<p class=\"speakable\">\u00abMe dijo que algo le dol\u00eda\u00bb, recuerda Erga Froman, la partera. \u00abEntonces me di cuenta de que era mi arma, que estaba enfundada en un cintur\u00f3n giratorio y se hab\u00eda movido hacia adelante, toc\u00e1ndola\u00bb. Despu\u00e9s de que naci\u00f3 el beb\u00e9, los colegas de Froman en el hospital tomaron una foto de ella parada junto al reci\u00e9n nacido, todav\u00eda con el arma puesta. \u00abEs una imagen de contrastes\u00bb, dijo.<\/p>\n<p>Antes del 7 de octubre, Froman, madre de cinco hijos que ahora vive en los Altos del Gol\u00e1n en el norte de Israel, nunca hab\u00eda considerado obtener una licencia para portar armas. Habiendo optado por realizar un servicio nacional no militar en lugar del servicio militar en las FDI, nunca hab\u00eda disparado un arma en su vida. El cambio se produjo r\u00e1pidamente despu\u00e9s del ataque terrorista sin precedentes de Hamas contra comunidades israel\u00edes el 7 de octubre, que dej\u00f3 m\u00e1s de 1.200 muertos y destruy\u00f3 una sensaci\u00f3n de seguridad en la que muchos israel\u00edes hab\u00edan confiado durante mucho tiempo.<\/p>\n<p><strong>TRUMP PROMETE \u00abPAGAR EL INFIERNO\u00bb EN MEDIO ORIENTE SI LOS REHENES NO SON LIBERADOS ANTES DE ASUMAR EL CARGO<\/strong><\/p>\n<div class=\"image-ct inline\">\n<div class=\"m\"><picture><source media=\"(max-width: 767px)\" srcset=\"https:\/\/a57.foxnews.com\/static.foxnews.com\/foxnews.com\/content\/uploads\/2024\/12\/343\/192\/144425_document.jpg?ve=1&amp;tl=1, https:\/\/a57.foxnews.com\/static.foxnews.com\/foxnews.com\/content\/uploads\/2024\/12\/686\/384\/144425_document.jpg?ve=1&amp;tl=1 2x\" height=\"192\" width=\"343\"><source media=\"(min-width: 768px) and (max-width: 1023px)\" srcset=\"https:\/\/a57.foxnews.com\/static.foxnews.com\/foxnews.com\/content\/uploads\/2024\/12\/672\/378\/144425_document.jpg?ve=1&amp;tl=1, https:\/\/a57.foxnews.com\/static.foxnews.com\/foxnews.com\/content\/uploads\/2024\/12\/1344\/756\/144425_document.jpg?ve=1&amp;tl=1 2x\" height=\"378\" width=\"672\"><source media=\"(min-width: 1024px) and (max-width: 1279px)\" srcset=\"https:\/\/a57.foxnews.com\/static.foxnews.com\/foxnews.com\/content\/uploads\/2024\/12\/931\/523\/144425_document.jpg?ve=1&amp;tl=1, https:\/\/a57.foxnews.com\/static.foxnews.com\/foxnews.com\/content\/uploads\/2024\/12\/1862\/1046\/144425_document.jpg?ve=1&amp;tl=1 2x\" height=\"523\" width=\"931\"><source media=\"(min-width: 1280px)\" srcset=\"https:\/\/a57.foxnews.com\/static.foxnews.com\/foxnews.com\/content\/uploads\/2024\/12\/720\/405\/144425_document.jpg?ve=1&amp;tl=1, https:\/\/a57.foxnews.com\/static.foxnews.com\/foxnews.com\/content\/uploads\/2024\/12\/1440\/810\/144425_document.jpg?ve=1&amp;tl=1 2x\" height=\"405\" width=\"720\"><img loading=\"lazy\" decoding=\"async\" src=\"https:\/\/a57.foxnews.com\/static.foxnews.com\/foxnews.com\/content\/uploads\/2024\/12\/1200\/675\/144425_document.jpg?ve=1&amp;tl=1\" alt=\"Israel\u00edes en el campo de tiro\" width=\"1200\" height=\"675\"\/><\/source><\/source><\/source><\/source><\/picture><\/div>\n<div class=\"info\">\n<div class=\"caption\">\n<p><span>Un equipo de emergencia civil practica disparos en la ciudad de Kiryat Shmona, que se encuentra dentro del alcance de los ataques con cohetes disparados por Hezbol\u00e1 desde el L\u00edbano, el 4 de marzo de 2024. <\/span> <span>(Erez Ben Sim\u00f3n\/TPS-IL)<\/span><\/p>\n<\/div>\n<\/div>\n<\/div>\n<p>\u00abEn la noche del 7 de octubre, mi esposo y yo nos dimos cuenta de que, debido a que viajo solo de noche por caminos peligrosos hacia mi trabajo, trayendo vida al mundo, necesitaba protecci\u00f3n\u00bb, dijo Froman a Fox News Digital. \u00abA la ma\u00f1ana siguiente, hab\u00eda presentado mi solicitud para una licencia de armas. Ahora espero no tener que usarla nunca, pero estoy preparado si es necesario\u00bb.<\/p>\n<p>Durante d\u00e9cadas, la posesi\u00f3n de armas de fuego en Israel fue poco com\u00fan. Aunque el servicio militar asegur\u00f3 que muchos israel\u00edes recibieran entrenamiento con armas, las armas de fuego personales se consideraban m\u00e1s una desventaja que una necesidad. El estricto proceso de concesi\u00f3n de licencias disuadi\u00f3 a muchos, y los israel\u00edes confiaron en el Estado y sus fuerzas de defensa para protegerlos de las amenazas terroristas, que ten\u00edan prioridad sobre las bajas tasas de criminalidad de Israel.<\/p>\n<div class=\"image-ct inline\">\n<div class=\"m\"><picture><source media=\"(max-width: 767px)\" srcset=\"https:\/\/a57.foxnews.com\/static.foxnews.com\/foxnews.com\/content\/uploads\/2024\/12\/343\/192\/erga-with-newborn.jpg?ve=1&amp;tl=1, https:\/\/a57.foxnews.com\/static.foxnews.com\/foxnews.com\/content\/uploads\/2024\/12\/686\/384\/erga-with-newborn.jpg?ve=1&amp;tl=1 2x\" height=\"192\" width=\"343\"><source media=\"(min-width: 768px) and (max-width: 1023px)\" srcset=\"https:\/\/a57.foxnews.com\/static.foxnews.com\/foxnews.com\/content\/uploads\/2024\/12\/672\/378\/erga-with-newborn.jpg?ve=1&amp;tl=1, https:\/\/a57.foxnews.com\/static.foxnews.com\/foxnews.com\/content\/uploads\/2024\/12\/1344\/756\/erga-with-newborn.jpg?ve=1&amp;tl=1 2x\" height=\"378\" width=\"672\"><source media=\"(min-width: 1024px) and (max-width: 1279px)\" srcset=\"https:\/\/a57.foxnews.com\/static.foxnews.com\/foxnews.com\/content\/uploads\/2024\/12\/931\/523\/erga-with-newborn.jpg?ve=1&amp;tl=1, https:\/\/a57.foxnews.com\/static.foxnews.com\/foxnews.com\/content\/uploads\/2024\/12\/1862\/1046\/erga-with-newborn.jpg?ve=1&amp;tl=1 2x\" height=\"523\" width=\"931\"><source media=\"(min-width: 1280px)\" srcset=\"https:\/\/a57.foxnews.com\/static.foxnews.com\/foxnews.com\/content\/uploads\/2024\/12\/720\/405\/erga-with-newborn.jpg?ve=1&amp;tl=1, https:\/\/a57.foxnews.com\/static.foxnews.com\/foxnews.com\/content\/uploads\/2024\/12\/1440\/810\/erga-with-newborn.jpg?ve=1&amp;tl=1 2x\" height=\"405\" width=\"720\"><img loading=\"lazy\" decoding=\"async\" src=\"https:\/\/a57.foxnews.com\/static.foxnews.com\/foxnews.com\/content\/uploads\/2024\/12\/1200\/675\/erga-with-newborn.jpg?ve=1&amp;tl=1\" alt=\"Partera en guarder\u00eda\" width=\"1200\" height=\"675\"\/><\/source><\/source><\/source><\/source><\/picture><\/div>\n<div class=\"info\">\n<div class=\"caption\">\n<p><span>La partera Erga Froman decidi\u00f3 obtener una licencia para portar armas tras los ataques terroristas de Ham\u00e1s del 7 de octubre.<\/span> <!----><\/p>\n<\/div>\n<\/div>\n<\/div>\n<p>Pero despu\u00e9s de la masacre de Hamas del 7 de octubre, muchos israel\u00edes comenzaron a ver las armas de fuego personales como una salvaguardia necesaria en una realidad nueva y m\u00e1s peligrosa. \u00abComo no hab\u00eda suficientes equipos m\u00e9dicos el 7 de octubre, tampoco hubo suficiente defensa\u00bb, se\u00f1al\u00f3 Froman. \u00abAprendiendo de eso, hoy contamos con un equipo m\u00e9dico comunitario, y tambi\u00e9n estamos armados para poder dar una primera respuesta\u00bb.<\/p>\n<div class=\"image-ct inline\">\n<div class=\"m\"><picture><source media=\"(max-width: 767px)\" srcset=\"https:\/\/a57.foxnews.com\/static.foxnews.com\/foxnews.com\/content\/uploads\/2024\/12\/343\/192\/version-2.jpg?ve=1&amp;tl=1, https:\/\/a57.foxnews.com\/static.foxnews.com\/foxnews.com\/content\/uploads\/2024\/12\/686\/384\/version-2.jpg?ve=1&amp;tl=1 2x\" height=\"192\" width=\"343\"><source media=\"(min-width: 768px) and (max-width: 1023px)\" srcset=\"https:\/\/a57.foxnews.com\/static.foxnews.com\/foxnews.com\/content\/uploads\/2024\/12\/672\/378\/version-2.jpg?ve=1&amp;tl=1, https:\/\/a57.foxnews.com\/static.foxnews.com\/foxnews.com\/content\/uploads\/2024\/12\/1344\/756\/version-2.jpg?ve=1&amp;tl=1 2x\" height=\"378\" width=\"672\"><source media=\"(min-width: 1024px) and (max-width: 1279px)\" srcset=\"https:\/\/a57.foxnews.com\/static.foxnews.com\/foxnews.com\/content\/uploads\/2024\/12\/931\/523\/version-2.jpg?ve=1&amp;tl=1, https:\/\/a57.foxnews.com\/static.foxnews.com\/foxnews.com\/content\/uploads\/2024\/12\/1862\/1046\/version-2.jpg?ve=1&amp;tl=1 2x\" height=\"523\" width=\"931\"><source media=\"(min-width: 1280px)\" srcset=\"https:\/\/a57.foxnews.com\/static.foxnews.com\/foxnews.com\/content\/uploads\/2024\/12\/720\/405\/version-2.jpg?ve=1&amp;tl=1, https:\/\/a57.foxnews.com\/static.foxnews.com\/foxnews.com\/content\/uploads\/2024\/12\/1440\/810\/version-2.jpg?ve=1&amp;tl=1 2x\" height=\"405\" width=\"720\"><img loading=\"lazy\" decoding=\"async\" src=\"https:\/\/a57.foxnews.com\/static.foxnews.com\/foxnews.com\/content\/uploads\/2024\/12\/1200\/675\/version-2.jpg?ve=1&amp;tl=1\" alt=\"Partera y su marido con armas de fuego\" width=\"1200\" height=\"675\"\/><\/source><\/source><\/source><\/source><\/picture><\/div>\n<div class=\"info\">\n<div class=\"caption\">\n<p><span>Erga Froman, una partera del norte de Israel, y su esposo decidieron obtener licencias para portar armas luego de los ataques terroristas del 7 de octubre.<\/span> <!----><\/p>\n<\/div>\n<\/div>\n<\/div>\n<p>La Corte Suprema de Israel est\u00e1 revisando actualmente peticiones contra el ministro nacionalista de Seguridad Nacional, Itamar Ben-Gvir, alegando que su oficina emiti\u00f3 licencias de armas de fuego sin la autorizaci\u00f3n adecuada.<\/p>\n<p>En los meses posteriores al ataque del 7 de octubre, se presentaron m\u00e1s de 260.000 nuevas solicitudes de licencia de armas, casi igualando el n\u00famero total de las dos d\u00e9cadas anteriores combinadas. Ya se han aprobado m\u00e1s de 100.000 licencias, lo que supone un aumento diez veces mayor que el a\u00f1o anterior.<\/p>\n<div class=\"image-ct inline\">\n<div class=\"m\"><picture><source media=\"(max-width: 767px)\" srcset=\"https:\/\/a57.foxnews.com\/static.foxnews.com\/foxnews.com\/content\/uploads\/2024\/12\/343\/192\/144916_document.jpg?ve=1&amp;tl=1, https:\/\/a57.foxnews.com\/static.foxnews.com\/foxnews.com\/content\/uploads\/2024\/12\/686\/384\/144916_document.jpg?ve=1&amp;tl=1 2x\" height=\"192\" width=\"343\"><source media=\"(min-width: 768px) and (max-width: 1023px)\" srcset=\"https:\/\/a57.foxnews.com\/static.foxnews.com\/foxnews.com\/content\/uploads\/2024\/12\/672\/378\/144916_document.jpg?ve=1&amp;tl=1, https:\/\/a57.foxnews.com\/static.foxnews.com\/foxnews.com\/content\/uploads\/2024\/12\/1344\/756\/144916_document.jpg?ve=1&amp;tl=1 2x\" height=\"378\" width=\"672\"><source media=\"(min-width: 1024px) and (max-width: 1279px)\" srcset=\"https:\/\/a57.foxnews.com\/static.foxnews.com\/foxnews.com\/content\/uploads\/2024\/12\/931\/523\/144916_document.jpg?ve=1&amp;tl=1, https:\/\/a57.foxnews.com\/static.foxnews.com\/foxnews.com\/content\/uploads\/2024\/12\/1862\/1046\/144916_document.jpg?ve=1&amp;tl=1 2x\" height=\"523\" width=\"931\"><source media=\"(min-width: 1280px)\" srcset=\"https:\/\/a57.foxnews.com\/static.foxnews.com\/foxnews.com\/content\/uploads\/2024\/12\/720\/405\/144916_document.jpg?ve=1&amp;tl=1, https:\/\/a57.foxnews.com\/static.foxnews.com\/foxnews.com\/content\/uploads\/2024\/12\/1440\/810\/144916_document.jpg?ve=1&amp;tl=1 2x\" height=\"405\" width=\"720\"><img loading=\"lazy\" decoding=\"async\" src=\"https:\/\/a57.foxnews.com\/static.foxnews.com\/foxnews.com\/content\/uploads\/2024\/12\/1200\/675\/144916_document.jpg?ve=1&amp;tl=1\" alt=\"Mujer apunta con pistola\" width=\"1200\" height=\"675\"\/><\/source><\/source><\/source><\/source><\/picture><\/div>\n<div class=\"info\">\n<div class=\"caption\">\n<p><span>Una mujer dispara en un campo de tiro en el Valle del Jord\u00e1n, Israel, el 10 de abril de 2024.<\/span> <span>(Yoav Dudkevitch\/TPS-IL)<\/span><\/p>\n<\/div>\n<\/div>\n<\/div>\n<p>Ayala Mirkin, una madre de Shiloh en Judea y Samaria, m\u00e1s conocida como Cisjordania, solicit\u00f3 una licencia de armas de fuego despu\u00e9s de que su marido, un soldado de reserva de las FDI, fuera enviado a luchar en la guerra en Gaza, dej\u00e1ndola sola con sus tres ni\u00f1os peque\u00f1os. \u00abMe sent\u00ed insegura conduciendo por pueblos \u00e1rabes y supe que ten\u00eda que hacer algo para protegerme\u00bb, dijo. \u00abEl proceso fue mucho m\u00e1s r\u00e1pido de lo que hubiera sido antes del 7 de octubre, pero a\u00fan as\u00ed llev\u00f3 meses debido a la avalancha de solicitudes\u00bb.<\/p>\n<p>Mirkin ahora lleva su pistola cada vez que sale de su asentamiento, aunque sigue en conflicto. \u00abNo quiero tener un arma. El d\u00eda que pueda devolverla ser\u00e1 el m\u00e1s feliz de mi vida. Pero no tengo otra opci\u00f3n. Es una herramienta para sobrevivir\u00bb.<\/p>\n<p><strong>UN A\u00d1O DE OCTUBRE. 7 ATAQUES LLEGAN CON UN TRAUMA DURADERO PARA LOS ISRAEL\u00cdES Y LOS JUD\u00cdOS AMERICANOS: EXPERTO<\/strong><\/p>\n<p>Para familias como la de Mirkin, las armas de fuego se han convertido en parte de la vida cotidiana. Mantiene su arma bajo llave en una caja fuerte y ha entrenado a sus hijos para que nunca la toquen. \u00abEs una herramienta de protecci\u00f3n, no de matar\u00bb, subraya. \u00abMi atenci\u00f3n se centra en preservar la vida, no en quitarla\u00bb.<\/p>\n<p>Oren Gozlan, un paracaidista veterano y padre, se encuentra entre los que dudaron antes de solicitar una licencia. Al vivir en el lado israel\u00ed de la frontera de la L\u00ednea Verde, cerca de la ciudad palestina de Tulkarem, Gozlan decidi\u00f3 que ya no pod\u00eda evitar armarse. \u00abEl miedo a tener un arma en casa con los ni\u00f1os todav\u00eda existe, pero la necesidad de proteger a mi familia lo supera\u00bb, afirma. \u00abEl 7 de octubre lo cambi\u00f3 todo. Nos hizo darnos cuenta de que somos vulnerables en formas que nunca imaginamos\u00bb.<\/p>\n<p>Gozlan est\u00e1 desconcertado por lo que considera una supervisi\u00f3n inadecuada en el proceso de concesi\u00f3n de licencias. \u00abEn el campo de tiro vi a personas que nunca en su vida hab\u00edan empu\u00f1ado un arma y apenas dieron en el blanco. Es aterrador pensar que estas personas ahora andan por ah\u00ed con armas de fuego\u00bb.<\/p>\n<p>Saar Zohar, un reservista de una unidad de \u00e9lite, expres\u00f3 un cambio similar. Durante a\u00f1os, Zohar se resisti\u00f3 a poseer un arma, creyendo que era innecesaria despu\u00e9s de su servicio. Pero una serie de ataques terroristas despu\u00e9s del 7 de octubre lo obligaron a reconsiderar su decisi\u00f3n. \u00abNo pod\u00eda soportar la idea de quedarme indefenso si sucediera algo\u00bb, dice. \u00abSabiendo que tengo el entrenamiento y puedo responder, siento que es mi responsabilidad\u00bb.<\/p>\n<div class=\"image-ct inline\">\n<div class=\"m\"><picture><source media=\"(max-width: 767px)\" srcset=\"https:\/\/a57.foxnews.com\/static.foxnews.com\/foxnews.com\/content\/uploads\/2024\/12\/343\/192\/resized-2.jpg?ve=1&amp;tl=1, https:\/\/a57.foxnews.com\/static.foxnews.com\/foxnews.com\/content\/uploads\/2024\/12\/686\/384\/resized-2.jpg?ve=1&amp;tl=1 2x\" height=\"192\" width=\"343\"><source media=\"(min-width: 768px) and (max-width: 1023px)\" srcset=\"https:\/\/a57.foxnews.com\/static.foxnews.com\/foxnews.com\/content\/uploads\/2024\/12\/672\/378\/resized-2.jpg?ve=1&amp;tl=1, https:\/\/a57.foxnews.com\/static.foxnews.com\/foxnews.com\/content\/uploads\/2024\/12\/1344\/756\/resized-2.jpg?ve=1&amp;tl=1 2x\" height=\"378\" width=\"672\"><source media=\"(min-width: 1024px) and (max-width: 1279px)\" srcset=\"https:\/\/a57.foxnews.com\/static.foxnews.com\/foxnews.com\/content\/uploads\/2024\/12\/931\/523\/resized-2.jpg?ve=1&amp;tl=1, https:\/\/a57.foxnews.com\/static.foxnews.com\/foxnews.com\/content\/uploads\/2024\/12\/1862\/1046\/resized-2.jpg?ve=1&amp;tl=1 2x\" height=\"523\" width=\"931\"><source media=\"(min-width: 1280px)\" srcset=\"https:\/\/a57.foxnews.com\/static.foxnews.com\/foxnews.com\/content\/uploads\/2024\/12\/720\/405\/resized-2.jpg?ve=1&amp;tl=1, https:\/\/a57.foxnews.com\/static.foxnews.com\/foxnews.com\/content\/uploads\/2024\/12\/1440\/810\/resized-2.jpg?ve=1&amp;tl=1 2x\" height=\"405\" width=\"720\"><img loading=\"lazy\" decoding=\"async\" src=\"https:\/\/a57.foxnews.com\/static.foxnews.com\/foxnews.com\/content\/uploads\/2024\/12\/1200\/675\/resized-2.jpg?ve=1&amp;tl=1\" alt=\"Sarre Zohar\" width=\"1200\" height=\"675\"\/><\/source><\/source><\/source><\/source><\/picture><\/div>\n<div class=\"info\">\n<div class=\"caption\">\n<p><span>Despu\u00e9s de la masacre del 7 de octubre, Saar Zohar, un reservista de una unidad de \u00e9lite de las FDI, decidi\u00f3 obtener una licencia para portar armas.<\/span> <span>(Noticias Fox)<\/span><\/p>\n<\/div>\n<\/div>\n<\/div>\n<p>A diferencia de Estados Unidos, donde la posesi\u00f3n de armas suele estar vinculada al temor al crimen o a la defensa de la propiedad privada, en Israel las armas de fuego se consideran herramientas para luchar contra el terrorismo. Hist\u00f3ricamente, Israel ha evitado los tiroteos masivos p\u00fablicos que a veces han afectado a Estados Unidos, pero los expertos advierten que la r\u00e1pida proliferaci\u00f3n de armas de fuego podr\u00eda cambiar esto. Con tantas personas sin entrenamiento que portan armas, el miedo a acciones impulsivas y errores tr\u00e1gicos cobra gran importancia.<\/p>\n<p>Zohar est\u00e1 atormentado por la posibilidad de una identificaci\u00f3n err\u00f3nea. \u00abLa idea de que otro civil armado pueda confundirme con un atacante me aterroriza\u00bb, dice, haciendo referencia a un tr\u00e1gico incidente ocurrido en noviembre de 2023, cuando un joven soldado mat\u00f3 por error a un civil israel\u00ed que hab\u00eda disparado contra terroristas en Jerusal\u00e9n.<\/p>\n<p>El costo psicol\u00f3gico de este cambio es evidente entre los reci\u00e9n armados. Eyal Haskel, padre de tres hijos de Tel Aviv, describe las presiones sociales que enfrent\u00f3 despu\u00e9s del 7 de octubre. \u00abNunca quise portar un arma, pero mis amigos me preguntaron por qu\u00e9 no estaba armado. Lo sent\u00ed como una expectativa, casi una deber.\u00bb<\/p>\n<p><strong>EL 7 DE OCTUBRE NO HA TERMINADO. UN A\u00d1O DESPU\u00c9S, 101 REhenes siguen retenidos en Gaza<\/strong><\/p>\n<div class=\"image-ct inline\">\n<div class=\"m\"><picture><source media=\"(max-width: 767px)\" srcset=\"https:\/\/a57.foxnews.com\/static.foxnews.com\/foxnews.com\/content\/uploads\/2024\/12\/343\/192\/gettyimages-1249549786.jpg?ve=1&amp;tl=1, https:\/\/a57.foxnews.com\/static.foxnews.com\/foxnews.com\/content\/uploads\/2024\/12\/686\/384\/gettyimages-1249549786.jpg?ve=1&amp;tl=1 2x\" height=\"192\" width=\"343\"><source media=\"(min-width: 768px) and (max-width: 1023px)\" srcset=\"https:\/\/a57.foxnews.com\/static.foxnews.com\/foxnews.com\/content\/uploads\/2024\/12\/672\/378\/gettyimages-1249549786.jpg?ve=1&amp;tl=1, https:\/\/a57.foxnews.com\/static.foxnews.com\/foxnews.com\/content\/uploads\/2024\/12\/1344\/756\/gettyimages-1249549786.jpg?ve=1&amp;tl=1 2x\" height=\"378\" width=\"672\"><source media=\"(min-width: 1024px) and (max-width: 1279px)\" srcset=\"https:\/\/a57.foxnews.com\/static.foxnews.com\/foxnews.com\/content\/uploads\/2024\/12\/931\/523\/gettyimages-1249549786.jpg?ve=1&amp;tl=1, https:\/\/a57.foxnews.com\/static.foxnews.com\/foxnews.com\/content\/uploads\/2024\/12\/1862\/1046\/gettyimages-1249549786.jpg?ve=1&amp;tl=1 2x\" height=\"523\" width=\"931\"><source media=\"(min-width: 1280px)\" srcset=\"https:\/\/a57.foxnews.com\/static.foxnews.com\/foxnews.com\/content\/uploads\/2024\/12\/720\/405\/gettyimages-1249549786.jpg?ve=1&amp;tl=1, https:\/\/a57.foxnews.com\/static.foxnews.com\/foxnews.com\/content\/uploads\/2024\/12\/1440\/810\/gettyimages-1249549786.jpg?ve=1&amp;tl=1 2x\" height=\"405\" width=\"720\"><img loading=\"lazy\" decoding=\"async\" src=\"https:\/\/a57.foxnews.com\/static.foxnews.com\/foxnews.com\/content\/uploads\/2024\/12\/1200\/675\/gettyimages-1249549786.jpg?ve=1&amp;tl=1\" alt=\"Los israel\u00edes entrenan en el campo de tiro.\" width=\"1200\" height=\"675\"\/><\/source><\/source><\/source><\/source><\/picture><\/div>\n<div class=\"info\">\n<div class=\"caption\">\n<p><span>Israel\u00edes entrenan en un campo de tiro, 12 de febrero de 2023.<\/span> <span>(Gil Cohen-Magen\/AFP v\u00eda Getty Images)<\/span><\/p>\n<\/div>\n<\/div>\n<\/div>\n<p>Pero a Haskel tambi\u00e9n le preocupa lo que ha visto en los campos de tiro. \u00abLa gente lo trata como un juego, disparando sin comprender la responsabilidad. Es horrible pensar que estas personas ahora tienen licencia\u00bb.<\/p>\n<p>Para muchos israel\u00edes, la reforma representa una respuesta necesaria a una amenaza existencial. Sin embargo, tambi\u00e9n ha expuesto profundas fallas en el sistema. Los cr\u00edticos argumentan que el enfoque actual sacrifica la seguridad a largo plazo por la seguridad a corto plazo, advirtiendo sobre posibles consecuencias no deseadas, desde tiroteos accidentales hasta un aumento de la violencia dom\u00e9stica.<\/p>\n<p><strong>SALVANDO VIDAS EN &#8216;DEATH STREET&#8217;, C\u00d3MO UNA MAESTRA DE KINDERGARTEN ISRAEL\u00cd SE CONVIRTI\u00d3 EN H\u00c9ROE DEL CAMPO DE BATALLA EL 7 DE OCTUBRE<\/strong><\/p>\n<p>\u00abObtener una licencia para portar armas es m\u00e1s f\u00e1cil que obtener una licencia para conducir\u00bb, dice Gozlan. \u00abPara un coche, se necesitan lecciones, pruebas y reglas estrictas. Para un arma, son s\u00f3lo algunos tr\u00e1mites y unas pocas horas en el campo de tiro\u00bb.<\/p>\n<p>Froman ve las cosas de otra manera. \u00abSi alguien te amenaza, s\u00f3lo sacas tu arma en una situaci\u00f3n de seguridad nacional. No sacas un arma en situaciones que ponen en peligro tu vida personal a menos que sea un caso de terroristas. Las reglas aqu\u00ed son claras: debes tener una caja fuerte para tu arma. No puedo confiar en la caja fuerte de mi marido; un arma de fuego es personal. No puedo usar su arma y \u00e9l no puede usar la m\u00eda. Las regulaciones son muy estrictas. El arma es para defenderse de aquellos que quieren. para hacernos da\u00f1o, no para general defensa propia.\u00bb<\/p>\n<div class=\"image-ct inline\">\n<div class=\"m\"><picture><source media=\"(max-width: 767px)\" srcset=\"https:\/\/a57.foxnews.com\/static.foxnews.com\/foxnews.com\/content\/uploads\/2024\/01\/343\/192\/GettyImages-1720571572.jpg?ve=1&amp;tl=1, https:\/\/a57.foxnews.com\/static.foxnews.com\/foxnews.com\/content\/uploads\/2024\/01\/686\/384\/GettyImages-1720571572.jpg?ve=1&amp;tl=1 2x\" height=\"192\" width=\"343\"><source media=\"(min-width: 768px) and (max-width: 1023px)\" srcset=\"https:\/\/a57.foxnews.com\/static.foxnews.com\/foxnews.com\/content\/uploads\/2024\/01\/672\/378\/GettyImages-1720571572.jpg?ve=1&amp;tl=1, https:\/\/a57.foxnews.com\/static.foxnews.com\/foxnews.com\/content\/uploads\/2024\/01\/1344\/756\/GettyImages-1720571572.jpg?ve=1&amp;tl=1 2x\" height=\"378\" width=\"672\"><source media=\"(min-width: 1024px) and (max-width: 1279px)\" srcset=\"https:\/\/a57.foxnews.com\/static.foxnews.com\/foxnews.com\/content\/uploads\/2024\/01\/931\/523\/GettyImages-1720571572.jpg?ve=1&amp;tl=1, https:\/\/a57.foxnews.com\/static.foxnews.com\/foxnews.com\/content\/uploads\/2024\/01\/1862\/1046\/GettyImages-1720571572.jpg?ve=1&amp;tl=1 2x\" height=\"523\" width=\"931\"><source media=\"(min-width: 1280px)\" srcset=\"https:\/\/a57.foxnews.com\/static.foxnews.com\/foxnews.com\/content\/uploads\/2024\/01\/720\/405\/GettyImages-1720571572.jpg?ve=1&amp;tl=1, https:\/\/a57.foxnews.com\/static.foxnews.com\/foxnews.com\/content\/uploads\/2024\/01\/1440\/810\/GettyImages-1720571572.jpg?ve=1&amp;tl=1 2x\" height=\"405\" width=\"720\"><img loading=\"lazy\" decoding=\"async\" src=\"https:\/\/a57.foxnews.com\/static.foxnews.com\/foxnews.com\/content\/uploads\/2024\/01\/1200\/675\/GettyImages-1720571572.jpg?ve=1&amp;tl=1\" alt=\"Soldado israel\u00ed caminando\" width=\"1200\" height=\"675\"\/><\/source><\/source><\/source><\/source><\/picture><\/div>\n<div class=\"info\">\n<div class=\"caption\">\n<p><span>Un soldado israel\u00ed patrulla cerca del Kibbutz Beeri en el sur de Israel el 12 de octubre de 2023, cerca del lugar donde 270 juerguistas fueron asesinados por terroristas durante el festival de m\u00fasica Supernova el 7 de octubre.<\/span> <span>(Aris Messinis\/AFP v\u00eda Getty Images)<\/span><\/p>\n<\/div>\n<\/div>\n<\/div>\n<p>Mirkin est\u00e1 de acuerdo. \u00abNo somos como Estados Unidos\u00bb, dijo. \u00abNo queremos que las armas sean nuestros pasatiempos&#8230; para nosotros, es supervivencia, no elecci\u00f3n\u00bb.<\/p>\n<p>Un entrevistado que pidi\u00f3 permanecer en el anonimato describi\u00f3 c\u00f3mo entren\u00f3 a su esposa en el manejo b\u00e1sico de armas de fuego, a pesar de que ella no tiene licencia. \u00abNunca quise ponerla en esta situaci\u00f3n, pero si no estoy en casa durante un ataque, ella necesita saber c\u00f3mo defender a nuestros hijos\u00bb.<\/p>\n<p><strong>HAGA CLIC AQU\u00cd PARA OBTENER LA APLICACI\u00d3N FOX NEWS<\/strong><\/p>\n<p>A medida que Israel se adapta a esta nueva realidad, las implicaciones sociales del aumento de la propiedad de armas de fuego siguen siendo inciertas. Para muchos, el peso de estas decisiones pone de relieve el delicado equilibrio entre protecci\u00f3n y responsabilidad.<\/p>\n<p>\u00abEspero no tener que usarlo nunca\u00bb, dice Gozlan. \u00abPero no puedo ignorar la realidad en la que vivimos. El 7 de octubre cambi\u00f3 todo\u00bb.<\/p>\n<\/div>\n\n","protected":false},"excerpt":{"rendered":"<p>\u00danase a Fox News para acceder a este contenido Adem\u00e1s, acceso especial a art\u00edculos seleccionados y otro contenido premium con su cuenta, sin cargo. Al ingresar su correo electr\u00f3nico y presionar Continuar, acepta los T\u00e9rminos de uso y la Pol\u00edtica de privacidad de Fox News, que incluye nuestro Aviso de incentivo financiero. Por favor, introduce &hellip;<\/p>\n","protected":false},"author":1,"featured_media":8016,"comment_status":"open","ping_status":"open","sticky":false,"template":"","format":"standard","meta":{"fifu_image_url":"https:\/\/static.foxnews.com\/foxnews.com\/content\/uploads\/2024\/12\/144425_document.jpg","fifu_image_alt":"","footnotes":""},"categories":[13],"tags":[],"class_list":["post-8014","post","type-post","status-publish","format-standard","has-post-thumbnail","","category-mundo"],"_links":{"self":[{"href":"https:\/\/noticiasveraces.com\/index.php?rest_route=\/wp\/v2\/posts\/8014","targetHints":{"allow":["GET"]}}],"collection":[{"href":"https:\/\/noticiasveraces.com\/index.php?rest_route=\/wp\/v2\/posts"}],"about":[{"href":"https:\/\/noticiasveraces.com\/index.php?rest_route=\/wp\/v2\/types\/post"}],"author":[{"embeddable":true,"href":"https:\/\/noticiasveraces.com\/index.php?rest_route=\/wp\/v2\/users\/1"}],"replies":[{"embeddable":true,"href":"https:\/\/noticiasveraces.com\/index.php?rest_route=%2Fwp%2Fv2%2Fcomments&post=8014"}],"version-history":[{"count":0,"href":"https:\/\/noticiasveraces.com\/index.php?rest_route=\/wp\/v2\/posts\/8014\/revisions"}],"wp:featuredmedia":[{"embeddable":true,"href":"https:\/\/noticiasveraces.com\/index.php?rest_route=\/wp\/v2\/media\/8016"}],"wp:attachment":[{"href":"https:\/\/noticiasveraces.com\/index.php?rest_route=%2Fwp%2Fv2%2Fmedia&parent=8014"}],"wp:term":[{"taxonomy":"category","embeddable":true,"href":"https:\/\/noticiasveraces.com\/index.php?rest_route=%2Fwp%2Fv2%2Fcategories&post=8014"},{"taxonomy":"post_tag","embeddable":true,"href":"https:\/\/noticiasveraces.com\/index.php?rest_route=%2Fwp%2Fv2%2Ftags&post=8014"}],"curies":[{"name":"wp","href":"https:\/\/api.w.org\/{rel}","templated":true}]}}