{"id":8007,"date":"2024-12-27T03:11:45","date_gmt":"2024-12-27T07:11:45","guid":{"rendered":"https:\/\/noticiasveraces.com\/?p=8007"},"modified":"2024-12-27T03:11:45","modified_gmt":"2024-12-27T07:11:45","slug":"india-inicia-siete-dias-de-luto-por-muerte-de-manmohan-singh-dw-27-12-2024","status":"publish","type":"post","link":"https:\/\/noticiasveraces.com\/?p=8007","title":{"rendered":"India inicia siete d\u00edas de luto por muerte de Manmohan Singh \u2013 DW \u2013 27\/12\/2024"},"content":{"rendered":"<p> \n<\/p>\n<div>\n<p>El Gobierno de la India declar\u00f3 siete d\u00edas de luto en todo el pa\u00eds tras la muerte anoche del ex primer ministro indio Manmohan Singh a los 92 a\u00f1os \u00abpor problemas m\u00e9dicos relacionados con la edad\u00bb, y anunci\u00f3 este viernes (27.12.2024) que recibir un funeral de Estado.<\/p>\n<p>\u00abComo muestra de respeto al dignatario fallecido, se ha decidido que se observar\u00e1n siete d\u00edas de luto estatal en toda la India desde el 26 de diciembre de 2024 hasta el 1 de enero de 2025, ambos d\u00edas incluidos\u00bb, indic\u00f3 este viernes el Ministerio del Interior en un comunicado.<\/p>\n<p>\u00abDurante este per\u00edodo, la bandera nacional ondear\u00e1 a los medios de comunicaci\u00f3n asta en toda la India, donde se iza habitualmente, y no habr\u00e1 ning\u00fan entretenimiento oficial. Tambi\u00e9n se ha decidido que se celebrar\u00e1 un funeral de Estado por el difunto Dr. Manmohan Singh\u00bb, agreg\u00f3 .<\/p>\n<p>Aunque el Gobierno no ha dado a conocer hasta el momento la fecha exacta de la ceremonia, el secretario general de su antigua formaci\u00f3n, el hist\u00f3rico Partido del Congreso (INC), KC Venugopal, dijo anoche a los medios que el funeral probablemente tendr\u00e1 lugar este s\u00e1bado.<\/p>\n<h2>Sing perdi\u00f3 repentinamente la conciencia<\/h2>\n<p>Singh, que ejerci\u00f3 como primer ministro indio entre 2004 y 2014, muri\u00f3 anoche a las 21:51 hora local (16:21 GMT del jueves) en el hospital AIIMS de Nueva Delhi \u00abpor problemas m\u00e9dicos relacionados con la edad\u00bb, inform\u00f3 en un comunicado el centro hospitalario.<\/p>\n<p>El exmandatario hab\u00eda sufrido \u00abuna arrepentida p\u00e9rdida de conciencia\u00bb una hora antes en su vivienda y fue trasladado al hospital, donde se certific\u00f3 su muerte.<\/p>\n<p>Su cuerpo fue llevado anoche a su residencia en Nueva Delhi, donde a lo largo de la pasada noche y de esta ma\u00f1ana han ido llegando altos cargos del INC y del Gobierno del Bharatiya Janata Party (BJP) para despedirse.<\/p>\n<p><span data-slot-id=\"Article_InContent-1\" class=\"rich-text-ad\"\/><\/p>\n<h2>Tributo a Narendra Modi Rindi\u00f3<\/h2>\n<p>El actual primer ministro, Narendra Modi, se traslad\u00f3 hoy hasta la residencia acompa\u00f1ado de otros miembros de su Gobierno, como el ministro del Interior Amith Shah, para rendir homenaje al que fue su predecesor al frente del Ejecutivo indio, seg\u00fan im\u00e1genes difundidas por la agencia. India PTI.<\/p>\n<p>Singh ejerci\u00f3 como ex primer ministro durante una d\u00e9cada, con dos mandatos que se cerraron de manera opuesta: si bien el primero tuvo un \u00e9xito moderado por el crecimiento econ\u00f3mico y la salida de la India de su aislamiento nuclear, la ralentizaci\u00f3n de la econom\u00eda y varios Casos de corrupci\u00f3n en su Gobierno ensombrecieron su segunda legislatura.<\/p>\n<p>El ex primer ministro es especialmente recordado por su trayectoria al frente del Ministerio de Finanzas entre 1991 y 1996 durante el Gobierno del INC.<\/p>\n<p>Desde esa posici\u00f3n se introdujeron numerosas reformas para liberalizar la econom\u00eda india, descentraliz\u00e1ndola y favoreciendo la inversi\u00f3n extranjera, que dieron un enorme impulso a su hasta entonces fr\u00e1gil econom\u00eda.<\/p>\n<p>jc (efe, afp)<\/p>\n<\/p>\n<\/div>\n\n","protected":false},"excerpt":{"rendered":"<p>El Gobierno de la India declar\u00f3 siete d\u00edas de luto en todo el pa\u00eds tras la muerte anoche del ex primer ministro indio Manmohan Singh a los 92 a\u00f1os \u00abpor problemas m\u00e9dicos relacionados con la edad\u00bb, y anunci\u00f3 este viernes (27.12.2024) que recibir un funeral de Estado. \u00abComo muestra de respeto al dignatario fallecido, se &hellip;<\/p>\n","protected":false},"author":1,"featured_media":8008,"comment_status":"open","ping_status":"open","sticky":false,"template":"","format":"standard","meta":{"fifu_image_url":"https:\/\/static.dw.com\/image\/71166279_6.jpg","fifu_image_alt":"","footnotes":""},"categories":[13],"tags":[],"class_list":["post-8007","post","type-post","status-publish","format-standard","has-post-thumbnail","","category-mundo"],"_links":{"self":[{"href":"https:\/\/noticiasveraces.com\/index.php?rest_route=\/wp\/v2\/posts\/8007","targetHints":{"allow":["GET"]}}],"collection":[{"href":"https:\/\/noticiasveraces.com\/index.php?rest_route=\/wp\/v2\/posts"}],"about":[{"href":"https:\/\/noticiasveraces.com\/index.php?rest_route=\/wp\/v2\/types\/post"}],"author":[{"embeddable":true,"href":"https:\/\/noticiasveraces.com\/index.php?rest_route=\/wp\/v2\/users\/1"}],"replies":[{"embeddable":true,"href":"https:\/\/noticiasveraces.com\/index.php?rest_route=%2Fwp%2Fv2%2Fcomments&post=8007"}],"version-history":[{"count":0,"href":"https:\/\/noticiasveraces.com\/index.php?rest_route=\/wp\/v2\/posts\/8007\/revisions"}],"wp:featuredmedia":[{"embeddable":true,"href":"https:\/\/noticiasveraces.com\/index.php?rest_route=\/wp\/v2\/media\/8008"}],"wp:attachment":[{"href":"https:\/\/noticiasveraces.com\/index.php?rest_route=%2Fwp%2Fv2%2Fmedia&parent=8007"}],"wp:term":[{"taxonomy":"category","embeddable":true,"href":"https:\/\/noticiasveraces.com\/index.php?rest_route=%2Fwp%2Fv2%2Fcategories&post=8007"},{"taxonomy":"post_tag","embeddable":true,"href":"https:\/\/noticiasveraces.com\/index.php?rest_route=%2Fwp%2Fv2%2Ftags&post=8007"}],"curies":[{"name":"wp","href":"https:\/\/api.w.org\/{rel}","templated":true}]}}