{"id":7987,"date":"2024-12-26T23:50:50","date_gmt":"2024-12-27T03:50:50","guid":{"rendered":"https:\/\/noticiasveraces.com\/?p=7987"},"modified":"2024-12-26T23:50:50","modified_gmt":"2024-12-27T03:50:50","slug":"el-zar-fronterizo-de-trump-dice-que-los-centros-de-detencion-familiar-podrian-desempenar-un-papel-en-el-esfuerzo-de-deportacion","status":"publish","type":"post","link":"https:\/\/noticiasveraces.com\/?p=7987","title":{"rendered":"El &#8216;zar fronterizo&#8217; de Trump dice que los centros de detenci\u00f3n familiar podr\u00edan desempe\u00f1ar un papel en el esfuerzo de deportaci\u00f3n"},"content":{"rendered":"<p> \n<\/p>\n<div>\n<p class=\"\">El \u00abzar fronterizo\u00bb del presidente electo Donald Trump dijo el jueves que el uso de centros de detenci\u00f3n familiar para migrantes est\u00e1 \u00absobre la mesa\u00bb, planteando la posibilidad de que la pr\u00e1ctica terminada por la administraci\u00f3n Biden pueda regresar el pr\u00f3ximo a\u00f1o.<\/p>\n<p class=\"\">\u00abEs algo que estamos considerando\u00bb, dijo en una entrevista Tom Homan, quien fue director interino del Servicio de Inmigraci\u00f3n y Control de Aduanas durante la primera administraci\u00f3n de Trump.<\/p>\n<p class=\"\">\u00abMire, tenemos que poner fin a la captura y liberaci\u00f3n, y eso incluye tambi\u00e9n a las unidades familiares\u00bb, a\u00f1adi\u00f3, utilizando una frase que a veces se utiliza para describir la liberaci\u00f3n de inmigrantes mientras esperan los procedimientos judiciales de inmigraci\u00f3n.<\/p>\n<p class=\"\">ICE dej\u00f3 de detener a familias que ingresan ilegalmente al pa\u00eds con sus hijos poco despu\u00e9s de que el presidente Joe Biden asumiera el cargo, aunque los funcionarios de la administraci\u00f3n consideraron el a\u00f1o pasado revivir la pr\u00e1ctica.<\/p>\n<p class=\"\">Homan, a quien Trump anunci\u00f3 como su zar fronterizo el 10 de noviembre, menos de una semana despu\u00e9s de ganar un segundo mandato, dijo que los planes a\u00fan se est\u00e1n discutiendo.<\/p>\n<p class=\"\">Dijo que si la administraci\u00f3n Trump decide optar por la detenci\u00f3n de familias, \u201cvamos a tratar de enviar jueces de inmigraci\u00f3n a estos lugares\u201d.<\/p>\n<figure class=\"styles_inlineImage__yAWZ0 styles_medium__OMa6x\"><picture class=\"styles_image__1qciH\" data-testid=\"picture\"><source media=\"(min-width: 1000px)\" srcset=\"https:\/\/media-cldnry.s-nbcnews.com\/image\/upload\/t_fit-560w,f_avif,q_auto:eco,dpr_2\/rockcms\/2024-12\/241226-tom-homan-se-808p-6fa8fd.jpg 2x, https:\/\/media-cldnry.s-nbcnews.com\/image\/upload\/t_fit-560w,f_auto,q_auto:best\/rockcms\/2024-12\/241226-tom-homan-se-808p-6fa8fd.jpg 1x\"\/><source media=\"(min-width: 320px)\" srcset=\"https:\/\/media-cldnry.s-nbcnews.com\/image\/upload\/t_fit-760w,f_avif,q_auto:eco,dpr_2\/rockcms\/2024-12\/241226-tom-homan-se-808p-6fa8fd.jpg 2x, https:\/\/media-cldnry.s-nbcnews.com\/image\/upload\/t_fit-760w,f_auto,q_auto:best\/rockcms\/2024-12\/241226-tom-homan-se-808p-6fa8fd.jpg 1x\"\/><img decoding=\"async\" loading=\"lazy\" src=\"https:\/\/media-cldnry.s-nbcnews.com\/image\/upload\/t_fit-760w,f_auto,q_auto:best\/rockcms\/2024-12\/241226-tom-homan-se-808p-6fa8fd.jpg\" alt=\"Tom Homan hablando desde el podio\" height=\"1667\" width=\"2500\"\/><\/picture><figcaption class=\"caption styles_caption__Pe5JC\" data-testid=\"caption\"><span class=\"caption__container\" data-testid=\"caption__container\">Tom Homan en el AmericaFest de Turning Point USA en Phoenix el domingo. <\/span><span class=\"caption__source\" data-testid=\"caption__source\">Josh Edelson \/ AFP &#8211; Getty Images<\/span><\/figcaption><\/figure>\n<p class=\"\">Durante la primera administraci\u00f3n Trump, Homan respald\u00f3 la pol\u00edtica de \u201ctolerancia cero\u201d que provoc\u00f3 protestas bipartidistas. La pol\u00edtica permit\u00eda separar a los ni\u00f1os peque\u00f1os de sus padres.<\/p>\n<p class=\"\">Homan dijo el jueves que no prev\u00e9 que los ni\u00f1os inmigrantes sean separados de sus padres a gran escala en el esfuerzo de deportaci\u00f3n de Trump.<\/p>\n<p class=\"\">\u00abNo lo imagino en absoluto\u00bb, dijo.<\/p>\n<p class=\"\">Un fallo de un tribunal federal conocido como Acuerdo de Conciliaci\u00f3n Flores limita el tiempo que los ni\u00f1os migrantes pueden permanecer detenidos a 20 d\u00edas. <\/p>\n<p class=\"\">Homan dijo el jueves que est\u00e1 a favor de desafiar ese marco legal, lo que complicar\u00eda el uso de cualquier centro de detenci\u00f3n familiar.<\/p>\n<p class=\"\">\u00abEstamos analizando lo que dice la ley actualmente, pero creo que necesitamos litigar parte de la decisi\u00f3n\u00bb, dijo. \u00abCreo que el Acuerdo de Flores es una decisi\u00f3n equivocada.<\/p>\n<p class=\"\">\u201cEn este momento sabemos lo que dicen las reglas. Y esto es algo en lo que trabajaremos hasta que obtengamos otra decisi\u00f3n o una mejor decisi\u00f3n de los tribunales\u201d, dijo.<\/p>\n<p class=\"\">Homan dijo que la cantidad de centros de detenci\u00f3n depender\u00eda de los datos. Al comienzo de la administraci\u00f3n Biden, ICE operaba tres instalaciones.<\/p>\n<p class=\"\">\u00abTengo que obtener los datos, a los que ahora tenemos acceso, para saber cu\u00e1ntos necesitamos\u00bb, dijo Homan. \u00abY nuevamente, bas\u00e1ndonos en los datos, \u00bfc\u00f3mo vamos a hacerlo?\u00bb.<\/p>\n<p class=\"\">Dijo que los centros de detenci\u00f3n no ser\u00edan c\u00e1rceles sino \u00abcampus al aire libre\u00bb dise\u00f1ados para familias.<\/p>\n<p class=\"\">Homan sugiri\u00f3 que la administraci\u00f3n Trump no considerar\u00eda si las personas que se encuentran en el pa\u00eds sin autorizaci\u00f3n tienen hijos que sean ciudadanos estadounidenses. <\/p>\n<p class=\"\">Dijo que los padres que pierden sus casos de inmigraci\u00f3n \u00abvan a tener que tomar una decisi\u00f3n sobre lo que quieren hacer: pueden llevarse a su hijo con ustedes o dejarlo aqu\u00ed en los Estados Unidos con un familiar\u00bb.<\/p>\n<p class=\"\">Homan tambi\u00e9n critic\u00f3 a los gobiernos locales, como el condado de San Diego y Los \u00c1ngeles, que han tomado medidas que, seg\u00fan dicen, proteger\u00e1n a los inmigrantes indocumentados y que impiden o restringen los recursos locales disponibles para las autoridades federales de inmigraci\u00f3n. <\/p>\n<p class=\"\">\u00abVamos a hacer esta operaci\u00f3n, con o sin\u00bb, dijo Homan sobre el plan de deportaci\u00f3n. \u00abSi quieren sentarse y mirar, ser\u00e1 decepcionante, pero lo vamos a hacer\u00bb.<\/p>\n<p class=\"\">Lee Gelernt, un abogado de la Uni\u00f3n Estadounidense de Libertades Civiles que encabez\u00f3 demandas para reunir a ni\u00f1os inmigrantes durante el primer mandato de Trump, dijo que la ACLU est\u00e1 preparada para impugnar cualquier aspecto del plan de deportaci\u00f3n que considere inconstitucional.<\/p>\n<p class=\"\">\u201cHemos cuestionado la detenci\u00f3n familiar en el pasado. Tendremos que ver qu\u00e9 hacen realmente\u201d, dijo Gelernt a NBC News el jueves. \u00abPero tengo la esperanza de que el p\u00fablico estadounidense no quiera que los ni\u00f1os peque\u00f1os pasen d\u00edas, semanas y potencialmente meses en un centro de detenci\u00f3n\u00bb.<\/p>\n<p class=\"\">Gelernt dijo que una orden judicial proh\u00edbe al gobierno separar directamente a los ni\u00f1os de sus padres, pero los comentarios de Homan sugieren que la nueva administraci\u00f3n planea perseguir a las familias por medios indirectos, obligando a los padres a tomar decisiones terribles sobre si dejar a sus hijos en Estados Unidos.<\/p>\n<p class=\"\">\u201cHab\u00edamos pensado que habr\u00edan aprendido la lecci\u00f3n la primera vez: que incluso si el p\u00fablico quiere que se cambien las leyes de inmigraci\u00f3n, no quiere que los ni\u00f1os y las familias sean el objetivo\u201d, dijo.<\/p>\n<p class=\"\">Trump hizo campa\u00f1a con la promesa de deportar a las personas que se encuentren en el pa\u00eds sin autorizaci\u00f3n. Los detalles de su plan no han quedado claros; ha dicho que su administraci\u00f3n comenzar\u00e1 con aquellos que han cometido cr\u00edmenes.<\/p>\n<p class=\"endmark\">Durante la campa\u00f1a electoral, se refiri\u00f3 a los inmigrantes como una \u00abinvasi\u00f3n\u00bb. Algunos republicanos han tratado de atenuar las amenazas de Trump de deportaciones masivas despu\u00e9s de su victoria electoral.<\/p>\n<\/div>\n\n","protected":false},"excerpt":{"rendered":"<p>El \u00abzar fronterizo\u00bb del presidente electo Donald Trump dijo el jueves que el uso de centros de detenci\u00f3n familiar para migrantes est\u00e1 \u00absobre la mesa\u00bb, planteando la posibilidad de que la pr\u00e1ctica terminada por la administraci\u00f3n Biden pueda regresar el pr\u00f3ximo a\u00f1o. \u00abEs algo que estamos considerando\u00bb, dijo en una entrevista Tom Homan, quien fue &hellip;<\/p>\n","protected":false},"author":1,"featured_media":7989,"comment_status":"open","ping_status":"open","sticky":false,"template":"","format":"standard","meta":{"fifu_image_url":"https:\/\/media-cldnry.s-nbcnews.com\/image\/upload\/t_nbcnews-fp-1200-630,f_auto,q_auto:best\/rockcms\/2024-12\/241226-tom-homan-se-808p-6fa8fd.jpg","fifu_image_alt":"","footnotes":""},"categories":[4],"tags":[],"class_list":["post-7987","post","type-post","status-publish","format-standard","has-post-thumbnail","","category-historias-destacadas"],"_links":{"self":[{"href":"https:\/\/noticiasveraces.com\/index.php?rest_route=\/wp\/v2\/posts\/7987","targetHints":{"allow":["GET"]}}],"collection":[{"href":"https:\/\/noticiasveraces.com\/index.php?rest_route=\/wp\/v2\/posts"}],"about":[{"href":"https:\/\/noticiasveraces.com\/index.php?rest_route=\/wp\/v2\/types\/post"}],"author":[{"embeddable":true,"href":"https:\/\/noticiasveraces.com\/index.php?rest_route=\/wp\/v2\/users\/1"}],"replies":[{"embeddable":true,"href":"https:\/\/noticiasveraces.com\/index.php?rest_route=%2Fwp%2Fv2%2Fcomments&post=7987"}],"version-history":[{"count":0,"href":"https:\/\/noticiasveraces.com\/index.php?rest_route=\/wp\/v2\/posts\/7987\/revisions"}],"wp:featuredmedia":[{"embeddable":true,"href":"https:\/\/noticiasveraces.com\/index.php?rest_route=\/wp\/v2\/media\/7989"}],"wp:attachment":[{"href":"https:\/\/noticiasveraces.com\/index.php?rest_route=%2Fwp%2Fv2%2Fmedia&parent=7987"}],"wp:term":[{"taxonomy":"category","embeddable":true,"href":"https:\/\/noticiasveraces.com\/index.php?rest_route=%2Fwp%2Fv2%2Fcategories&post=7987"},{"taxonomy":"post_tag","embeddable":true,"href":"https:\/\/noticiasveraces.com\/index.php?rest_route=%2Fwp%2Fv2%2Ftags&post=7987"}],"curies":[{"name":"wp","href":"https:\/\/api.w.org\/{rel}","templated":true}]}}