{"id":7970,"date":"2024-12-26T20:46:44","date_gmt":"2024-12-27T00:46:44","guid":{"rendered":"https:\/\/noticiasveraces.com\/?p=7970"},"modified":"2024-12-26T20:46:44","modified_gmt":"2024-12-27T00:46:44","slug":"desayuno-un-chuleton-y-cuatro-huevos-fritos","status":"publish","type":"post","link":"https:\/\/noticiasveraces.com\/?p=7970","title":{"rendered":"\u00abDesayuno un chulet\u00f3n y cuatro huevos fritos\u00bb"},"content":{"rendered":"<p> \n<\/p>\n<div id=\"intext\">\n<p>Dos semanas despu\u00e9s de conquistar la <b>medalla de oro<\/b> en la prueba de los 200 metros braza en los Mundiales de piscina corta en Budapest, <b>Carles Coll <\/b>habla con Antena 3 Deportes y explica algunos aspectos desconocidos de su rutina diaria.<\/p>\n<p>\u00abPor las ma\u00f1anas como<b> cada d\u00eda como un buen chulet\u00f3n y cuatro huevos fritos para desayunar<\/b> Despu\u00e9s del entrenamiento. Y voy como un tiro todo el d\u00eda\u00bb, revela el nadador catal\u00e1n a Antena 3 Deportes.<\/p>\n<p>A sus 23 a\u00f1os, el nadador nacido en Tarragona el 15 de octubre de 2001 tom\u00f3 el pasado 13 de diciembre el relevo de <b>Mireia Belmonte<\/b>la \u00faltima nadadora espa\u00f1ola en reinar en un mundial de piscina corta.<\/p>\n<p>\u00abPara m\u00ed<b> es un orgullo volver a ser uno de esos nombres <\/b>que va a estar ah\u00ed en la historia\u00bb, admite Carles Coll.<\/p>\n<h2 class=\"title-h2\">\u00abPara llegar al nivel m\u00e1s alto te tienes que salir todo muy bien\u00bb<\/h2>\n<p>Hijo de destacados padres nadadores entre los 80 y 90, no quer\u00edan que su hijo se dedicara a la nataci\u00f3n, pero ya se sabe que los hijos no siempre hacen caso a sus padres.<\/p>\n<p>\u00abSab\u00edan c\u00f3mo es este mundillo, <b>es un deporte muy duro y para llegar al nivel m\u00e1s alto te tiene que salir todo muy bien<\/b>\u00ab, explica Carles Coll.<\/p>\n<p>Antes de decidirse por la piscina, Carles Coll estuvo tentado por el f\u00fatbol.<\/p>\n<p>\u00abMido 1,97, yo creo que de defensa le meto a Haaland un buen codazo y no me pasa\u00bb, bromea Carles Coll.<\/p>\n<p>A punto de graduarse en bioqu\u00edmica, el gran objetivo deportivo de Carles Coll son los<b> Juegos Ol\u00edmpicos de 2028<\/b> en Los \u00c1ngeles.<\/p>\n<p><i>S\u00edguenos en nuestro canal de WhatsApp y no te pierdas la \u00faltima hora y toda la actualidad de antena3noticias.com<\/i><\/p>\n<div class=\"recirculation-video\" data-mod=\"a3mod_recirculation_video\">\n<div class=\"recirculation-video-wrapper\">\n<div>\n<div class=\"video-wrapper\">\n  <picture class=\"video-main-picture\"><source media=\"(min-width: 481px)\" srcset=\"https:\/\/fotografias.antena3.com\/clipping\/cmsimages01\/2024\/12\/24\/49903171-118F-4C16-A78D-021A01FADC1B\/luis-fuente-hemos-vuelto-sentir-que-recuperado-espiritu-2010_94.jpg?crop=640,360,x0,y0&amp;width=800&amp;height=450&amp;optimize=medium&amp;format=webply\" width=\"800\" height=\"450\"><source media=\"(min-width: 391px) and (max-width: 480px)\" srcset=\"https:\/\/fotografias.antena3.com\/clipping\/cmsimages01\/2024\/12\/24\/49903171-118F-4C16-A78D-021A01FADC1B\/luis-fuente-hemos-vuelto-sentir-que-recuperado-espiritu-2010_70.jpg?crop=640,360,x0,y0&amp;width=480&amp;height=270&amp;optimize=high&amp;format=webply\" width=\"480\" height=\"270\"><source media=\"(min-width: 321px) and (max-width: 390px)\" srcset=\"https:\/\/fotografias.antena3.com\/clipping\/cmsimages01\/2024\/12\/24\/49903171-118F-4C16-A78D-021A01FADC1B\/luis-fuente-hemos-vuelto-sentir-que-recuperado-espiritu-2010_92.jpg?crop=640,359,x0,y0&amp;width=390&amp;height=219&amp;optimize=high&amp;format=webply\" width=\"390\" height=\"219\"><source media=\"(max-width: 320px)\" srcset=\"https:\/\/fotografias.antena3.com\/clipping\/cmsimages01\/2024\/12\/24\/49903171-118F-4C16-A78D-021A01FADC1B\/luis-fuente-hemos-vuelto-sentir-que-recuperado-espiritu-2010_52.jpg?crop=640,360,x0,y0&amp;width=320&amp;height=180&amp;optimize=high&amp;format=webply\" width=\"320\" height=\"180\"><img decoding=\"async\" title=\"Luis de la Fuente: &quot;Hemos vuelto a sentir que se ha recuperado el esp\u00edritu del 2010&quot;\" alt=\"Luis de la Fuente: &quot;Hemos vuelto a sentir que se ha recuperado el esp\u00edritu del 2010&quot;\" width=\"480\" height=\"270\" src=\"https:\/\/fotografias.antena3.com\/clipping\/cmsimages01\/2024\/12\/24\/49903171-118F-4C16-A78D-021A01FADC1B\/luis-fuente-hemos-vuelto-sentir-que-recuperado-espiritu-2010_70.jpg?crop=640,360,x0,y0&amp;width=480&amp;height=270&amp;optimize=high&amp;format=webply\" loading=\"lazy\" class=\"lazy\"\/><br \/>\n  <\/source><\/source><\/source><\/source><\/picture>\n <\/div>\n<\/div><\/div>\n<\/p><\/div>\n<\/div>\n\n","protected":false},"excerpt":{"rendered":"<p>Dos semanas despu\u00e9s de conquistar la medalla de oro en la prueba de los 200 metros braza en los Mundiales de piscina corta en Budapest, Carles Coll habla con Antena 3 Deportes y explica algunos aspectos desconocidos de su rutina diaria. \u00abPor las ma\u00f1anas como cada d\u00eda como un buen chulet\u00f3n y cuatro huevos fritos &hellip;<\/p>\n","protected":false},"author":1,"featured_media":7972,"comment_status":"open","ping_status":"open","sticky":false,"template":"","format":"standard","meta":{"fifu_image_url":"https:\/\/fotografias.antena3.com\/clipping\/cmsimages01\/2024\/12\/26\/93262322-91EB-4C41-A68E-5DF5B5703BDE\/carles-coll-posa-medalla-oro-200-metros-braza_69.jpg?crop=1920,1080,x0,y0&width=1280&height=720&optimize=low&format=jpg","fifu_image_alt":"","footnotes":""},"categories":[6],"tags":[],"class_list":["post-7970","post","type-post","status-publish","format-standard","has-post-thumbnail","","category-deportes"],"_links":{"self":[{"href":"https:\/\/noticiasveraces.com\/index.php?rest_route=\/wp\/v2\/posts\/7970","targetHints":{"allow":["GET"]}}],"collection":[{"href":"https:\/\/noticiasveraces.com\/index.php?rest_route=\/wp\/v2\/posts"}],"about":[{"href":"https:\/\/noticiasveraces.com\/index.php?rest_route=\/wp\/v2\/types\/post"}],"author":[{"embeddable":true,"href":"https:\/\/noticiasveraces.com\/index.php?rest_route=\/wp\/v2\/users\/1"}],"replies":[{"embeddable":true,"href":"https:\/\/noticiasveraces.com\/index.php?rest_route=%2Fwp%2Fv2%2Fcomments&post=7970"}],"version-history":[{"count":0,"href":"https:\/\/noticiasveraces.com\/index.php?rest_route=\/wp\/v2\/posts\/7970\/revisions"}],"wp:featuredmedia":[{"embeddable":true,"href":"https:\/\/noticiasveraces.com\/index.php?rest_route=\/wp\/v2\/media\/7972"}],"wp:attachment":[{"href":"https:\/\/noticiasveraces.com\/index.php?rest_route=%2Fwp%2Fv2%2Fmedia&parent=7970"}],"wp:term":[{"taxonomy":"category","embeddable":true,"href":"https:\/\/noticiasveraces.com\/index.php?rest_route=%2Fwp%2Fv2%2Fcategories&post=7970"},{"taxonomy":"post_tag","embeddable":true,"href":"https:\/\/noticiasveraces.com\/index.php?rest_route=%2Fwp%2Fv2%2Ftags&post=7970"}],"curies":[{"name":"wp","href":"https:\/\/api.w.org\/{rel}","templated":true}]}}