{"id":7967,"date":"2024-12-26T19:48:50","date_gmt":"2024-12-26T23:48:50","guid":{"rendered":"https:\/\/noticiasveraces.com\/?p=7967"},"modified":"2024-12-26T19:48:50","modified_gmt":"2024-12-26T23:48:50","slug":"nieto-del-ex-comandante-de-auschwitz-sobre-el-aumento-del-antisemitismo-su-vida-como-pastor","status":"publish","type":"post","link":"https:\/\/noticiasveraces.com\/?p=7967","title":{"rendered":"Nieto del ex comandante de Auschwitz sobre el aumento del antisemitismo, su vida como pastor"},"content":{"rendered":"<p> \n<\/p>\n<div>\n<div class=\"article-gating gated-overlay show-gate\">\n<div class=\"article-gating-wrapper\">\n<p>\u00danase a Fox News para acceder a este contenido<\/p>\n<p>Ha alcanzado su n\u00famero m\u00e1ximo de art\u00edculos. Inicia sesi\u00f3n o crea una cuenta GRATIS para continuar leyendo.<\/p>\n<div class=\"article-gating-legal tablet-desktop\">Al ingresar su correo electr\u00f3nico y presionar Continuar, acepta los T\u00e9rminos de uso y la Pol\u00edtica de privacidad de Fox News, que incluye nuestro Aviso de incentivo financiero.\n    <\/div>\n<p><span>Por favor, introduce una direcci\u00f3n de correo electr\u00f3nico v\u00e1lida.<\/span><\/p>\n<footer class=\"article-gating-footer\">\u00bfTienes problemas? Haga clic aqu\u00ed.<\/footer>\n<\/div>\n<\/div>\n<p class=\"speakable\">Kai H\u00f6ss sube al podio todos los domingos en una peque\u00f1a iglesia en Alemania para compartir un mensaje de salvaci\u00f3n y de la gracia y el perd\u00f3n de Dios. <\/p>\n<p class=\"speakable\">Es el pastor principal de la Iglesia B\u00edblica de Stuttgart, una iglesia no denominacional que sirve a la comunidad internacional de habla inglesa, as\u00ed como a los miembros del servicio estadounidense y sus familias que est\u00e1n estacionados en el \u00e1rea.<\/p>\n<p>Tambi\u00e9n es nieto del ex comandante de Auschwitz Rudolf H\u00f6ss, un funcionario nazi que <u>supervis\u00f3 el asesinato en masa<\/u> de aproximadamente 1,1 millones de personas, la mayor\u00eda de ellas jud\u00edas, en el tristemente c\u00e9lebre campo de exterminio del sur de Polonia.<\/p>\n<div class=\"image-ct inline\">\n<div class=\"m\"><picture><source media=\"(max-width: 767px)\" srcset=\"https:\/\/a57.foxnews.com\/static.foxnews.com\/foxnews.com\/content\/uploads\/2024\/12\/343\/192\/rudolf-hoss.jpg?ve=1&amp;tl=1, https:\/\/a57.foxnews.com\/static.foxnews.com\/foxnews.com\/content\/uploads\/2024\/12\/686\/384\/rudolf-hoss.jpg?ve=1&amp;tl=1 2x\" height=\"192\" width=\"343\"><source media=\"(min-width: 768px) and (max-width: 1023px)\" srcset=\"https:\/\/a57.foxnews.com\/static.foxnews.com\/foxnews.com\/content\/uploads\/2024\/12\/672\/378\/rudolf-hoss.jpg?ve=1&amp;tl=1, https:\/\/a57.foxnews.com\/static.foxnews.com\/foxnews.com\/content\/uploads\/2024\/12\/1344\/756\/rudolf-hoss.jpg?ve=1&amp;tl=1 2x\" height=\"378\" width=\"672\"><source media=\"(min-width: 1024px) and (max-width: 1279px)\" srcset=\"https:\/\/a57.foxnews.com\/static.foxnews.com\/foxnews.com\/content\/uploads\/2024\/12\/931\/523\/rudolf-hoss.jpg?ve=1&amp;tl=1, https:\/\/a57.foxnews.com\/static.foxnews.com\/foxnews.com\/content\/uploads\/2024\/12\/1862\/1046\/rudolf-hoss.jpg?ve=1&amp;tl=1 2x\" height=\"523\" width=\"931\"><source media=\"(min-width: 1280px)\" srcset=\"https:\/\/a57.foxnews.com\/static.foxnews.com\/foxnews.com\/content\/uploads\/2024\/12\/720\/405\/rudolf-hoss.jpg?ve=1&amp;tl=1, https:\/\/a57.foxnews.com\/static.foxnews.com\/foxnews.com\/content\/uploads\/2024\/12\/1440\/810\/rudolf-hoss.jpg?ve=1&amp;tl=1 2x\" height=\"405\" width=\"720\"><img loading=\"lazy\" decoding=\"async\" src=\"https:\/\/a57.foxnews.com\/static.foxnews.com\/foxnews.com\/content\/uploads\/2024\/12\/1200\/675\/rudolf-hoss.jpg?ve=1&amp;tl=1\" alt=\"rudolf hoss\" width=\"1200\" height=\"675\"\/><\/source><\/source><\/source><\/source><\/picture><\/div>\n<div class=\"info\">\n<div class=\"caption\">\n<p><span>Rudolf Hoss, a la derecha, el ex comandante de Auschwitz, con, desde la izquierda, Richard Baer, \u200b\u200bcomandante de Auschwitz y el Dr. Josef Mengele, durante un retiro fuera del campo en 1944.<\/span> <span>(Universal History Archive\/Universal Images Group v\u00eda Getty Images)<\/span><\/p>\n<\/div>\n<\/div>\n<\/div>\n<div class=\"image-ct inline\">\n<div class=\"m\"><picture><source media=\"(max-width: 767px)\" srcset=\"https:\/\/a57.foxnews.com\/static.foxnews.com\/foxnews.com\/content\/uploads\/2024\/12\/343\/192\/rudolf-hoss-arrest.jpg?ve=1&amp;tl=1, https:\/\/a57.foxnews.com\/static.foxnews.com\/foxnews.com\/content\/uploads\/2024\/12\/686\/384\/rudolf-hoss-arrest.jpg?ve=1&amp;tl=1 2x\" height=\"192\" width=\"343\"><source media=\"(min-width: 768px) and (max-width: 1023px)\" srcset=\"https:\/\/a57.foxnews.com\/static.foxnews.com\/foxnews.com\/content\/uploads\/2024\/12\/672\/378\/rudolf-hoss-arrest.jpg?ve=1&amp;tl=1, https:\/\/a57.foxnews.com\/static.foxnews.com\/foxnews.com\/content\/uploads\/2024\/12\/1344\/756\/rudolf-hoss-arrest.jpg?ve=1&amp;tl=1 2x\" height=\"378\" width=\"672\"><source media=\"(min-width: 1024px) and (max-width: 1279px)\" srcset=\"https:\/\/a57.foxnews.com\/static.foxnews.com\/foxnews.com\/content\/uploads\/2024\/12\/931\/523\/rudolf-hoss-arrest.jpg?ve=1&amp;tl=1, https:\/\/a57.foxnews.com\/static.foxnews.com\/foxnews.com\/content\/uploads\/2024\/12\/1862\/1046\/rudolf-hoss-arrest.jpg?ve=1&amp;tl=1 2x\" height=\"523\" width=\"931\"><source media=\"(min-width: 1280px)\" srcset=\"https:\/\/a57.foxnews.com\/static.foxnews.com\/foxnews.com\/content\/uploads\/2024\/12\/720\/405\/rudolf-hoss-arrest.jpg?ve=1&amp;tl=1, https:\/\/a57.foxnews.com\/static.foxnews.com\/foxnews.com\/content\/uploads\/2024\/12\/1440\/810\/rudolf-hoss-arrest.jpg?ve=1&amp;tl=1 2x\" height=\"405\" width=\"720\"><img loading=\"lazy\" decoding=\"async\" src=\"https:\/\/a57.foxnews.com\/static.foxnews.com\/foxnews.com\/content\/uploads\/2024\/12\/1200\/675\/rudolf-hoss-arrest.jpg?ve=1&amp;tl=1\" alt=\"arresto de rudolf hoss\" width=\"1200\" height=\"675\"\/><\/source><\/source><\/source><\/source><\/picture><\/div>\n<div class=\"info\">\n<div class=\"caption\">\n<p><span>Rudolf Hoss durante la extradici\u00f3n de oficiales alemanes y ex funcionarios nazis por parte del Tribunal Militar Internacional a las autoridades polacas en el aeropuerto de Nuremberg.<\/span> <span>(ullstein bild\/ullstein bild v\u00eda Getty Images)<\/span><\/p>\n<\/div>\n<\/div>\n<\/div>\n<p>H\u00f6ss habl\u00f3 con Fox News Digital desde su casa en Alemania para compartir sus pensamientos sobre el antisemitismo actual y c\u00f3mo concilia su fe cristiana con lo que hizo su abuelo hace casi 80 a\u00f1os.<\/p>\n<p>Se cri\u00f3 en un hogar no cristiano con padres no creyentes, pero su abuela Carolina era una creyente que \u00abentend\u00eda a Cristo\u00bb y el Evangelio. <\/p>\n<p>\u00abPens\u00e9 que era muy rara\u00bb, admiti\u00f3 H\u00f6ss.<\/p>\n<p>Se gradu\u00f3 de la escuela, se form\u00f3 como chef, <u>se uni\u00f3 al ej\u00e9rcito<\/u> y luego estudi\u00f3 gesti\u00f3n tur\u00edstica hotelera. Trabaj\u00f3 en el extranjero durante aproximadamente 20 a\u00f1os y pas\u00f3 la mayor parte de su tiempo en cadenas hoteleras de renombre como Sheraton y Shangri-La.<\/p>\n<p>\u00abYo era un joven profesional urbano lleno de m\u00ed mismo, enamorado de m\u00ed mismo, ya sabes, Rolex, Amex dorado, Mr. Cool, yendo a discotecas, saliendo todas las noches. Esa era mi vida\u00bb, dijo.<\/p>\n<div class=\"image-ct inline\">\n<div class=\"m\"><picture><source media=\"(max-width: 767px)\" srcset=\"https:\/\/a57.foxnews.com\/static.foxnews.com\/foxnews.com\/content\/uploads\/2024\/12\/343\/192\/kai-hoss.jpg?ve=1&amp;tl=1, https:\/\/a57.foxnews.com\/static.foxnews.com\/foxnews.com\/content\/uploads\/2024\/12\/686\/384\/kai-hoss.jpg?ve=1&amp;tl=1 2x\" height=\"192\" width=\"343\"><source media=\"(min-width: 768px) and (max-width: 1023px)\" srcset=\"https:\/\/a57.foxnews.com\/static.foxnews.com\/foxnews.com\/content\/uploads\/2024\/12\/672\/378\/kai-hoss.jpg?ve=1&amp;tl=1, https:\/\/a57.foxnews.com\/static.foxnews.com\/foxnews.com\/content\/uploads\/2024\/12\/1344\/756\/kai-hoss.jpg?ve=1&amp;tl=1 2x\" height=\"378\" width=\"672\"><source media=\"(min-width: 1024px) and (max-width: 1279px)\" srcset=\"https:\/\/a57.foxnews.com\/static.foxnews.com\/foxnews.com\/content\/uploads\/2024\/12\/931\/523\/kai-hoss.jpg?ve=1&amp;tl=1, https:\/\/a57.foxnews.com\/static.foxnews.com\/foxnews.com\/content\/uploads\/2024\/12\/1862\/1046\/kai-hoss.jpg?ve=1&amp;tl=1 2x\" height=\"523\" width=\"931\"><source media=\"(min-width: 1280px)\" srcset=\"https:\/\/a57.foxnews.com\/static.foxnews.com\/foxnews.com\/content\/uploads\/2024\/12\/720\/405\/kai-hoss.jpg?ve=1&amp;tl=1, https:\/\/a57.foxnews.com\/static.foxnews.com\/foxnews.com\/content\/uploads\/2024\/12\/1440\/810\/kai-hoss.jpg?ve=1&amp;tl=1 2x\" height=\"405\" width=\"720\"><img loading=\"lazy\" decoding=\"async\" src=\"https:\/\/a57.foxnews.com\/static.foxnews.com\/foxnews.com\/content\/uploads\/2024\/12\/1200\/675\/kai-hoss.jpg?ve=1&amp;tl=1\" alt=\"kai hoss\" width=\"1200\" height=\"675\"\/><\/source><\/source><\/source><\/source><\/picture><\/div>\n<div class=\"info\">\n<div class=\"caption\">\n<p><span>El pastor Kai H\u00f6ss da un serm\u00f3n en la Iglesia B\u00edblica de Stuttgart en Alemania.<\/span> <span>(Cr\u00e9dito: Kai H\u00f6ss)<\/span><\/p>\n<\/div>\n<\/div>\n<\/div>\n<p>No fue hasta que una operaci\u00f3n m\u00e9dica sali\u00f3 mal que su vida cambi\u00f3. Encontr\u00f3 una Biblia en la habitaci\u00f3n del hospital, inicialmente se dijo a s\u00ed mismo que no la iba a leer, pero continu\u00f3 libro tras libro.<\/p>\n<p>Fue salvo en Singapur en 1989. \u00abDios salv\u00f3 a un miserable como yo, \u00bfsabes? Y eso es lo que hace. Y nunca se detiene. Su gracia abunda\u00bb, dijo H\u00f6ss. <\/p>\n<p>El padre de cuatro hijos habla abiertamente sobre el pasado de su familia y su salvaci\u00f3n y va a las escuelas para compartir su historia y <u>hablar contra el antisemitismo<\/u>.<\/p>\n<p>H\u00f6ss estaba en sexto o s\u00e9ptimo grado cuando descubri\u00f3 que Rudolf H\u00f6ss era su abuelo, lo que le provoc\u00f3 una profunda verg\u00fcenza.<\/p>\n<p><strong>IMPACTO DE LA SEGUNDA GUERRA MUNDIAL: EL MUSEO DE AUSCHWITZ OBTIENE EL BAST\u00d3N DE DIRECTOR DEL CAMPO DE MUERTE NAZI<\/strong><\/p>\n<div class=\"image-ct inline\">\n<div class=\"m\"><picture><source media=\"(max-width: 767px)\" srcset=\"https:\/\/a57.foxnews.com\/static.foxnews.com\/foxnews.com\/content\/uploads\/2024\/12\/343\/192\/rudolf-hoss-trial.jpg?ve=1&amp;tl=1, https:\/\/a57.foxnews.com\/static.foxnews.com\/foxnews.com\/content\/uploads\/2024\/12\/686\/384\/rudolf-hoss-trial.jpg?ve=1&amp;tl=1 2x\" height=\"192\" width=\"343\"><source media=\"(min-width: 768px) and (max-width: 1023px)\" srcset=\"https:\/\/a57.foxnews.com\/static.foxnews.com\/foxnews.com\/content\/uploads\/2024\/12\/672\/378\/rudolf-hoss-trial.jpg?ve=1&amp;tl=1, https:\/\/a57.foxnews.com\/static.foxnews.com\/foxnews.com\/content\/uploads\/2024\/12\/1344\/756\/rudolf-hoss-trial.jpg?ve=1&amp;tl=1 2x\" height=\"378\" width=\"672\"><source media=\"(min-width: 1024px) and (max-width: 1279px)\" srcset=\"https:\/\/a57.foxnews.com\/static.foxnews.com\/foxnews.com\/content\/uploads\/2024\/12\/931\/523\/rudolf-hoss-trial.jpg?ve=1&amp;tl=1, https:\/\/a57.foxnews.com\/static.foxnews.com\/foxnews.com\/content\/uploads\/2024\/12\/1862\/1046\/rudolf-hoss-trial.jpg?ve=1&amp;tl=1 2x\" height=\"523\" width=\"931\"><source media=\"(min-width: 1280px)\" srcset=\"https:\/\/a57.foxnews.com\/static.foxnews.com\/foxnews.com\/content\/uploads\/2024\/12\/720\/405\/rudolf-hoss-trial.jpg?ve=1&amp;tl=1, https:\/\/a57.foxnews.com\/static.foxnews.com\/foxnews.com\/content\/uploads\/2024\/12\/1440\/810\/rudolf-hoss-trial.jpg?ve=1&amp;tl=1 2x\" height=\"405\" width=\"720\"><img loading=\"lazy\" decoding=\"async\" src=\"https:\/\/a57.foxnews.com\/static.foxnews.com\/foxnews.com\/content\/uploads\/2024\/12\/1200\/675\/rudolf-hoss-trial.jpg?ve=1&amp;tl=1\" alt=\"rudolf hoss en 47\" width=\"1200\" height=\"675\"\/><\/source><\/source><\/source><\/source><\/picture><\/div>\n<div class=\"info\">\n<div class=\"caption\">\n<p><span>Rudolph Hoss el 31 de marzo de 1947.<\/span> <span>(Keystone-Francia\/Gamma-Keystone v\u00eda Getty Images)<\/span><\/p>\n<\/div>\n<\/div>\n<\/div>\n<p>\u00abNo iba por ah\u00ed dici\u00e9ndole a la gente: &#8216;Oye, ya sabes, soy el nieto del mayor asesino en masa de la historia de la humanidad'\u00bb, dijo a Fox News Digital. \u00abAs\u00ed que lo mantuve en secreto\u00bb.<\/p>\n<p>Despu\u00e9s de convertirse al cristianismo, se sinti\u00f3 obligado a compartir el oscuro legado de su abuelo y compartir un mensaje de perd\u00f3n, gracia y reconciliaci\u00f3n. Comparti\u00f3 su testimonio en un retiro militar estadounidense en Alemania, donde fue abrazado por un oficial militar jud\u00edo cuya familia hab\u00eda sido asesinada en Auschwitz.<\/p>\n<p>\u00abComenc\u00e9 a pensar, &#8216;\u00bfC\u00f3mo puedo devolver algo? \u00bfC\u00f3mo puedo hacer algo? S\u00e9 que no puedo deshacerlo. No puedo revertir la historia, pero pens\u00e9, ya sabes, puedo hacer algo. Puedo simplemente amarlos y lo que puedo hacer es proclamar la verdad de la palabra de Dios a los cristianos\u00bb, dijo H\u00f6ss. <\/p>\n<p>A trav\u00e9s de Jesucristo, cree que la gracia de Dios es capaz de redimir incluso el pasado m\u00e1s oscuro. <\/p>\n<p>Cuando habla ante estudiantes en Alemania, H\u00f6ss aborda el antisemitismo estableciendo conexiones entre el pasado y el presente, <u>haciendo referencia espec\u00edfica a la Primera Guerra Mundial<\/u>Yo, el papel de su abuelo y el poder del odio.<\/p>\n<p>Explica el concepto de darwinismo social, que fue utilizado por los nazis para justificar su creencia en la superioridad racial. Explica c\u00f3mo la teor\u00eda de la evoluci\u00f3n de Darwin se aplic\u00f3 incorrectamente a los humanos, lo que llev\u00f3 a la idea de que ciertas razas eran \u00abm\u00e1s fuertes\u00bb y m\u00e1s \u00absuperiores\u00bb que otras y, por lo tanto, ten\u00edan derecho a dominar o eliminar a las razas \u00abm\u00e1s d\u00e9biles\u00bb.<\/p>\n<p>H\u00f6ss enfatiz\u00f3 que esta falsa ideolog\u00eda aliment\u00f3 gran parte del odio contra los jud\u00edos, junto con otros grupos marginados, durante la Segunda Guerra Mundial.<\/p>\n<div class=\"image-ct inline\">\n<div class=\"m\"><picture><source media=\"(max-width: 767px)\" srcset=\"https:\/\/a57.foxnews.com\/static.foxnews.com\/foxnews.com\/content\/uploads\/2024\/12\/343\/192\/auschwitz.jpg?ve=1&amp;tl=1, https:\/\/a57.foxnews.com\/static.foxnews.com\/foxnews.com\/content\/uploads\/2024\/12\/686\/384\/auschwitz.jpg?ve=1&amp;tl=1 2x\" height=\"192\" width=\"343\"><source media=\"(min-width: 768px) and (max-width: 1023px)\" srcset=\"https:\/\/a57.foxnews.com\/static.foxnews.com\/foxnews.com\/content\/uploads\/2024\/12\/672\/378\/auschwitz.jpg?ve=1&amp;tl=1, https:\/\/a57.foxnews.com\/static.foxnews.com\/foxnews.com\/content\/uploads\/2024\/12\/1344\/756\/auschwitz.jpg?ve=1&amp;tl=1 2x\" height=\"378\" width=\"672\"><source media=\"(min-width: 1024px) and (max-width: 1279px)\" srcset=\"https:\/\/a57.foxnews.com\/static.foxnews.com\/foxnews.com\/content\/uploads\/2024\/12\/931\/523\/auschwitz.jpg?ve=1&amp;tl=1, https:\/\/a57.foxnews.com\/static.foxnews.com\/foxnews.com\/content\/uploads\/2024\/12\/1862\/1046\/auschwitz.jpg?ve=1&amp;tl=1 2x\" height=\"523\" width=\"931\"><source media=\"(min-width: 1280px)\" srcset=\"https:\/\/a57.foxnews.com\/static.foxnews.com\/foxnews.com\/content\/uploads\/2024\/12\/720\/405\/auschwitz.jpg?ve=1&amp;tl=1, https:\/\/a57.foxnews.com\/static.foxnews.com\/foxnews.com\/content\/uploads\/2024\/12\/1440\/810\/auschwitz.jpg?ve=1&amp;tl=1 2x\" height=\"405\" width=\"720\"><img loading=\"lazy\" decoding=\"async\" src=\"https:\/\/a57.foxnews.com\/static.foxnews.com\/foxnews.com\/content\/uploads\/2024\/12\/1200\/675\/auschwitz.jpg?ve=1&amp;tl=1\" alt=\"Campo de exterminio de Auschwitz-Birkenau\" width=\"1200\" height=\"675\"\/><\/source><\/source><\/source><\/source><\/picture><\/div>\n<div class=\"info\">\n<div class=\"caption\">\n<p><span>Los nazis seleccionan prisioneros en la plataforma a la entrada del campo de exterminio de Auschwitz-Birkenau, el 27 de mayo de 1944.<\/span> <span>(Archivos de Yad Vashem\/AFP v\u00eda Getty Images)<\/span><\/p>\n<\/div>\n<\/div>\n<\/div>\n<p>Conecta sus presentaciones con las plataformas de redes sociales actuales y c\u00f3mo TikTok, por ejemplo, puede ser muy influyente, especialmente con sus clips cortos y cargados de emociones. Advierte a los estudiantes sobre el peligro de dejarse llevar por contenido superficial o sesgado, enfatizando la importancia de pensar cr\u00edticamente y no simplemente tragarse informaci\u00f3n \u00abgancho, hilo y plomada\u00bb sin considerar las verdades m\u00e1s profundas o cuestionar la narrativa.<\/p>\n<p>\u00abUno de mis amigos <u>lo llam\u00f3 mentalidad TikTok<\/u>Cerebros de TikTok, ya sabes, obtienes estas endorfinas, obtienes estos, ya sabes, peque\u00f1os aumentos hormonales cada vez que ves un peque\u00f1o clip. Bum, bum, bum, bum, bum. Y luego se vuelve tan adictivo, \u00bfverdad? Y la gente se llena de ideas equivocadas. No buscan una verdad m\u00e1s profunda. No analizan\u00bb, dijo a Fox News Digital.<\/p>\n<p><strong>PRINCIPAL FUNCIONARIO ISRAEL\u00cd DE TIKTOK RENUNCIA A LA COMPA\u00d1\u00cdA EN MEDIO DE ACUSACIONES DE ANTISEMITISMO EN LA PLATAFORMA<\/strong><\/p>\n<div class=\"image-ct inline\">\n<div class=\"m\"><picture><source media=\"(max-width: 767px)\" srcset=\"https:\/\/a57.foxnews.com\/static.foxnews.com\/foxnews.com\/content\/uploads\/2024\/12\/343\/192\/pro-palestinian-protest.jpg?ve=1&amp;tl=1, https:\/\/a57.foxnews.com\/static.foxnews.com\/foxnews.com\/content\/uploads\/2024\/12\/686\/384\/pro-palestinian-protest.jpg?ve=1&amp;tl=1 2x\" height=\"192\" width=\"343\"><source media=\"(min-width: 768px) and (max-width: 1023px)\" srcset=\"https:\/\/a57.foxnews.com\/static.foxnews.com\/foxnews.com\/content\/uploads\/2024\/12\/672\/378\/pro-palestinian-protest.jpg?ve=1&amp;tl=1, https:\/\/a57.foxnews.com\/static.foxnews.com\/foxnews.com\/content\/uploads\/2024\/12\/1344\/756\/pro-palestinian-protest.jpg?ve=1&amp;tl=1 2x\" height=\"378\" width=\"672\"><source media=\"(min-width: 1024px) and (max-width: 1279px)\" srcset=\"https:\/\/a57.foxnews.com\/static.foxnews.com\/foxnews.com\/content\/uploads\/2024\/12\/931\/523\/pro-palestinian-protest.jpg?ve=1&amp;tl=1, https:\/\/a57.foxnews.com\/static.foxnews.com\/foxnews.com\/content\/uploads\/2024\/12\/1862\/1046\/pro-palestinian-protest.jpg?ve=1&amp;tl=1 2x\" height=\"523\" width=\"931\"><source media=\"(min-width: 1280px)\" srcset=\"https:\/\/a57.foxnews.com\/static.foxnews.com\/foxnews.com\/content\/uploads\/2024\/12\/720\/405\/pro-palestinian-protest.jpg?ve=1&amp;tl=1, https:\/\/a57.foxnews.com\/static.foxnews.com\/foxnews.com\/content\/uploads\/2024\/12\/1440\/810\/pro-palestinian-protest.jpg?ve=1&amp;tl=1 2x\" height=\"405\" width=\"720\"><img loading=\"lazy\" decoding=\"async\" src=\"https:\/\/a57.foxnews.com\/static.foxnews.com\/foxnews.com\/content\/uploads\/2024\/12\/1200\/675\/pro-palestinian-protest.jpg?ve=1&amp;tl=1\" alt=\"protesta pro palestina\" width=\"1200\" height=\"675\"\/><\/source><\/source><\/source><\/source><\/picture><\/div>\n<div class=\"info\">\n<div class=\"caption\">\n<p><span>Manifestantes se re\u00fanen a las puertas de la Universidad de Columbia, en apoyo de los manifestantes antiisrael\u00edes que se atrincheraron en Hamilton Hall, en la ciudad de Nueva York, el 30 de abril de 2024.<\/span> <span>(Reuters\/David Dee Delgado)<\/span><\/p>\n<\/div>\n<\/div>\n<\/div>\n<p>H\u00f6ss reaccion\u00f3 a las protestas antiisrael\u00edes que estallaron en los campus universitarios de Estados Unidos despu\u00e9s del ataque de Hamas el 7 de octubre al sur de Israel, se\u00f1alando hasta qu\u00e9 punto el apoyo a la violencia en los campus proviene de personas que act\u00faan emocionalmente, a menudo sin una comprensi\u00f3n completa de los acontecimientos hist\u00f3ricos y pol\u00edticos. complejidades de la situaci\u00f3n.<\/p>\n<p>Julia Wax, estudiante de derecho de la Universidad de Georgetown, <u>le dijo a \u00abFox &#038; Friends\u00bb<\/u> tras el 7 de octubre que los campus universitarios son un \u00abambiente hostil\u00bb para los estudiantes jud\u00edos. <\/p>\n<p>\u00abLa gente tiene miedo de ir a clase. Tienes que sentarte junto a compa\u00f1eros que publican ret\u00f3rica antisemita, que promueven manifestaciones que escupen ret\u00f3rica antisemita. La gente tiene miedo y las universidades no est\u00e1n haciendo su parte y no est\u00e1n dando un paso adelante. y ellos permanecen en silencio\u00bb, dijo Wax.<\/p>\n<p>H\u00f6ss le dijo a Fox News Digital que escucha a la gente cantando <u>\u00abDel r\u00edo al mar\u00bb<\/u> pero si les preguntas qu\u00e9 es ese r\u00edo o mar, \u00abno tienen idea\u00bb. \u00abQuieren ser parte de algo. Se sienten bien con ello. Captan el mensaje b\u00e1sico, la narrativa. En realidad nunca han cuestionado ambas caras de la moneda, por lo que realmente no tienen la informaci\u00f3n completa. No me interesa mucho porque, repito, es emocional.<\/p>\n<div class=\"image-ct inline\">\n<div class=\"m\"><picture><source media=\"(max-width: 767px)\" srcset=\"https:\/\/a57.foxnews.com\/static.foxnews.com\/foxnews.com\/content\/uploads\/2024\/08\/343\/192\/anti-israel-columbia-protests.jpg?ve=1&amp;tl=1, https:\/\/a57.foxnews.com\/static.foxnews.com\/foxnews.com\/content\/uploads\/2024\/08\/686\/384\/anti-israel-columbia-protests.jpg?ve=1&amp;tl=1 2x\" height=\"192\" width=\"343\"><source media=\"(min-width: 768px) and (max-width: 1023px)\" srcset=\"https:\/\/a57.foxnews.com\/static.foxnews.com\/foxnews.com\/content\/uploads\/2024\/08\/672\/378\/anti-israel-columbia-protests.jpg?ve=1&amp;tl=1, https:\/\/a57.foxnews.com\/static.foxnews.com\/foxnews.com\/content\/uploads\/2024\/08\/1344\/756\/anti-israel-columbia-protests.jpg?ve=1&amp;tl=1 2x\" height=\"378\" width=\"672\"><source media=\"(min-width: 1024px) and (max-width: 1279px)\" srcset=\"https:\/\/a57.foxnews.com\/static.foxnews.com\/foxnews.com\/content\/uploads\/2024\/08\/931\/523\/anti-israel-columbia-protests.jpg?ve=1&amp;tl=1, https:\/\/a57.foxnews.com\/static.foxnews.com\/foxnews.com\/content\/uploads\/2024\/08\/1862\/1046\/anti-israel-columbia-protests.jpg?ve=1&amp;tl=1 2x\" height=\"523\" width=\"931\"><source media=\"(min-width: 1280px)\" srcset=\"https:\/\/a57.foxnews.com\/static.foxnews.com\/foxnews.com\/content\/uploads\/2024\/08\/720\/405\/anti-israel-columbia-protests.jpg?ve=1&amp;tl=1, https:\/\/a57.foxnews.com\/static.foxnews.com\/foxnews.com\/content\/uploads\/2024\/08\/1440\/810\/anti-israel-columbia-protests.jpg?ve=1&amp;tl=1 2x\" height=\"405\" width=\"720\"><img loading=\"lazy\" decoding=\"async\" src=\"https:\/\/a57.foxnews.com\/static.foxnews.com\/foxnews.com\/content\/uploads\/2024\/08\/1200\/675\/anti-israel-columbia-protests.jpg?ve=1&amp;tl=1\" alt=\"Protestas contra Israel en la Universidad de Columbia\" width=\"1200\" height=\"675\"\/><\/source><\/source><\/source><\/source><\/picture><\/div>\n<div class=\"info\">\n<div class=\"caption\">\n<p><span>Manifestantes antiisrael\u00edes en la Universidad de Columbia.<\/span> <span>(Noticias Fox)<\/span><\/p>\n<\/div>\n<\/div>\n<\/div>\n<p>Critic\u00f3 c\u00f3mo las personas, impulsadas por ideolog\u00edas o narrativas emocionales, pueden convertir el odio en acci\u00f3n, lo que genera da\u00f1o y violencia contra los dem\u00e1s.<\/p>\n<p>\u00abNos infiltran ideas, ideolog\u00edas, pensamientos, emociones. Y luego empezamos a hacer todo lo posible. Salimos y convertimos estos pensamientos en acciones. Y uno de ellos es el odio, y el odio se convierte en derramamiento de sangre. Y eso es exactamente que <u>vemos en los campus<\/u>. Vemos que la gente est\u00e1 dispuesta a apostar por esta idea y hacer cosas malas. Quiero decir, [they] \u00abNo me doy cuenta de que esta persona jud\u00eda es simplemente una persona normal como ellos\u00bb, dijo H\u00f6ss.<\/p>\n<p>\u00abEst\u00e1 hecho de carne y hueso, \u00bfverdad? Es un estudiante. Es simplemente una persona normal. Y aqu\u00ed odio a alguien por algo que hizo un gobierno en alg\u00fan lugar del otro lado del planeta, \u00bfsabes? \u00bfY todo lo que pas\u00f3 es correcto? Quiz\u00e1s no, ya sabes, en todo ese conflicto\u00bb, a\u00f1adi\u00f3, refiri\u00e9ndose a la guerra entre Israel y Ham\u00e1s. \u00abEspero que lleguen a un punto en el que todo esto se desacelere y la gente pueda ayudar\u00bb.<\/p>\n<div class=\"image-ct inline\">\n<div class=\"m\"><picture><source media=\"(max-width: 767px)\" srcset=\"https:\/\/a57.foxnews.com\/static.foxnews.com\/foxnews.com\/content\/uploads\/2023\/11\/343\/192\/split2.png?ve=1&amp;tl=1, https:\/\/a57.foxnews.com\/static.foxnews.com\/foxnews.com\/content\/uploads\/2023\/11\/686\/384\/split2.png?ve=1&amp;tl=1 2x\" height=\"192\" width=\"343\"><source media=\"(min-width: 768px) and (max-width: 1023px)\" srcset=\"https:\/\/a57.foxnews.com\/static.foxnews.com\/foxnews.com\/content\/uploads\/2023\/11\/672\/378\/split2.png?ve=1&amp;tl=1, https:\/\/a57.foxnews.com\/static.foxnews.com\/foxnews.com\/content\/uploads\/2023\/11\/1344\/756\/split2.png?ve=1&amp;tl=1 2x\" height=\"378\" width=\"672\"><source media=\"(min-width: 1024px) and (max-width: 1279px)\" srcset=\"https:\/\/a57.foxnews.com\/static.foxnews.com\/foxnews.com\/content\/uploads\/2023\/11\/931\/523\/split2.png?ve=1&amp;tl=1, https:\/\/a57.foxnews.com\/static.foxnews.com\/foxnews.com\/content\/uploads\/2023\/11\/1862\/1046\/split2.png?ve=1&amp;tl=1 2x\" height=\"523\" width=\"931\"><source media=\"(min-width: 1280px)\" srcset=\"https:\/\/a57.foxnews.com\/static.foxnews.com\/foxnews.com\/content\/uploads\/2023\/11\/720\/405\/split2.png?ve=1&amp;tl=1, https:\/\/a57.foxnews.com\/static.foxnews.com\/foxnews.com\/content\/uploads\/2023\/11\/1440\/810\/split2.png?ve=1&amp;tl=1 2x\" height=\"405\" width=\"720\"><img loading=\"lazy\" decoding=\"async\" src=\"https:\/\/a57.foxnews.com\/static.foxnews.com\/foxnews.com\/content\/uploads\/2023\/11\/1200\/675\/split2.png?ve=1&amp;tl=1\" alt=\"Al lado de una protesta antiisrael\u00ed en el campus de Cal State en Long Beach, un estudiante jud\u00edo con la cabeza inclinada\" width=\"1200\" height=\"675\"\/><\/source><\/source><\/source><\/source><\/picture><\/div>\n<div class=\"info\">\n<div class=\"caption\">\n<p><span>H\u00f6ss se\u00f1al\u00f3 que gran parte del apoyo a la violencia en los campus proviene de personas que act\u00faan emocionalmente, a menudo sin una comprensi\u00f3n completa de la situaci\u00f3n.<\/span> <span>(Im\u00e1genes falsas)<\/span><\/p>\n<\/div>\n<\/div>\n<\/div>\n<p><strong>HAGA CLIC AQU\u00cd PARA OBTENER LA APLICACI\u00d3N FOX NEWS<\/strong><\/p>\n<p>H\u00f6ss y su padre viajaron a Auschwitz hace tres a\u00f1os mientras filmaban el documental de HBO \u00abLa sombra del comandante\u00bb. Se reunieron en su casa con Anita Lasker-Wallfisch, superviviente del Holocausto, y aceptaron el pasado asesino de Rudolf H\u00f6ss. <\/p>\n<p>\u00abRezamos por ella\u00bb, a\u00f1adi\u00f3. \u00abY me siento tan privilegiado y agradecido, honrado de que se nos permitiera ir all\u00ed, a mi pap\u00e1 y a m\u00ed, y simplemente verla y pasar tiempo con ella. Una persona que hab\u00eda sufrido tanto bajo el cruel, cruel sistema de mi abuelo en ese campo de concentraci\u00f3n. \u00ab.<\/p>\n<p>H\u00f6ss tiene planes de hablar en una sinagoga en Friburgo, Alemania, en enero como parte de los servicios de conmemoraci\u00f3n del 80\u00ba aniversario de la liberaci\u00f3n de Auschwitz. <\/p>\n<p>\u00ab[It\u2019s] \u00abEs una oportunidad incre\u00edble para hablar y ser parte de algo as\u00ed\u00bb, dijo a Fox News Digital.<\/p>\n<\/div>\n\n","protected":false},"excerpt":{"rendered":"<p>\u00danase a Fox News para acceder a este contenido Ha alcanzado su n\u00famero m\u00e1ximo de art\u00edculos. Inicia sesi\u00f3n o crea una cuenta GRATIS para continuar leyendo. Al ingresar su correo electr\u00f3nico y presionar Continuar, acepta los T\u00e9rminos de uso y la Pol\u00edtica de privacidad de Fox News, que incluye nuestro Aviso de incentivo financiero. Por &hellip;<\/p>\n","protected":false},"author":1,"featured_media":7969,"comment_status":"open","ping_status":"open","sticky":false,"template":"","format":"standard","meta":{"fifu_image_url":"https:\/\/static.foxnews.com\/foxnews.com\/content\/uploads\/2024\/12\/pastor-kai-hoss.jpg","fifu_image_alt":"","footnotes":""},"categories":[13],"tags":[],"class_list":["post-7967","post","type-post","status-publish","format-standard","has-post-thumbnail","","category-mundo"],"_links":{"self":[{"href":"https:\/\/noticiasveraces.com\/index.php?rest_route=\/wp\/v2\/posts\/7967","targetHints":{"allow":["GET"]}}],"collection":[{"href":"https:\/\/noticiasveraces.com\/index.php?rest_route=\/wp\/v2\/posts"}],"about":[{"href":"https:\/\/noticiasveraces.com\/index.php?rest_route=\/wp\/v2\/types\/post"}],"author":[{"embeddable":true,"href":"https:\/\/noticiasveraces.com\/index.php?rest_route=\/wp\/v2\/users\/1"}],"replies":[{"embeddable":true,"href":"https:\/\/noticiasveraces.com\/index.php?rest_route=%2Fwp%2Fv2%2Fcomments&post=7967"}],"version-history":[{"count":0,"href":"https:\/\/noticiasveraces.com\/index.php?rest_route=\/wp\/v2\/posts\/7967\/revisions"}],"wp:featuredmedia":[{"embeddable":true,"href":"https:\/\/noticiasveraces.com\/index.php?rest_route=\/wp\/v2\/media\/7969"}],"wp:attachment":[{"href":"https:\/\/noticiasveraces.com\/index.php?rest_route=%2Fwp%2Fv2%2Fmedia&parent=7967"}],"wp:term":[{"taxonomy":"category","embeddable":true,"href":"https:\/\/noticiasveraces.com\/index.php?rest_route=%2Fwp%2Fv2%2Fcategories&post=7967"},{"taxonomy":"post_tag","embeddable":true,"href":"https:\/\/noticiasveraces.com\/index.php?rest_route=%2Fwp%2Fv2%2Ftags&post=7967"}],"curies":[{"name":"wp","href":"https:\/\/api.w.org\/{rel}","templated":true}]}}