{"id":7940,"date":"2024-12-26T14:45:36","date_gmt":"2024-12-26T18:45:36","guid":{"rendered":"https:\/\/noticiasveraces.com\/?p=7940"},"modified":"2024-12-26T14:45:36","modified_gmt":"2024-12-26T18:45:36","slug":"creemos-que-podemos-ser-competitivos","status":"publish","type":"post","link":"https:\/\/noticiasveraces.com\/?p=7940","title":{"rendered":"\u00abCreemos que podemos ser competitivos\u00bb"},"content":{"rendered":"<p> \n<\/p>\n<div id=\"intext\">\n<p>A sus 52 a\u00f1os, Isidre Esteve es historia viva del Rally Dakar. El piloto de Oliana (L\u00e9rida) tomar\u00e1 el pr\u00f3ximo 3 de enero la salida del Dakar por vig\u00e9sima vez. Sus diez primeras participaciones fueron en la categor\u00eda de motos, hasta que sufri\u00f3 el fatal accidente en el Bajo Almanzora el 24 de marzo de 2007. La fractura de dos v\u00e9rtebras T7 y T8 le dej\u00f3 en una silla de ruedas, pero eso no fren\u00f3 al bravo. piloto catal\u00e1n.<\/p>\n<p>\u00abLa gente me ense\u00f1\u00f3 que hay otras cosas muy importantes en la vida aparte de ganar\u00bb, explica Isidre Esteve a Antena 3 Deportes.<\/p>\n<p>El piloto catal\u00e1n, que competir\u00e1 en el Dakar 2025 al volante del Toyota Hilux T1+ del Repsol Rally Team, asegura que est\u00e1 en igualdad de condiciones con el resto de participantes.<\/p>\n<p>\u00abVamos a afrontar la misma dificultad, el mismo recorrido y estamos en la misma clasificaci\u00f3n. No ha pasado nada\u00bb, indica Esteve.<\/p>\n<p>El piloto ilerdense afronta su vig\u00e9simo Dakar con optimismo y asegura que estar entre los veinte primeros de la general ser\u00e1 un \u00e9xito.<\/p>\n<p>\u00abVamos al Dakar porque creemos que podemos ser competitivos. Cualquier resultado que est\u00e9 entre los veinte primeros va a ser extraordinario para nosotros\u00bb, se\u00f1ala Isidre Esteve.<\/p>\n<p>El Rally Dakar 2025 arrancar\u00e1 el pr\u00f3ximo 3 de enero con una etapa pr\u00f3logo con salida y llegada a Bisha. Ser\u00e1n tres d\u00edas de competici\u00f3n, con casi 8.000 kil\u00f3metros de carrera, de los cuales 5.000 corresponden a especiales. Arabia Saud\u00ed acoge la sexta edici\u00f3n del Dakar, desde el desembarco de la prueba en ese pa\u00eds en 2020.<\/p>\n<p><i>S\u00edguenos en nuestro canal de WhatsApp y no te pierdas la \u00faltima hora y toda la actualidad de antena3noticias.com<\/i><\/p>\n<div class=\"recirculation-video\" data-mod=\"a3mod_recirculation_video\">\n<div class=\"recirculation-video-wrapper\">\n<div>\n<div class=\"video-wrapper\">\n  <picture class=\"video-main-picture\"><source media=\"(min-width: 481px)\" srcset=\"https:\/\/fotografias.antena3.com\/clipping\/cmsimages01\/2024\/12\/25\/C8240E0B-CFC5-4B01-9D58-1E838FC43246\/salida-115-edicion-copa-nadal-puerto-barcelona_94.jpg?crop=3712,2088,x0,y233&amp;width=800&amp;height=450&amp;optimize=medium&amp;format=webply\" width=\"800\" height=\"450\"><source media=\"(min-width: 391px) and (max-width: 480px)\" srcset=\"https:\/\/fotografias.antena3.com\/clipping\/cmsimages01\/2024\/12\/25\/C8240E0B-CFC5-4B01-9D58-1E838FC43246\/salida-115-edicion-copa-nadal-puerto-barcelona_70.jpg?crop=3712,2088,x0,y233&amp;width=480&amp;height=270&amp;optimize=high&amp;format=webply\" width=\"480\" height=\"270\"><source media=\"(min-width: 321px) and (max-width: 390px)\" srcset=\"https:\/\/fotografias.antena3.com\/clipping\/cmsimages01\/2024\/12\/25\/C8240E0B-CFC5-4B01-9D58-1E838FC43246\/salida-115-edicion-copa-nadal-puerto-barcelona_92.jpg?crop=3712,2084,x0,y235&amp;width=390&amp;height=219&amp;optimize=high&amp;format=webply\" width=\"390\" height=\"219\"><source media=\"(max-width: 320px)\" srcset=\"https:\/\/fotografias.antena3.com\/clipping\/cmsimages01\/2024\/12\/25\/C8240E0B-CFC5-4B01-9D58-1E838FC43246\/salida-115-edicion-copa-nadal-puerto-barcelona_52.jpg?crop=3712,2088,x0,y233&amp;width=320&amp;height=180&amp;optimize=high&amp;format=webply\" width=\"320\" height=\"180\"><img decoding=\"async\" title=\"Salida de la 115 edici\u00f3n de la Copa Nadal en el puerto de Barcelona\" alt=\"Salida de la 115 edici\u00f3n de la Copa Nadal en el puerto de Barcelona\" width=\"480\" height=\"270\" src=\"https:\/\/fotografias.antena3.com\/clipping\/cmsimages01\/2024\/12\/25\/C8240E0B-CFC5-4B01-9D58-1E838FC43246\/salida-115-edicion-copa-nadal-puerto-barcelona_70.jpg?crop=3712,2088,x0,y233&amp;width=480&amp;height=270&amp;optimize=high&amp;format=webply\" loading=\"lazy\" class=\"lazy\"\/><br \/>\n  <\/source><\/source><\/source><\/source><\/picture>\n <\/div>\n<\/div><\/div>\n<\/p><\/div>\n<\/div>\n\n","protected":false},"excerpt":{"rendered":"<p>A sus 52 a\u00f1os, Isidre Esteve es historia viva del Rally Dakar. El piloto de Oliana (L\u00e9rida) tomar\u00e1 el pr\u00f3ximo 3 de enero la salida del Dakar por vig\u00e9sima vez. Sus diez primeras participaciones fueron en la categor\u00eda de motos, hasta que sufri\u00f3 el fatal accidente en el Bajo Almanzora el 24 de marzo de &hellip;<\/p>\n","protected":false},"author":1,"featured_media":7942,"comment_status":"open","ping_status":"open","sticky":false,"template":"","format":"standard","meta":{"fifu_image_url":"https:\/\/fotografias.antena3.com\/clipping\/cmsimages01\/2024\/12\/26\/961A1F2E-E882-49C7-A724-43B7807F4AE3\/isidre-esteve-piloto-dakar-2025_69.jpg?crop=1920,1080,x0,y0&width=1280&height=720&optimize=low&format=jpg","fifu_image_alt":"","footnotes":""},"categories":[6],"tags":[],"class_list":["post-7940","post","type-post","status-publish","format-standard","has-post-thumbnail","","category-deportes"],"_links":{"self":[{"href":"https:\/\/noticiasveraces.com\/index.php?rest_route=\/wp\/v2\/posts\/7940","targetHints":{"allow":["GET"]}}],"collection":[{"href":"https:\/\/noticiasveraces.com\/index.php?rest_route=\/wp\/v2\/posts"}],"about":[{"href":"https:\/\/noticiasveraces.com\/index.php?rest_route=\/wp\/v2\/types\/post"}],"author":[{"embeddable":true,"href":"https:\/\/noticiasveraces.com\/index.php?rest_route=\/wp\/v2\/users\/1"}],"replies":[{"embeddable":true,"href":"https:\/\/noticiasveraces.com\/index.php?rest_route=%2Fwp%2Fv2%2Fcomments&post=7940"}],"version-history":[{"count":0,"href":"https:\/\/noticiasveraces.com\/index.php?rest_route=\/wp\/v2\/posts\/7940\/revisions"}],"wp:featuredmedia":[{"embeddable":true,"href":"https:\/\/noticiasveraces.com\/index.php?rest_route=\/wp\/v2\/media\/7942"}],"wp:attachment":[{"href":"https:\/\/noticiasveraces.com\/index.php?rest_route=%2Fwp%2Fv2%2Fmedia&parent=7940"}],"wp:term":[{"taxonomy":"category","embeddable":true,"href":"https:\/\/noticiasveraces.com\/index.php?rest_route=%2Fwp%2Fv2%2Fcategories&post=7940"},{"taxonomy":"post_tag","embeddable":true,"href":"https:\/\/noticiasveraces.com\/index.php?rest_route=%2Fwp%2Fv2%2Ftags&post=7940"}],"curies":[{"name":"wp","href":"https:\/\/api.w.org\/{rel}","templated":true}]}}