{"id":7923,"date":"2024-12-26T09:17:52","date_gmt":"2024-12-26T13:17:52","guid":{"rendered":"https:\/\/noticiasveraces.com\/?p=7923"},"modified":"2024-12-26T09:17:52","modified_gmt":"2024-12-26T13:17:52","slug":"ecuador-negada-demanda-de-la-vicepresidenta-contra-noboa-por-presunta-violencia-politica-de-genero","status":"publish","type":"post","link":"https:\/\/noticiasveraces.com\/?p=7923","title":{"rendered":"Ecuador: negada demanda de la vicepresidenta contra Noboa por presunta violencia pol\u00edtica de g\u00e9nero"},"content":{"rendered":"<p> \n<br \/><img decoding=\"async\" src=\"https:\/\/s.france24.com\/media\/display\/76ef556a-c31b-11ef-954c-005056a97e36\/w:1024\/p:16x9\/AP24327650980952.jpg\" \/><br \/>Una sentencia del Tribunal Contencioso Electoral (TCE) de Ecuador neg\u00f3 una denuncia de la vicepresidenta ecuatoriana, Ver\u00f3nica Abad, contra el jefe de Estado, Daniel Noboa, y otros miembros de su Administraci\u00f3n. Esto, pocos d\u00edas despu\u00e9s de que la Justicia ecuatoriana dejara sin efecto la suspensi\u00f3n de Abad de su cargo interpuesta por el Ministerio del Trabajo.<br \/>\n<br \/>\n","protected":false},"excerpt":{"rendered":"<p>Una sentencia del Tribunal Contencioso Electoral (TCE) de Ecuador neg\u00f3 una denuncia de la vicepresidenta ecuatoriana, Ver\u00f3nica Abad, contra el jefe de Estado, Daniel Noboa, y otros miembros de su Administraci\u00f3n. Esto, pocos d\u00edas despu\u00e9s de que la Justicia ecuatoriana dejara sin efecto la suspensi\u00f3n de Abad de su cargo interpuesta por el Ministerio del &hellip;<\/p>\n","protected":false},"author":1,"featured_media":7924,"comment_status":"open","ping_status":"open","sticky":false,"template":"","format":"standard","meta":{"fifu_image_url":"https:\/\/s.france24.com\/media\/display\/76ef556a-c31b-11ef-954c-005056a97e36\/w:1024\/p:16x9\/AP24327650980952.jpg","fifu_image_alt":"","footnotes":""},"categories":[13],"tags":[],"class_list":["post-7923","post","type-post","status-publish","format-standard","has-post-thumbnail","","category-mundo"],"_links":{"self":[{"href":"https:\/\/noticiasveraces.com\/index.php?rest_route=\/wp\/v2\/posts\/7923","targetHints":{"allow":["GET"]}}],"collection":[{"href":"https:\/\/noticiasveraces.com\/index.php?rest_route=\/wp\/v2\/posts"}],"about":[{"href":"https:\/\/noticiasveraces.com\/index.php?rest_route=\/wp\/v2\/types\/post"}],"author":[{"embeddable":true,"href":"https:\/\/noticiasveraces.com\/index.php?rest_route=\/wp\/v2\/users\/1"}],"replies":[{"embeddable":true,"href":"https:\/\/noticiasveraces.com\/index.php?rest_route=%2Fwp%2Fv2%2Fcomments&post=7923"}],"version-history":[{"count":0,"href":"https:\/\/noticiasveraces.com\/index.php?rest_route=\/wp\/v2\/posts\/7923\/revisions"}],"wp:featuredmedia":[{"embeddable":true,"href":"https:\/\/noticiasveraces.com\/index.php?rest_route=\/wp\/v2\/media\/7924"}],"wp:attachment":[{"href":"https:\/\/noticiasveraces.com\/index.php?rest_route=%2Fwp%2Fv2%2Fmedia&parent=7923"}],"wp:term":[{"taxonomy":"category","embeddable":true,"href":"https:\/\/noticiasveraces.com\/index.php?rest_route=%2Fwp%2Fv2%2Fcategories&post=7923"},{"taxonomy":"post_tag","embeddable":true,"href":"https:\/\/noticiasveraces.com\/index.php?rest_route=%2Fwp%2Fv2%2Ftags&post=7923"}],"curies":[{"name":"wp","href":"https:\/\/api.w.org\/{rel}","templated":true}]}}