{"id":7905,"date":"2024-12-26T07:07:24","date_gmt":"2024-12-26T11:07:24","guid":{"rendered":"https:\/\/noticiasveraces.com\/?p=7905"},"modified":"2024-12-26T07:07:24","modified_gmt":"2024-12-26T11:07:24","slug":"se-culpa-a-rusia-por-el-avion-de-aerolineas-de-azerbaiyan-que-se-estrello-a-cientos-de-kilometros-de-su-rumbo-matando-a-decenas-de-personas","status":"publish","type":"post","link":"https:\/\/noticiasveraces.com\/?p=7905","title":{"rendered":"Se culpa a Rusia por el avi\u00f3n de Aerol\u00edneas de Azerbaiy\u00e1n que se estrell\u00f3 a cientos de kil\u00f3metros de su rumbo, matando a decenas de personas."},"content":{"rendered":"<p> \n<\/p>\n<div>\n<p class=\"speakable\">M\u00e1s de 30 pasajeros murieron despu\u00e9s de que un vuelo de Azerbaiy\u00e1n Airlines se estrellara cerca de la ciudad de Aktau en Kazajst\u00e1n el mi\u00e9rcoles, y los funcionarios de aviaci\u00f3n y ucranianos culpan del accidente mortal a Rusia, dicen los informes.<\/p>\n<p class=\"speakable\">El avi\u00f3n de pasajeros Embraer 190 que volaba de Azerbaiy\u00e1n a Rusia llevaba a bordo 62 pasajeros y cinco tripulantes, anunciaron las autoridades kazajas. Hasta el mi\u00e9rcoles por la tarde, esas autoridades dijeron que hab\u00eda 38 muertos y 29 sobrevivientes heridos.<\/p>\n<p>El vuelo J2-8243 se hab\u00eda desviado cientos de millas de su ruta programada para estrellarse en la orilla opuesta del Mar Caspio. Las autoridades no explicaron de inmediato por qu\u00e9 hab\u00eda cruzado el mar, pero el accidente se produjo poco despu\u00e9s de que los ataques con aviones no tripulados afectaran el sur de Rusia. La actividad de los drones ha cerrado aeropuertos en el \u00e1rea en el pasado y el aeropuerto ruso m\u00e1s cercano en la ruta de vuelo del avi\u00f3n fue cerrado el mi\u00e9rcoles por la ma\u00f1ana.<\/p>\n<p><strong>M\u00c1S DE 30 MUERTOS EN BRASIL CHOQUE DE AUTOB\u00daS Y CAMI\u00d3N<\/strong><\/p>\n<div class=\"image-ct inline\">\n<div class=\"m\"><picture><source media=\"(max-width: 767px)\" srcset=\"https:\/\/a57.foxnews.com\/static.foxnews.com\/foxnews.com\/content\/uploads\/2024\/12\/343\/192\/azerbaijani-crash-5.jpg?ve=1&amp;tl=1, https:\/\/a57.foxnews.com\/static.foxnews.com\/foxnews.com\/content\/uploads\/2024\/12\/686\/384\/azerbaijani-crash-5.jpg?ve=1&amp;tl=1 2x\" height=\"192\" width=\"343\"><source media=\"(min-width: 768px) and (max-width: 1023px)\" srcset=\"https:\/\/a57.foxnews.com\/static.foxnews.com\/foxnews.com\/content\/uploads\/2024\/12\/672\/378\/azerbaijani-crash-5.jpg?ve=1&amp;tl=1, https:\/\/a57.foxnews.com\/static.foxnews.com\/foxnews.com\/content\/uploads\/2024\/12\/1344\/756\/azerbaijani-crash-5.jpg?ve=1&amp;tl=1 2x\" height=\"378\" width=\"672\"><source media=\"(min-width: 1024px) and (max-width: 1279px)\" srcset=\"https:\/\/a57.foxnews.com\/static.foxnews.com\/foxnews.com\/content\/uploads\/2024\/12\/931\/523\/azerbaijani-crash-5.jpg?ve=1&amp;tl=1, https:\/\/a57.foxnews.com\/static.foxnews.com\/foxnews.com\/content\/uploads\/2024\/12\/1862\/1046\/azerbaijani-crash-5.jpg?ve=1&amp;tl=1 2x\" height=\"523\" width=\"931\"><source media=\"(min-width: 1280px)\" srcset=\"https:\/\/a57.foxnews.com\/static.foxnews.com\/foxnews.com\/content\/uploads\/2024\/12\/720\/405\/azerbaijani-crash-5.jpg?ve=1&amp;tl=1, https:\/\/a57.foxnews.com\/static.foxnews.com\/foxnews.com\/content\/uploads\/2024\/12\/1440\/810\/azerbaijani-crash-5.jpg?ve=1&amp;tl=1 2x\" height=\"405\" width=\"720\"><img loading=\"lazy\" decoding=\"async\" src=\"https:\/\/a57.foxnews.com\/static.foxnews.com\/foxnews.com\/content\/uploads\/2024\/12\/1200\/675\/azerbaijani-crash-5.jpg?ve=1&amp;tl=1\" alt=\"fuselaje del accidente a\u00e9reo en la escena\" width=\"1200\" height=\"675\"\/><\/source><\/source><\/source><\/source><\/picture><\/div>\n<div class=\"info\">\n<div class=\"caption\">\n<p><span>En esta fotograf\u00eda extra\u00edda de un v\u00eddeo publicado por la administraci\u00f3n de la regi\u00f3n de Mangystau, los restos del Embraer 190 de Azerbaiy\u00e1n Airlines se encuentran en el suelo cerca del aeropuerto de Aktau, Kazajst\u00e1n, el mi\u00e9rcoles.<\/span> <span>(La administraci\u00f3n de la regi\u00f3n de Mangystau\/Foto AP)<\/span><\/p>\n<\/div>\n<\/div>\n<\/div>\n<p>La empresa de seguridad a\u00e9rea Osprey Flight Solutions dijo que el vuelo \u00abprobablemente fue derribado por un sistema de defensa a\u00e9rea militar ruso\u00bb, inform\u00f3 el Wall Street Journal el mi\u00e9rcoles por la noche.<\/p>\n<p>\u00abEl v\u00eddeo de los restos y las circunstancias en torno al entorno de seguridad del espacio a\u00e9reo en el suroeste de Rusia indican la posibilidad de que el avi\u00f3n haya sido alcanzado por alg\u00fan tipo de fuego antia\u00e9reo\u00bb, dijo en una entrevista Matt Borie, jefe de inteligencia de Osprey.<\/p>\n<p>El funcionario de seguridad nacional ucraniano Andriy Kovalenko tambi\u00e9n culp\u00f3 a un \u00absistema de defensa a\u00e9rea ruso\u00bb por el accidente en un puesto X el mi\u00e9rcoles.<\/p>\n<p>Mientras tanto, el organismo de control de la aviaci\u00f3n de Rusia dijo que se trataba de una emergencia que pudo haber sido causada por un choque con un p\u00e1jaro.<\/p>\n<p><strong>MALASIA ACEPTA REANUDAR LA B\u00daSQUEDA &#8216;SIN ENCONTRAR, SIN TARIFA&#8217; DEL VUELO MH370, 10 A\u00d1OS DESPU\u00c9S DE LA DESAPARECICI\u00d3N DEL AVI\u00d3N<\/strong><\/p>\n<p>Entre los que estaban a bordo del avi\u00f3n hab\u00eda 42 ciudadanos azerbaiyanos, 16 ciudadanos rusos, seis ciudadanos kazajos y tres ciudadanos kirguistas, seg\u00fan funcionarios kazajos. <\/p>\n<p>La agencia de noticias rusa Interfax inform\u00f3 que ambos pilotos murieron en el accidente, citando una evaluaci\u00f3n preliminar realizada por los trabajadores de emergencia en el lugar. La agencia de noticias tambi\u00e9n cit\u00f3 a trabajadores m\u00e9dicos que afirmaron que hasta el momento se hab\u00edan recuperado cuatro cad\u00e1veres del accidente. <\/p>\n<p>Los supervivientes han sido hospitalizados y entre ellos dos ni\u00f1os, dijo el ministerio a la agencia de noticias estatal rusa, RIA Novosti, inform\u00f3 The Associated Press. <\/p>\n<div class=\"image-ct inline\">\n<div class=\"m\"><picture><source media=\"(max-width: 767px)\" srcset=\"https:\/\/a57.foxnews.com\/static.foxnews.com\/foxnews.com\/content\/uploads\/2024\/12\/343\/192\/azerbaijani-crash-2.jpg?ve=1&amp;tl=1, https:\/\/a57.foxnews.com\/static.foxnews.com\/foxnews.com\/content\/uploads\/2024\/12\/686\/384\/azerbaijani-crash-2.jpg?ve=1&amp;tl=1 2x\" height=\"192\" width=\"343\"><source media=\"(min-width: 768px) and (max-width: 1023px)\" srcset=\"https:\/\/a57.foxnews.com\/static.foxnews.com\/foxnews.com\/content\/uploads\/2024\/12\/672\/378\/azerbaijani-crash-2.jpg?ve=1&amp;tl=1, https:\/\/a57.foxnews.com\/static.foxnews.com\/foxnews.com\/content\/uploads\/2024\/12\/1344\/756\/azerbaijani-crash-2.jpg?ve=1&amp;tl=1 2x\" height=\"378\" width=\"672\"><source media=\"(min-width: 1024px) and (max-width: 1279px)\" srcset=\"https:\/\/a57.foxnews.com\/static.foxnews.com\/foxnews.com\/content\/uploads\/2024\/12\/931\/523\/azerbaijani-crash-2.jpg?ve=1&amp;tl=1, https:\/\/a57.foxnews.com\/static.foxnews.com\/foxnews.com\/content\/uploads\/2024\/12\/1862\/1046\/azerbaijani-crash-2.jpg?ve=1&amp;tl=1 2x\" height=\"523\" width=\"931\"><source media=\"(min-width: 1280px)\" srcset=\"https:\/\/a57.foxnews.com\/static.foxnews.com\/foxnews.com\/content\/uploads\/2024\/12\/720\/405\/azerbaijani-crash-2.jpg?ve=1&amp;tl=1, https:\/\/a57.foxnews.com\/static.foxnews.com\/foxnews.com\/content\/uploads\/2024\/12\/1440\/810\/azerbaijani-crash-2.jpg?ve=1&amp;tl=1 2x\" height=\"405\" width=\"720\"><img loading=\"lazy\" decoding=\"async\" src=\"https:\/\/a57.foxnews.com\/static.foxnews.com\/foxnews.com\/content\/uploads\/2024\/12\/1200\/675\/azerbaijani-crash-2.jpg?ve=1&amp;tl=1\" alt=\"accidente a\u00e9reo con socorristas\" width=\"1200\" height=\"675\"\/><\/source><\/source><\/source><\/source><\/picture><\/div>\n<div class=\"info\">\n<div class=\"caption\">\n<p><span>Se teme que m\u00e1s de 30 personas hayan muerto tras el accidente ocurrido cerca de la ciudad kazaja de Aktau.<\/span> <span>(Azamat Sarsenbayev\/Foto AP)<\/span><\/p>\n<\/div>\n<\/div>\n<\/div>\n<p>El v\u00eddeo del accidente mostr\u00f3 al avi\u00f3n descendiendo r\u00e1pidamente antes de estallar en llamas cuando golpe\u00f3 la orilla del mar, y luego se elev\u00f3 un espeso humo negro, inform\u00f3 Reuters. Se pod\u00eda ver a los pasajeros ensangrentados y magullados cayendo de un trozo del fuselaje que hab\u00eda permanecido intacto.<\/p>\n<p>El presidente de Azerbaiy\u00e1n, Ilham Aliyev, que viajaba a Rusia, regres\u00f3 a Azerbaiy\u00e1n al enterarse de la noticia del accidente, seg\u00fan inform\u00f3 el servicio de prensa del presidente. Aliyev deb\u00eda asistir a una reuni\u00f3n informal de l\u00edderes de la Comunidad de Estados Independientes, un bloque de antiguos pa\u00edses sovi\u00e9ticos fundado tras el colapso de la Uni\u00f3n Sovi\u00e9tica, en San Petersburgo.<\/p>\n<p><strong>M\u00daLTIPLES MUERTOS DESPU\u00c9S DE QUE UN PEQUE\u00d1O AVI\u00d3N SE ACCIDENTE CERCA DEL AEROPUERTO DEL PRIMER VUELO DEL MEMORIAL NACIONAL DE WRIGHT BROTHERS<\/strong><\/p>\n<div class=\"image-ct inline\">\n<div class=\"m\"><picture><source media=\"(max-width: 767px)\" srcset=\"https:\/\/a57.foxnews.com\/static.foxnews.com\/foxnews.com\/content\/uploads\/2024\/12\/343\/192\/azerbaijani-crash-4.jpg?ve=1&amp;tl=1, https:\/\/a57.foxnews.com\/static.foxnews.com\/foxnews.com\/content\/uploads\/2024\/12\/686\/384\/azerbaijani-crash-4.jpg?ve=1&amp;tl=1 2x\" height=\"192\" width=\"343\"><source media=\"(min-width: 768px) and (max-width: 1023px)\" srcset=\"https:\/\/a57.foxnews.com\/static.foxnews.com\/foxnews.com\/content\/uploads\/2024\/12\/672\/378\/azerbaijani-crash-4.jpg?ve=1&amp;tl=1, https:\/\/a57.foxnews.com\/static.foxnews.com\/foxnews.com\/content\/uploads\/2024\/12\/1344\/756\/azerbaijani-crash-4.jpg?ve=1&amp;tl=1 2x\" height=\"378\" width=\"672\"><source media=\"(min-width: 1024px) and (max-width: 1279px)\" srcset=\"https:\/\/a57.foxnews.com\/static.foxnews.com\/foxnews.com\/content\/uploads\/2024\/12\/931\/523\/azerbaijani-crash-4.jpg?ve=1&amp;tl=1, https:\/\/a57.foxnews.com\/static.foxnews.com\/foxnews.com\/content\/uploads\/2024\/12\/1862\/1046\/azerbaijani-crash-4.jpg?ve=1&amp;tl=1 2x\" height=\"523\" width=\"931\"><source media=\"(min-width: 1280px)\" srcset=\"https:\/\/a57.foxnews.com\/static.foxnews.com\/foxnews.com\/content\/uploads\/2024\/12\/720\/405\/azerbaijani-crash-4.jpg?ve=1&amp;tl=1, https:\/\/a57.foxnews.com\/static.foxnews.com\/foxnews.com\/content\/uploads\/2024\/12\/1440\/810\/azerbaijani-crash-4.jpg?ve=1&amp;tl=1 2x\" height=\"405\" width=\"720\"><img loading=\"lazy\" decoding=\"async\" src=\"https:\/\/a57.foxnews.com\/static.foxnews.com\/foxnews.com\/content\/uploads\/2024\/12\/1200\/675\/azerbaijani-crash-4.jpg?ve=1&amp;tl=1\" alt=\"escena del accidente a\u00e9reo\" width=\"1200\" height=\"675\"\/><\/source><\/source><\/source><\/source><\/picture><\/div>\n<div class=\"info\">\n<div class=\"caption\">\n<p><span>Equipos de emergencia en el lugar del accidente del avi\u00f3n azerbaiyano el mi\u00e9rcoles.<\/span> <span>(Azamat Sarsenbayev\/Foto AP)<\/span><\/p>\n<\/div>\n<\/div>\n<\/div>\n<p>Aliyev expres\u00f3 sus condolencias a las familias de las v\u00edctimas en un comunicado en las redes sociales. <\/p>\n<p>\u00abCon profunda tristeza expreso mi m\u00e1s sentido p\u00e9same a las familias de las v\u00edctimas y deseo una pronta recuperaci\u00f3n a los heridos\u00bb, escribi\u00f3.<\/p>\n<p>Aliyev tambi\u00e9n firm\u00f3 un decreto que declara el 26 de diciembre d\u00eda de luto en Azerbaiy\u00e1n.<\/p>\n<div class=\"image-ct inline\">\n<div class=\"m\"><picture><source media=\"(max-width: 767px)\" srcset=\"https:\/\/a57.foxnews.com\/static.foxnews.com\/foxnews.com\/content\/uploads\/2024\/12\/343\/192\/azerbaijani-crash-1.jpg?ve=1&amp;tl=1, https:\/\/a57.foxnews.com\/static.foxnews.com\/foxnews.com\/content\/uploads\/2024\/12\/686\/384\/azerbaijani-crash-1.jpg?ve=1&amp;tl=1 2x\" height=\"192\" width=\"343\"><source media=\"(min-width: 768px) and (max-width: 1023px)\" srcset=\"https:\/\/a57.foxnews.com\/static.foxnews.com\/foxnews.com\/content\/uploads\/2024\/12\/672\/378\/azerbaijani-crash-1.jpg?ve=1&amp;tl=1, https:\/\/a57.foxnews.com\/static.foxnews.com\/foxnews.com\/content\/uploads\/2024\/12\/1344\/756\/azerbaijani-crash-1.jpg?ve=1&amp;tl=1 2x\" height=\"378\" width=\"672\"><source media=\"(min-width: 1024px) and (max-width: 1279px)\" srcset=\"https:\/\/a57.foxnews.com\/static.foxnews.com\/foxnews.com\/content\/uploads\/2024\/12\/931\/523\/azerbaijani-crash-1.jpg?ve=1&amp;tl=1, https:\/\/a57.foxnews.com\/static.foxnews.com\/foxnews.com\/content\/uploads\/2024\/12\/1862\/1046\/azerbaijani-crash-1.jpg?ve=1&amp;tl=1 2x\" height=\"523\" width=\"931\"><source media=\"(min-width: 1280px)\" srcset=\"https:\/\/a57.foxnews.com\/static.foxnews.com\/foxnews.com\/content\/uploads\/2024\/12\/720\/405\/azerbaijani-crash-1.jpg?ve=1&amp;tl=1, https:\/\/a57.foxnews.com\/static.foxnews.com\/foxnews.com\/content\/uploads\/2024\/12\/1440\/810\/azerbaijani-crash-1.jpg?ve=1&amp;tl=1 2x\" height=\"405\" width=\"720\"><img loading=\"lazy\" decoding=\"async\" src=\"https:\/\/a57.foxnews.com\/static.foxnews.com\/foxnews.com\/content\/uploads\/2024\/12\/1200\/675\/azerbaijani-crash-1.jpg?ve=1&amp;tl=1\" alt=\"accidente a\u00e9reo\" width=\"1200\" height=\"675\"\/><\/source><\/source><\/source><\/source><\/picture><\/div>\n<div class=\"info\">\n<div class=\"caption\">\n<p><span>El avi\u00f3n se dirig\u00eda desde Bak\u00fa, la capital de Azerbaiy\u00e1n, a la ciudad rusa de Grozny, en el norte del C\u00e1ucaso, informa The Associated Press.<\/span> <span>(La administraci\u00f3n de la regi\u00f3n de Mangystau\/Foto AP)<\/span><\/p>\n<\/div>\n<\/div>\n<\/div>\n<p><strong><u>HAGA CLIC AQU\u00cd PARA OBTENER LA APLICACI\u00d3N FOX NEWS<\/u><\/strong><\/p>\n<p>En un comunicado, Aerol\u00edneas de Azerbaiy\u00e1n dijo que mantendr\u00eda informados al p\u00fablico y cambi\u00f3 sus pancartas en las redes sociales a negro s\u00f3lido.<\/p>\n<p>\u00abPedimos a Dios misericordia para los pasajeros y miembros de la tripulaci\u00f3n que perdieron la vida\u00bb, dec\u00eda una declaraci\u00f3n traducida en X. \u00abSu dolor es el nuestro. Deseamos una pronta recuperaci\u00f3n a los heridos\u00bb. <\/p>\n<p><i>Reuters y The Associated Press contribuyeron a este informe.<\/i><\/p>\n<p> <!----> <\/div>\n\n","protected":false},"excerpt":{"rendered":"<p>M\u00e1s de 30 pasajeros murieron despu\u00e9s de que un vuelo de Azerbaiy\u00e1n Airlines se estrellara cerca de la ciudad de Aktau en Kazajst\u00e1n el mi\u00e9rcoles, y los funcionarios de aviaci\u00f3n y ucranianos culpan del accidente mortal a Rusia, dicen los informes. El avi\u00f3n de pasajeros Embraer 190 que volaba de Azerbaiy\u00e1n a Rusia llevaba a &hellip;<\/p>\n","protected":false},"author":1,"featured_media":7907,"comment_status":"open","ping_status":"open","sticky":false,"template":"","format":"standard","meta":{"fifu_image_url":"https:\/\/static.foxnews.com\/foxnews.com\/content\/uploads\/2024\/12\/azerbaijani-crash-2.jpg","fifu_image_alt":"","footnotes":""},"categories":[13],"tags":[],"class_list":["post-7905","post","type-post","status-publish","format-standard","has-post-thumbnail","","category-mundo"],"_links":{"self":[{"href":"https:\/\/noticiasveraces.com\/index.php?rest_route=\/wp\/v2\/posts\/7905","targetHints":{"allow":["GET"]}}],"collection":[{"href":"https:\/\/noticiasveraces.com\/index.php?rest_route=\/wp\/v2\/posts"}],"about":[{"href":"https:\/\/noticiasveraces.com\/index.php?rest_route=\/wp\/v2\/types\/post"}],"author":[{"embeddable":true,"href":"https:\/\/noticiasveraces.com\/index.php?rest_route=\/wp\/v2\/users\/1"}],"replies":[{"embeddable":true,"href":"https:\/\/noticiasveraces.com\/index.php?rest_route=%2Fwp%2Fv2%2Fcomments&post=7905"}],"version-history":[{"count":0,"href":"https:\/\/noticiasveraces.com\/index.php?rest_route=\/wp\/v2\/posts\/7905\/revisions"}],"wp:featuredmedia":[{"embeddable":true,"href":"https:\/\/noticiasveraces.com\/index.php?rest_route=\/wp\/v2\/media\/7907"}],"wp:attachment":[{"href":"https:\/\/noticiasveraces.com\/index.php?rest_route=%2Fwp%2Fv2%2Fmedia&parent=7905"}],"wp:term":[{"taxonomy":"category","embeddable":true,"href":"https:\/\/noticiasveraces.com\/index.php?rest_route=%2Fwp%2Fv2%2Fcategories&post=7905"},{"taxonomy":"post_tag","embeddable":true,"href":"https:\/\/noticiasveraces.com\/index.php?rest_route=%2Fwp%2Fv2%2Ftags&post=7905"}],"curies":[{"name":"wp","href":"https:\/\/api.w.org\/{rel}","templated":true}]}}