{"id":7875,"date":"2024-12-26T01:34:50","date_gmt":"2024-12-26T05:34:50","guid":{"rendered":"https:\/\/noticiasveraces.com\/?p=7875"},"modified":"2024-12-26T01:34:50","modified_gmt":"2024-12-26T05:34:50","slug":"acusan-a-apple-de-silenciar-a-trabajadores-y-espiar-sus-dispositivos-personales","status":"publish","type":"post","link":"https:\/\/noticiasveraces.com\/?p=7875","title":{"rendered":"Acusan a Apple de silenciar a trabajadores y espiar sus dispositivos personales"},"content":{"rendered":"<p> \n<br \/><img decoding=\"async\" src=\"https:\/\/gdb.voanews.com\/4c2d2bac-e309-42de-ac70-430e3a8c1ce3_w800_h450.jpg\" \/><\/p>\n<div id=\"article-content\">\n<div class=\"wsw\">\n<p>Apple fue acusada en una nueva demanda de vigilar ilegalmente los dispositivos personales y las cuentas de iCloud de sus trabajadores, al tiempo que les proh\u00edbe hablar de su salario y condiciones de trabajo.<\/p>\n<p>La demanda presentada el domingo ante un tribunal estatal de California por Amar Bhakta afirma que la empresa exige a los empleados que instalen un software en los dispositivos personales que utilizan para trabajar, lo que permite a Apple acceder a su correo electr\u00f3nico, bibliotecas de fotos, datos sanitarios y de \u00abhogar inteligente\u00bb y otra informaci\u00f3n personal.<\/p>\n<p>Bhakta trabaja en publicidad digital para Apple.<\/p>\n<p>Al mismo tiempo, Apple impone pol\u00edticas de confidencialidad que proh\u00edben a los empleados hablar de sus condiciones de trabajo, incluso con los medios de comunicaci\u00f3n, y denunciar irregularidades protegidas por la ley.<\/p>\n<p>Bhakta, que ha trabajado para Apple desde 2020, dice que se le prohibi\u00f3 hablar de su trabajo en podcasts y se le orden\u00f3 eliminar informaci\u00f3n sobre sus condiciones laborales de su perfil de LinkedIn.<\/p>\n<p>\u00abLas pol\u00edticas y pr\u00e1cticas de vigilancia de Apple enfr\u00edan, y por lo tanto tambi\u00e9n restringen ilegalmente, la denuncia de irregularidades de los empleados, la competencia, la libertad de movimiento de los empleados en el mercado laboral y la libertad de expresi\u00f3n\u00bb, dice la demanda.<\/p>\n<p>Apple, en un comunicado facilitado por un portavoz, dijo que las afirmaciones de la demanda carecen de fundamento y que sus trabajadores reciben formaci\u00f3n anual sobre sus derechos a hablar de sus condiciones de trabajo.<\/p>\n<p>\u00abEn Apple, nos centramos en crear los mejores productos y servicios del mundo y trabajamos para proteger las invenciones que nuestros equipos crean para los clientes\u00bb, dijo la compa\u00f1\u00eda.<\/p>\n<p>Los abogados de Bhakta tambi\u00e9n representan a dos mujeres que presentaron una demanda en junio acusando a Apple de pagar sistem\u00e1ticamente menos a las trabajadoras de sus divisiones de ingenier\u00eda, marketing y AppleCare. La empresa ha dicho que est\u00e1 comprometida con la inclusi\u00f3n y la igualdad salarial.<\/p>\n<p>Apple tambi\u00e9n enfrenta al menos tres denuncias de una junta laboral de Estados Unidos que alega que ha disuadido ilegalmente a los empleados de debatir cuestiones como los prejuicios sexuales y la discriminaci\u00f3n salarial entre ellos y con la prensa, incluso restringiendo su uso de las redes sociales y una aplicaci\u00f3n de mensajer\u00eda en el lugar de trabajo.<\/p>\n<p>La empresa ha negado haber accionado mal.<\/p>\n<p><em><strong>\u00a1Con\u00e9ctate con la Voz de Am\u00e9rica! Suscr\u00edbete a nuestros canales de <\/strong><strong>YouTube<\/strong><strong>, <\/strong><strong>WhatsApp<\/strong><strong>  y al <\/strong><strong>hoja informativa<\/strong><strong>. Activa las notificaciones y s\u00edguenos en <\/strong><strong>Facebook<\/strong><strong>, <\/strong><a class=\"wsw__a\" href=\"https:\/\/nam10.safelinks.protection.outlook.com\/?url=https%3A%2F%2Ftwitter.com%2FVozdeAmerica&amp;data=05%7C02%7Cwserrano%40voanews.com%7C0b9cfda59f52447b0ed708dc07d64451%7Cba99e87c673541c2b1c1354eee3a8659%7C0%7C0%7C638393864063639904%7CUnknown%7CTWFpbGZsb3d8eyJWIjoiMC4wLjAwMDAiLCJQIjoiV2luMzIiLCJBTiI6Ik1haWwiLCJXVCI6Mn0%3D%7C3000%7C%7C%7C&amp;sdata=unLJDFixL8cjTiSip1dC8ViP8otjrQyzq1ziP2g1PMo%3D&amp;reserved=0\"><strong>inc\u00f3gnita<\/strong><\/a><strong>  mi <\/strong><strong>Instagram<\/strong>.<\/em><\/p>\n<\/div>\n<\/div>\n<p><script async src=\"https:\/\/platform.twitter.com\/widgets.js\" charset=\"utf-8\"><\/script><script async src=\"\/\/www.instagram.com\/embed.js\"><\/script><br \/>\n<br \/>\n","protected":false},"excerpt":{"rendered":"<p>Apple fue acusada en una nueva demanda de vigilar ilegalmente los dispositivos personales y las cuentas de iCloud de sus trabajadores, al tiempo que les proh\u00edbe hablar de su salario y condiciones de trabajo. La demanda presentada el domingo ante un tribunal estatal de California por Amar Bhakta afirma que la empresa exige a los &hellip;<\/p>\n","protected":false},"author":1,"featured_media":7877,"comment_status":"open","ping_status":"open","sticky":false,"template":"","format":"standard","meta":{"fifu_image_url":"https:\/\/gdb.voanews.com\/4c2d2bac-e309-42de-ac70-430e3a8c1ce3_w1200_r1.jpg","fifu_image_alt":"","footnotes":""},"categories":[2],"tags":[],"class_list":["post-7875","post","type-post","status-publish","format-standard","has-post-thumbnail","","category-tecnologia"],"_links":{"self":[{"href":"https:\/\/noticiasveraces.com\/index.php?rest_route=\/wp\/v2\/posts\/7875","targetHints":{"allow":["GET"]}}],"collection":[{"href":"https:\/\/noticiasveraces.com\/index.php?rest_route=\/wp\/v2\/posts"}],"about":[{"href":"https:\/\/noticiasveraces.com\/index.php?rest_route=\/wp\/v2\/types\/post"}],"author":[{"embeddable":true,"href":"https:\/\/noticiasveraces.com\/index.php?rest_route=\/wp\/v2\/users\/1"}],"replies":[{"embeddable":true,"href":"https:\/\/noticiasveraces.com\/index.php?rest_route=%2Fwp%2Fv2%2Fcomments&post=7875"}],"version-history":[{"count":0,"href":"https:\/\/noticiasveraces.com\/index.php?rest_route=\/wp\/v2\/posts\/7875\/revisions"}],"wp:featuredmedia":[{"embeddable":true,"href":"https:\/\/noticiasveraces.com\/index.php?rest_route=\/wp\/v2\/media\/7877"}],"wp:attachment":[{"href":"https:\/\/noticiasveraces.com\/index.php?rest_route=%2Fwp%2Fv2%2Fmedia&parent=7875"}],"wp:term":[{"taxonomy":"category","embeddable":true,"href":"https:\/\/noticiasveraces.com\/index.php?rest_route=%2Fwp%2Fv2%2Fcategories&post=7875"},{"taxonomy":"post_tag","embeddable":true,"href":"https:\/\/noticiasveraces.com\/index.php?rest_route=%2Fwp%2Fv2%2Ftags&post=7875"}],"curies":[{"name":"wp","href":"https:\/\/api.w.org\/{rel}","templated":true}]}}