{"id":7846,"date":"2024-12-25T20:30:18","date_gmt":"2024-12-26T00:30:18","guid":{"rendered":"https:\/\/noticiasveraces.com\/?p=7846"},"modified":"2024-12-25T20:30:18","modified_gmt":"2024-12-26T00:30:18","slug":"carlos-sainz-a-por-su-quinto-dakar-voy-a-por-todas","status":"publish","type":"post","link":"https:\/\/noticiasveraces.com\/?p=7846","title":{"rendered":"Carlos Sainz, a por su quinto Dakar: \u00abVoy a por todas\u00bb"},"content":{"rendered":"<p> \n<\/p>\n<div id=\"intext\">\n<p>A sus 62 a\u00f1os, <b>Carlos Sainz<\/b> participar\u00e1 desde el pr\u00f3ximo 3 de enero en su <b>17\u00aa Dakar,<\/b> el r<b>aliado m\u00e1s duro del mundo<\/b> y que ya <b>ha conquistado en cuatro ocasiones<\/b> (2010, 2018, 2020 y 2024).<\/p>\n<p>\u00abLa edad pasa para todo el mundo, pero yo trato de hacerlo lo mejor que puedo para ser competitivo y en esos d\u00edas de la carrera estar lo mejor posible\u00bb, indica El Matador.<\/p>\n<p>El madrile\u00f1o ha conquistado el Dakar con cuatro marcas diferentes (<b>Volkswagen, Peugeot, Mini y Audi<\/b>) y en 2025 tratar\u00e1 de lograr su quinto Tuareg <b>con el Ford Raptor T1+<\/b>un coche que no ha competido hasta la fecha en la m\u00edtica carrera que se disputa en Arabia Saud\u00ed desde 2020.<\/p>\n<p>\u00ab<b>Competir con un coche nuevo siempre es dif\u00edcil y estamos hablando de la carrera m\u00e1s dura del mundo<\/b>\u00ab, avis\u00f3 Carlos Sainz.<\/p>\n<h2 class=\"title-h2\">\u00abEspero no tener problemas mec\u00e1nicos y que no pase nada\u00bb<\/h2>\n<p>El piloto madrile\u00f1o, <b>dos veces campe\u00f3n del mundo de rallyes (1990 y 1992)<\/b>espera mucha igualdad en el Dakar, con tres marcas dando mucha guerra.<\/p>\n<p>\u00abEste a\u00f1o Toyota, Dacia y Mini van a ser grandes competidores. Ya vimos la enorme igualdad que hab\u00eda en el rally de Marruecos y creo que se va a repetir en este Dakar\u00bb, se\u00f1ala Carlos Sainz.<\/p>\n<p>El veterano piloto madrile\u00f1o no renuncia a nada, aunque sabe de primera mano que muchas veces es el Dakar quien elige a su ganador.<\/p>\n<p>\u00abYo voy a por todas. Espero pasarlo bien, espero que el coche sea competitivo, espero no tener problemas mec\u00e1nicos y que no pase nada\u00bb, desea Carlos Sainz.<\/p>\n<p><i>S\u00edguenos en nuestro canal de WhatsApp y no te pierdas la \u00faltima hora y toda la actualidad de antena3noticias.com<\/i><\/p>\n<div class=\"recirculation-video\" data-mod=\"a3mod_recirculation_video\">\n<div class=\"recirculation-video-wrapper\">\n<div>\n<div class=\"video-wrapper\">\n  <picture class=\"video-main-picture\"><source media=\"(min-width: 481px)\" srcset=\"https:\/\/fotografias.antena3.com\/clipping\/cmsimages01\/2024\/12\/24\/15208DA7-F676-494A-97DE-3B05E9E7F89A\/florentino-perez-presidente-real-madrid_94.jpg?crop=4930,2773,x0,y0&amp;width=800&amp;height=450&amp;optimize=medium&amp;format=webply\" width=\"800\" height=\"450\"><source media=\"(min-width: 391px) and (max-width: 480px)\" srcset=\"https:\/\/fotografias.antena3.com\/clipping\/cmsimages01\/2024\/12\/24\/15208DA7-F676-494A-97DE-3B05E9E7F89A\/florentino-perez-presidente-real-madrid_70.jpg?crop=4930,2773,x0,y0&amp;width=480&amp;height=270&amp;optimize=high&amp;format=webply\" width=\"480\" height=\"270\"><source media=\"(min-width: 321px) and (max-width: 390px)\" srcset=\"https:\/\/fotografias.antena3.com\/clipping\/cmsimages01\/2024\/12\/24\/15208DA7-F676-494A-97DE-3B05E9E7F89A\/florentino-perez-presidente-real-madrid_92.jpg?crop=4930,2768,x0,y0&amp;width=390&amp;height=219&amp;optimize=high&amp;format=webply\" width=\"390\" height=\"219\"><source media=\"(max-width: 320px)\" srcset=\"https:\/\/fotografias.antena3.com\/clipping\/cmsimages01\/2024\/12\/24\/15208DA7-F676-494A-97DE-3B05E9E7F89A\/florentino-perez-presidente-real-madrid_52.jpg?crop=4930,2773,x0,y0&amp;width=320&amp;height=180&amp;optimize=high&amp;format=webply\" width=\"320\" height=\"180\"><img decoding=\"async\" title=\"Florentino P\u00e9rez, presidente del Real Madrid\" alt=\"Florentino P\u00e9rez, presidente del Real Madrid\" width=\"480\" height=\"270\" src=\"https:\/\/fotografias.antena3.com\/clipping\/cmsimages01\/2024\/12\/24\/15208DA7-F676-494A-97DE-3B05E9E7F89A\/florentino-perez-presidente-real-madrid_70.jpg?crop=4930,2773,x0,y0&amp;width=480&amp;height=270&amp;optimize=high&amp;format=webply\" loading=\"lazy\" class=\"lazy\"\/><br \/>\n  <\/source><\/source><\/source><\/source><\/picture>\n <\/div>\n<\/div><\/div>\n<\/p><\/div>\n<\/div>\n\n","protected":false},"excerpt":{"rendered":"<p>A sus 62 a\u00f1os, Carlos Sainz participar\u00e1 desde el pr\u00f3ximo 3 de enero en su 17\u00aa Dakar, el raliado m\u00e1s duro del mundo y que ya ha conquistado en cuatro ocasiones (2010, 2018, 2020 y 2024). \u00abLa edad pasa para todo el mundo, pero yo trato de hacerlo lo mejor que puedo para ser competitivo &hellip;<\/p>\n","protected":false},"author":1,"featured_media":7848,"comment_status":"open","ping_status":"open","sticky":false,"template":"","format":"standard","meta":{"fifu_image_url":"https:\/\/fotografias.antena3.com\/clipping\/cmsimages01\/2024\/12\/25\/F38E7565-FA62-4678-AD3F-C1863D43E449\/carlos-sainz-cuatro-veces-ganador-dakar_69.jpg?crop=1920,1080,x0,y0&width=1280&height=720&optimize=low&format=jpg","fifu_image_alt":"","footnotes":""},"categories":[6],"tags":[],"class_list":["post-7846","post","type-post","status-publish","format-standard","has-post-thumbnail","","category-deportes"],"_links":{"self":[{"href":"https:\/\/noticiasveraces.com\/index.php?rest_route=\/wp\/v2\/posts\/7846","targetHints":{"allow":["GET"]}}],"collection":[{"href":"https:\/\/noticiasveraces.com\/index.php?rest_route=\/wp\/v2\/posts"}],"about":[{"href":"https:\/\/noticiasveraces.com\/index.php?rest_route=\/wp\/v2\/types\/post"}],"author":[{"embeddable":true,"href":"https:\/\/noticiasveraces.com\/index.php?rest_route=\/wp\/v2\/users\/1"}],"replies":[{"embeddable":true,"href":"https:\/\/noticiasveraces.com\/index.php?rest_route=%2Fwp%2Fv2%2Fcomments&post=7846"}],"version-history":[{"count":0,"href":"https:\/\/noticiasveraces.com\/index.php?rest_route=\/wp\/v2\/posts\/7846\/revisions"}],"wp:featuredmedia":[{"embeddable":true,"href":"https:\/\/noticiasveraces.com\/index.php?rest_route=\/wp\/v2\/media\/7848"}],"wp:attachment":[{"href":"https:\/\/noticiasveraces.com\/index.php?rest_route=%2Fwp%2Fv2%2Fmedia&parent=7846"}],"wp:term":[{"taxonomy":"category","embeddable":true,"href":"https:\/\/noticiasveraces.com\/index.php?rest_route=%2Fwp%2Fv2%2Fcategories&post=7846"},{"taxonomy":"post_tag","embeddable":true,"href":"https:\/\/noticiasveraces.com\/index.php?rest_route=%2Fwp%2Fv2%2Ftags&post=7846"}],"curies":[{"name":"wp","href":"https:\/\/api.w.org\/{rel}","templated":true}]}}