{"id":7799,"date":"2024-12-25T09:26:24","date_gmt":"2024-12-25T13:26:24","guid":{"rendered":"https:\/\/noticiasveraces.com\/?p=7799"},"modified":"2024-12-25T09:26:24","modified_gmt":"2024-12-25T13:26:24","slug":"el-papa-francisco-se-dirige-a-ucrania-y-medio-oriente-en-el-mensaje-navideno-urbi-et-orbi","status":"publish","type":"post","link":"https:\/\/noticiasveraces.com\/?p=7799","title":{"rendered":"El Papa Francisco se dirige a Ucrania y Medio Oriente en el mensaje navide\u00f1o Urbi et Orbi"},"content":{"rendered":"<p> \n<\/p>\n<div>\n<p class=\"speakable\">El Papa Francisco pronunci\u00f3 el mi\u00e9rcoles su mensaje navide\u00f1o anual \u00abUrbi et Orbi\u00bb (a la ciudad y el mundo) y su bendici\u00f3n desde el Vaticano, pidiendo la paz en todo el mundo y el fin de los conflictos en curso.<\/p>\n<p class=\"speakable\">El l\u00edder de la Iglesia Cat\u00f3lica Romana mencion\u00f3 directamente la guerra entre Rusia y Ucrania y pidi\u00f3 \u00abla audacia necesaria para abrir la puerta a la negociaci\u00f3n\u00bb durante el discurso que sirve como resumen de los males que enfrenta el mundo este a\u00f1o.<\/p>\n<p>\u00abQue el sonido de las armas sea silenciado en Ucrania\u00bb, dijo Francisco desde el balc\u00f3n central de la Bas\u00edlica de San Pedro ante miles de personas en la plaza de abajo. Tambi\u00e9n llam\u00f3 a \u00abgestos de di\u00e1logo y encuentro, para lograr una paz justa y duradera\u00bb.<\/p>\n<p>Francisco, de 88 a\u00f1os, celebra la duod\u00e9cima Navidad de su pontificado pidiendo el fin de los conflictos pol\u00edticos, sociales o militares en lugares como el L\u00edbano, Mal\u00ed, Mozambique, Hait\u00ed, Venezuela y Nicaragua.<\/p>\n<p><strong>EL PAPA SE SALTAR\u00c1 LA ORACI\u00d3N DEL DOMINGO AL AIRE LIBRE DESPU\u00c9S DE D\u00cdAS DE FR\u00cdO ANTES DE LAS MISAS DEL D\u00cdA DE NOCHEBUENA DE NAVIDAD<\/strong><\/p>\n<div class=\"image-ct inline\">\n<div class=\"m\"><picture><source media=\"(max-width: 767px)\" srcset=\"https:\/\/a57.foxnews.com\/static.foxnews.com\/foxnews.com\/content\/uploads\/2024\/12\/343\/192\/pope-christmas-2024-ap.jpg?ve=1&amp;tl=1, https:\/\/a57.foxnews.com\/static.foxnews.com\/foxnews.com\/content\/uploads\/2024\/12\/686\/384\/pope-christmas-2024-ap.jpg?ve=1&amp;tl=1 2x\" height=\"192\" width=\"343\"><source media=\"(min-width: 768px) and (max-width: 1023px)\" srcset=\"https:\/\/a57.foxnews.com\/static.foxnews.com\/foxnews.com\/content\/uploads\/2024\/12\/672\/378\/pope-christmas-2024-ap.jpg?ve=1&amp;tl=1, https:\/\/a57.foxnews.com\/static.foxnews.com\/foxnews.com\/content\/uploads\/2024\/12\/1344\/756\/pope-christmas-2024-ap.jpg?ve=1&amp;tl=1 2x\" height=\"378\" width=\"672\"><source media=\"(min-width: 1024px) and (max-width: 1279px)\" srcset=\"https:\/\/a57.foxnews.com\/static.foxnews.com\/foxnews.com\/content\/uploads\/2024\/12\/931\/523\/pope-christmas-2024-ap.jpg?ve=1&amp;tl=1, https:\/\/a57.foxnews.com\/static.foxnews.com\/foxnews.com\/content\/uploads\/2024\/12\/1862\/1046\/pope-christmas-2024-ap.jpg?ve=1&amp;tl=1 2x\" height=\"523\" width=\"931\"><source media=\"(min-width: 1280px)\" srcset=\"https:\/\/a57.foxnews.com\/static.foxnews.com\/foxnews.com\/content\/uploads\/2024\/12\/720\/405\/pope-christmas-2024-ap.jpg?ve=1&amp;tl=1, https:\/\/a57.foxnews.com\/static.foxnews.com\/foxnews.com\/content\/uploads\/2024\/12\/1440\/810\/pope-christmas-2024-ap.jpg?ve=1&amp;tl=1 2x\" height=\"405\" width=\"720\"><img loading=\"lazy\" decoding=\"async\" src=\"https:\/\/a57.foxnews.com\/static.foxnews.com\/foxnews.com\/content\/uploads\/2024\/12\/1200\/675\/pope-christmas-2024-ap.jpg?ve=1&amp;tl=1\" alt=\"D\u00eda de Navidad del Papa Francisco 2024 en el Vaticano\" width=\"1200\" height=\"675\"\/><\/source><\/source><\/source><\/source><\/picture><\/div>\n<div class=\"info\">\n<div class=\"caption\">\n<p><span>El Papa Francisco pronuncia la bendici\u00f3n del d\u00eda de Navidad desde el balc\u00f3n principal de la Bas\u00edlica de San Pedro en el Vaticano, el mi\u00e9rcoles 25 de diciembre de 2024.<\/span> <span>(Foto AP\/Andrew Medichini)<\/span><\/p>\n<\/div>\n<\/div>\n<\/div>\n<p>Francisco, que ha sido Papa desde 2013, fue criticado por funcionarios ucranianos este a\u00f1o cuando dijo que el pa\u00eds deber\u00eda tener el coraje de la \u00abbandera blanca\u00bb para negociar el fin de la guerra con Rusia.<\/p>\n<p>El presidente ucraniano, Volodymyr Zelenskyy, hab\u00eda descartado previamente entablar conversaciones de paz sin la restauraci\u00f3n de las fronteras de Ucrania anteriores a la guerra. Pero Zelenskyy ha mostrado una creciente disposici\u00f3n en las semanas posteriores a la reelecci\u00f3n de Donald Trump como presidente de Estados Unidos para entablar negociaciones.<\/p>\n<p><strong>PRESIDENTE ELECTO TRUMP NOMBRA A UN CONSERVADOR COMO EMBAJADOR DEL VATICANO: &#8216;BENDICIONES Y RESPONSABILIDADES&#8217;<\/strong><\/p>\n<div class=\"image-ct inline\">\n<div class=\"m\"><picture><source media=\"(max-width: 767px)\" srcset=\"https:\/\/a57.foxnews.com\/static.foxnews.com\/foxnews.com\/content\/uploads\/2023\/07\/343\/192\/GettyImages-1526132689.jpg?ve=1&amp;tl=1, https:\/\/a57.foxnews.com\/static.foxnews.com\/foxnews.com\/content\/uploads\/2023\/07\/686\/384\/GettyImages-1526132689.jpg?ve=1&amp;tl=1 2x\" height=\"192\" width=\"343\"><source media=\"(min-width: 768px) and (max-width: 1023px)\" srcset=\"https:\/\/a57.foxnews.com\/static.foxnews.com\/foxnews.com\/content\/uploads\/2023\/07\/672\/378\/GettyImages-1526132689.jpg?ve=1&amp;tl=1, https:\/\/a57.foxnews.com\/static.foxnews.com\/foxnews.com\/content\/uploads\/2023\/07\/1344\/756\/GettyImages-1526132689.jpg?ve=1&amp;tl=1 2x\" height=\"378\" width=\"672\"><source media=\"(min-width: 1024px) and (max-width: 1279px)\" srcset=\"https:\/\/a57.foxnews.com\/static.foxnews.com\/foxnews.com\/content\/uploads\/2023\/07\/931\/523\/GettyImages-1526132689.jpg?ve=1&amp;tl=1, https:\/\/a57.foxnews.com\/static.foxnews.com\/foxnews.com\/content\/uploads\/2023\/07\/1862\/1046\/GettyImages-1526132689.jpg?ve=1&amp;tl=1 2x\" height=\"523\" width=\"931\"><source media=\"(min-width: 1280px)\" srcset=\"https:\/\/a57.foxnews.com\/static.foxnews.com\/foxnews.com\/content\/uploads\/2023\/07\/720\/405\/GettyImages-1526132689.jpg?ve=1&amp;tl=1, https:\/\/a57.foxnews.com\/static.foxnews.com\/foxnews.com\/content\/uploads\/2023\/07\/1440\/810\/GettyImages-1526132689.jpg?ve=1&amp;tl=1 2x\" height=\"405\" width=\"720\"><img loading=\"lazy\" decoding=\"async\" src=\"https:\/\/a57.foxnews.com\/static.foxnews.com\/foxnews.com\/content\/uploads\/2023\/07\/1200\/675\/GettyImages-1526132689.jpg?ve=1&amp;tl=1\" alt=\"Zelensky hablando\" width=\"1200\" height=\"675\"\/><\/source><\/source><\/source><\/source><\/picture><\/div>\n<div class=\"info\">\n<div class=\"caption\">\n<p><span>El presidente Volodymyr Zelenskyy durante una rueda de prensa con la prensa el 8 de julio de 2023 en Lviv, Ucrania. <\/span> <span>(Mykola Tys\/Global Images Ucrania v\u00eda Getty Images)<\/span><\/p>\n<\/div>\n<\/div>\n<\/div>\n<p>Francisco, que recientemente se ha vuelto m\u00e1s cr\u00edtico con la campa\u00f1a militar de Israel en Gaza, tambi\u00e9n renov\u00f3 su llamado a un alto el fuego en la guerra entre Israel y Hamas y a la liberaci\u00f3n de los rehenes israel\u00edes restantes en poder de Hamas.<\/p>\n<p>Calific\u00f3 la situaci\u00f3n humanitaria en Gaza de \u00abextremadamente grave\u00bb y pidi\u00f3 que \u00abse abran de par en par las puertas del di\u00e1logo y la paz\u00bb.<\/p>\n<div class=\"image-ct inline\">\n<div class=\"m\"><picture><source media=\"(max-width: 767px)\" srcset=\"https:\/\/a57.foxnews.com\/static.foxnews.com\/foxnews.com\/content\/uploads\/2024\/12\/343\/192\/hostages-1.jpg?ve=1&amp;tl=1, https:\/\/a57.foxnews.com\/static.foxnews.com\/foxnews.com\/content\/uploads\/2024\/12\/686\/384\/hostages-1.jpg?ve=1&amp;tl=1 2x\" height=\"192\" width=\"343\"><source media=\"(min-width: 768px) and (max-width: 1023px)\" srcset=\"https:\/\/a57.foxnews.com\/static.foxnews.com\/foxnews.com\/content\/uploads\/2024\/12\/672\/378\/hostages-1.jpg?ve=1&amp;tl=1, https:\/\/a57.foxnews.com\/static.foxnews.com\/foxnews.com\/content\/uploads\/2024\/12\/1344\/756\/hostages-1.jpg?ve=1&amp;tl=1 2x\" height=\"378\" width=\"672\"><source media=\"(min-width: 1024px) and (max-width: 1279px)\" srcset=\"https:\/\/a57.foxnews.com\/static.foxnews.com\/foxnews.com\/content\/uploads\/2024\/12\/931\/523\/hostages-1.jpg?ve=1&amp;tl=1, https:\/\/a57.foxnews.com\/static.foxnews.com\/foxnews.com\/content\/uploads\/2024\/12\/1862\/1046\/hostages-1.jpg?ve=1&amp;tl=1 2x\" height=\"523\" width=\"931\"><source media=\"(min-width: 1280px)\" srcset=\"https:\/\/a57.foxnews.com\/static.foxnews.com\/foxnews.com\/content\/uploads\/2024\/12\/720\/405\/hostages-1.jpg?ve=1&amp;tl=1, https:\/\/a57.foxnews.com\/static.foxnews.com\/foxnews.com\/content\/uploads\/2024\/12\/1440\/810\/hostages-1.jpg?ve=1&amp;tl=1 2x\" height=\"405\" width=\"720\"><img loading=\"lazy\" decoding=\"async\" src=\"https:\/\/a57.foxnews.com\/static.foxnews.com\/foxnews.com\/content\/uploads\/2024\/12\/1200\/675\/hostages-1.jpg?ve=1&amp;tl=1\" alt=\"rehenes\" width=\"1200\" height=\"675\"\/><\/source><\/source><\/source><\/source><\/picture><\/div>\n<div class=\"info\">\n<div class=\"caption\">\n<p><span>Manifestantes y familiares de rehenes tomados por Ham\u00e1s durante el ataque del grupo terrorista del 7 de octubre a Israel protestan en el National Mall de Washington, DC, el 23 de julio de 2024.<\/span> <span>(Graeme Sloan\/Bloomberg v\u00eda Getty Images)<\/span><\/p>\n<\/div>\n<\/div>\n<\/div>\n<p>La Navidad marc\u00f3 el inicio de la celebraci\u00f3n del A\u00f1o Santo de 2025 que se espera que atraiga a unos 32 millones de cat\u00f3licos a Roma, seg\u00fan Associated Press.<\/p>\n<p>Los peregrinos hicieron fila el mi\u00e9rcoles temprano para cruzar la gran Puerta Santa en la entrada de la Bas\u00edlica de San Pedro. Atravesar la Puerta Santa es una forma en que los fieles pueden obtener indulgencias o perd\u00f3n de los pecados durante un Jubileo, una tradici\u00f3n que se repite cada cuarto de siglo y que data de 1300. <\/p>\n<div class=\"image-ct inline\">\n<div class=\"m\"><picture><source media=\"(max-width: 767px)\" srcset=\"https:\/\/a57.foxnews.com\/static.foxnews.com\/foxnews.com\/content\/uploads\/2024\/12\/343\/192\/vatican-holy-door.jpg?ve=1&amp;tl=1, https:\/\/a57.foxnews.com\/static.foxnews.com\/foxnews.com\/content\/uploads\/2024\/12\/686\/384\/vatican-holy-door.jpg?ve=1&amp;tl=1 2x\" height=\"192\" width=\"343\"><source media=\"(min-width: 768px) and (max-width: 1023px)\" srcset=\"https:\/\/a57.foxnews.com\/static.foxnews.com\/foxnews.com\/content\/uploads\/2024\/12\/672\/378\/vatican-holy-door.jpg?ve=1&amp;tl=1, https:\/\/a57.foxnews.com\/static.foxnews.com\/foxnews.com\/content\/uploads\/2024\/12\/1344\/756\/vatican-holy-door.jpg?ve=1&amp;tl=1 2x\" height=\"378\" width=\"672\"><source media=\"(min-width: 1024px) and (max-width: 1279px)\" srcset=\"https:\/\/a57.foxnews.com\/static.foxnews.com\/foxnews.com\/content\/uploads\/2024\/12\/931\/523\/vatican-holy-door.jpg?ve=1&amp;tl=1, https:\/\/a57.foxnews.com\/static.foxnews.com\/foxnews.com\/content\/uploads\/2024\/12\/1862\/1046\/vatican-holy-door.jpg?ve=1&amp;tl=1 2x\" height=\"523\" width=\"931\"><source media=\"(min-width: 1280px)\" srcset=\"https:\/\/a57.foxnews.com\/static.foxnews.com\/foxnews.com\/content\/uploads\/2024\/12\/720\/405\/vatican-holy-door.jpg?ve=1&amp;tl=1, https:\/\/a57.foxnews.com\/static.foxnews.com\/foxnews.com\/content\/uploads\/2024\/12\/1440\/810\/vatican-holy-door.jpg?ve=1&amp;tl=1 2x\" height=\"405\" width=\"720\"><img loading=\"lazy\" decoding=\"async\" src=\"https:\/\/a57.foxnews.com\/static.foxnews.com\/foxnews.com\/content\/uploads\/2024\/12\/1200\/675\/vatican-holy-door.jpg?ve=1&amp;tl=1\" alt=\"Inauguraci\u00f3n de la Puerta Santa del Vaticano 2024\" width=\"1200\" height=\"675\"\/><\/source><\/source><\/source><\/source><\/picture><\/div>\n<div class=\"info\">\n<div class=\"caption\">\n<p><span>Fieles caminan por la Puerta Santa de la Bas\u00edlica de San Pedro en el Vaticano, el mi\u00e9rcoles 25 de diciembre de 2024, despu\u00e9s de que el Papa Francisco la abriera en la v\u00edspera de Navidad, marcando el inicio del Jubileo cat\u00f3lico de 2025.<\/span> <span>(Foto AP\/Andrew Medichini)<\/span><\/p>\n<\/div>\n<\/div>\n<\/div>\n<p><strong><u>HAGA CLIC AQU\u00cd PARA OBTENER LA APLICACI\u00d3N FOX NEWS<\/u><\/strong><\/p>\n<p>En Nochebuena, el Papa Francisco llam\u00f3 a la puerta y fue el primero en cruzarla, inaugurando el Jubileo de 2025 que dedic\u00f3 a la esperanza.<\/p>\n<p>Un A\u00f1o Santo Cat\u00f3lico, tambi\u00e9n conocido como Jubileo, se considera un tiempo de paz, perd\u00f3n y perd\u00f3n.<\/p>\n<p><i>Associated Press y Reuters contribuyeron a este informe. <\/i><\/p>\n<p> <!----> <\/div>\n\n","protected":false},"excerpt":{"rendered":"<p>El Papa Francisco pronunci\u00f3 el mi\u00e9rcoles su mensaje navide\u00f1o anual \u00abUrbi et Orbi\u00bb (a la ciudad y el mundo) y su bendici\u00f3n desde el Vaticano, pidiendo la paz en todo el mundo y el fin de los conflictos en curso. El l\u00edder de la Iglesia Cat\u00f3lica Romana mencion\u00f3 directamente la guerra entre Rusia y Ucrania &hellip;<\/p>\n","protected":false},"author":1,"featured_media":7801,"comment_status":"open","ping_status":"open","sticky":false,"template":"","format":"standard","meta":{"fifu_image_url":"https:\/\/static.foxnews.com\/foxnews.com\/content\/uploads\/2024\/12\/pope-christmas-2024-ap.jpg","fifu_image_alt":"","footnotes":""},"categories":[13],"tags":[],"class_list":["post-7799","post","type-post","status-publish","format-standard","has-post-thumbnail","","category-mundo"],"_links":{"self":[{"href":"https:\/\/noticiasveraces.com\/index.php?rest_route=\/wp\/v2\/posts\/7799","targetHints":{"allow":["GET"]}}],"collection":[{"href":"https:\/\/noticiasveraces.com\/index.php?rest_route=\/wp\/v2\/posts"}],"about":[{"href":"https:\/\/noticiasveraces.com\/index.php?rest_route=\/wp\/v2\/types\/post"}],"author":[{"embeddable":true,"href":"https:\/\/noticiasveraces.com\/index.php?rest_route=\/wp\/v2\/users\/1"}],"replies":[{"embeddable":true,"href":"https:\/\/noticiasveraces.com\/index.php?rest_route=%2Fwp%2Fv2%2Fcomments&post=7799"}],"version-history":[{"count":0,"href":"https:\/\/noticiasveraces.com\/index.php?rest_route=\/wp\/v2\/posts\/7799\/revisions"}],"wp:featuredmedia":[{"embeddable":true,"href":"https:\/\/noticiasveraces.com\/index.php?rest_route=\/wp\/v2\/media\/7801"}],"wp:attachment":[{"href":"https:\/\/noticiasveraces.com\/index.php?rest_route=%2Fwp%2Fv2%2Fmedia&parent=7799"}],"wp:term":[{"taxonomy":"category","embeddable":true,"href":"https:\/\/noticiasveraces.com\/index.php?rest_route=%2Fwp%2Fv2%2Fcategories&post=7799"},{"taxonomy":"post_tag","embeddable":true,"href":"https:\/\/noticiasveraces.com\/index.php?rest_route=%2Fwp%2Fv2%2Ftags&post=7799"}],"curies":[{"name":"wp","href":"https:\/\/api.w.org\/{rel}","templated":true}]}}