{"id":7789,"date":"2024-12-25T08:17:54","date_gmt":"2024-12-25T12:17:54","guid":{"rendered":"https:\/\/noticiasveraces.com\/?p=7789"},"modified":"2024-12-25T08:17:54","modified_gmt":"2024-12-25T12:17:54","slug":"la-confianza-de-ducati-tras-la-derrota-de-bagnaia-el-numero-1-volvera","status":"publish","type":"post","link":"https:\/\/noticiasveraces.com\/?p=7789","title":{"rendered":"La confianza de Ducati, tras la derrota de Bagnaia: \u00abEl n\u00famero &#8216;1&#8217; volver\u00e1\u00bb"},"content":{"rendered":"<p> \n<\/p>\n<div>\n<p data-mrf-recirculation=\"Links P\u00e1rrafos\"><strong>Hoy se cumple exactamente un mes desde la \u00faltima carrera del Mundial de MotoGP 2024<\/strong>. En Barcelona se puso el broche de oro a una gran temporada de motociclismo que tuvo como grandes protagonistas a Pecco Bagnaia y Jorge Mart\u00edn. Ambos llegaron a esta \u00faltima cita con opciones de alzarse con el t\u00edtulo, pero finalmente el madrile\u00f1o consigui\u00f3 imponerse, poniendo as\u00ed fin a la racha del turin\u00e9s y logrando su primer campeonato del mundo. <\/p>\n<p data-mrf-recirculation=\"Links P\u00e1rrafos\">Ducati completa con este episodio nuevo de su serie documental. La firma italiana ha estrenado el tercer y \u00faltimo cap\u00edtulo de &#8216;Dream On: Ducati and Bagnaia&#8217;s Pursuit of Glory (Sigue so\u00f1ando: Ducati y Bagnaia persiguen la gloria). En esta ocasi\u00f3n han centrado el corto en la cita del Gran Premio Solidario de Barcelona, <strong>aportando as\u00ed una visi\u00f3n desde dentro de la tensi\u00f3n que se viv\u00eda en el garaje rojo con su corredor luchando por el t\u00edtulo, que al final fue para &#8216;Martinator&#8217;.<\/strong><\/p>\n<figure class=\"ue-c-article__media ue-c-article__media--image\">\n<div class=\"ue-c-article__media-img-container ue-l-article--expand-edge-right-until-tablet ue-l-article--expand-edge-left-until-tablet\"><picture><source type=\"image\/webp\" sizes=\"(min-width: 1010px) 660px, (min-width: 980px) calc(100vw - 350px), (min-width: 740px) calc(100vw - 320px), 100vw\" srcset=\"        https:\/\/e00-xlk-ue-marca.uecdn.es\/files\/article_360_widen_webp\/uploads\/2024\/12\/09\/17333116331891.webp 360w,        https:\/\/e00-xlk-ue-marca.uecdn.es\/files\/article_375_widen_webp\/uploads\/2024\/12\/09\/17333116331891.webp 375w,        https:\/\/e00-xlk-ue-marca.uecdn.es\/files\/article_414_widen_webp\/uploads\/2024\/12\/09\/17333116331891.webp 414w,        https:\/\/e00-xlk-ue-marca.uecdn.es\/files\/article_660_widen_webp\/uploads\/2024\/12\/09\/17333116331891.webp 660w,        https:\/\/e00-xlk-ue-marca.uecdn.es\/files\/article_720_widen_webp\/uploads\/2024\/12\/09\/17333116331891.webp 720w,        https:\/\/e00-xlk-ue-marca.uecdn.es\/files\/article_750_widen_webp\/uploads\/2024\/12\/09\/17333116331891.webp 750w,        https:\/\/e00-xlk-ue-marca.uecdn.es\/files\/article_828_widen_webp\/uploads\/2024\/12\/09\/17333116331891.webp 828w,        https:\/\/e00-xlk-ue-marca.uecdn.es\/files\/article_1320_widen_webp\/uploads\/2024\/12\/09\/17333116331891.webp 1320w\"><source type=\"image\/jpeg\" sizes=\"(min-width: 1010px) 660px, (min-width: 980px) calc(100vw - 350px), (min-width: 740px) calc(100vw - 320px), 100vw\" srcset=\"        https:\/\/e00-xlk-ue-marca.uecdn.es\/files\/article_360_widen\/uploads\/2024\/12\/09\/17333116331891.jpeg 360w,        https:\/\/e00-xlk-ue-marca.uecdn.es\/files\/article_375_widen\/uploads\/2024\/12\/09\/17333116331891.jpeg 375w,        https:\/\/e00-xlk-ue-marca.uecdn.es\/files\/article_414_widen\/uploads\/2024\/12\/09\/17333116331891.jpeg 414w,        https:\/\/e00-xlk-ue-marca.uecdn.es\/files\/article_660_widen\/uploads\/2024\/12\/09\/17333116331891.jpeg 660w,        https:\/\/e00-xlk-ue-marca.uecdn.es\/files\/article_720_widen\/uploads\/2024\/12\/09\/17333116331891.jpeg 720w,        https:\/\/e00-xlk-ue-marca.uecdn.es\/files\/article_750_widen\/uploads\/2024\/12\/09\/17333116331891.jpeg 750w,        https:\/\/e00-xlk-ue-marca.uecdn.es\/files\/article_828_widen\/uploads\/2024\/12\/09\/17333116331891.jpeg 828w,        https:\/\/e00-xlk-ue-marca.uecdn.es\/files\/article_1320_widen\/uploads\/2024\/12\/09\/17333116331891.jpeg 1320w\"><img loading=\"lazy\" decoding=\"async\" width=\"1980\" height=\"1320\" class=\"ue-c-article__image\" alt=\"Pecco Bagnaia y Jorge Mart\u00edn, juntos en el evento de Ducati\" src=\"https:\/\/e00-xlk-ue-marca.uecdn.es\/uploads\/2024\/12\/09\/17333116331891.jpeg\"\/><\/source><\/source><\/picture><\/div><figcaption class=\"ue-c-article__media-caption\"\/><\/figure>\n<h2 class=\"ue-c-article__subheadline\">El comienzo de un fin de semana clave<\/h2>\n<p data-mrf-recirculation=\"Links P\u00e1rrafos\">La ventaja del madrile\u00f1o era notable respecto al que era el campe\u00f3n, pero en motociclismo no se puede dar nada por hecho hasta que no se cruza la \u00faltima bandera de cuadros. En este reportaje, desde Ducati antes de que todo comenzase se\u00f1alan la presi\u00f3n como algo clave que pod\u00eda jugar en su favor:<strong> \u00abEstamos tranquilos y confiados. Mart\u00edn tiene todas las de perder y Bagnaia tiene todo para ganar\u00bb<\/strong>. <\/p>\n<p data-mrf-recirculation=\"Links P\u00e1rrafos\">Tambi\u00e9n aparecen im\u00e1genes de la ca\u00edda del Tur\u00edn el viernes tras <strong>Chocar con Maverick Vi\u00f1ales en la pr\u00e1ctica de salida<\/strong>. En aquel momento la preocupaci\u00f3n y la incredulidad en la caja estaban presentes por partes iguales. A\u00fan as\u00ed,<strong> el GP no pod\u00eda empezar mejor para Pecco con la pole y la primera victoria<\/strong>: \u00abTodo ha ido bien, creo que ha sido la carrera m\u00e1s f\u00e1cil del a\u00f1o. Nunca tuve que empujar realmente, solamente en las dos primeras vueltas\u00bb. En estos momentos, antes de la carrera larga, la alegr\u00eda y la confianza en el garaje de Ducati estaba por las nubes, lo ve\u00edan muy cerca, aunque era dif\u00edcil.<\/p>\n<figure class=\"ue-c-article__media ue-c-article__media--image\">\n<div class=\"ue-c-article__media-img-container ue-l-article--expand-edge-right-until-tablet ue-l-article--expand-edge-left-until-tablet\"><picture><source type=\"image\/webp\" sizes=\"(min-width: 1010px) 660px, (min-width: 980px) calc(100vw - 350px), (min-width: 740px) calc(100vw - 320px), 100vw\" srcset=\"        https:\/\/e00-xlk-ue-marca.uecdn.es\/files\/article_360_widen_webp\/uploads\/2024\/12\/04\/17318697930614.webp 360w,        https:\/\/e00-xlk-ue-marca.uecdn.es\/files\/article_375_widen_webp\/uploads\/2024\/12\/04\/17318697930614.webp 375w,        https:\/\/e00-xlk-ue-marca.uecdn.es\/files\/article_414_widen_webp\/uploads\/2024\/12\/04\/17318697930614.webp 414w,        https:\/\/e00-xlk-ue-marca.uecdn.es\/files\/article_660_widen_webp\/uploads\/2024\/12\/04\/17318697930614.webp 660w,        https:\/\/e00-xlk-ue-marca.uecdn.es\/files\/article_720_widen_webp\/uploads\/2024\/12\/04\/17318697930614.webp 720w,        https:\/\/e00-xlk-ue-marca.uecdn.es\/files\/article_750_widen_webp\/uploads\/2024\/12\/04\/17318697930614.webp 750w,        https:\/\/e00-xlk-ue-marca.uecdn.es\/files\/article_828_widen_webp\/uploads\/2024\/12\/04\/17318697930614.webp 828w,        https:\/\/e00-xlk-ue-marca.uecdn.es\/files\/article_1320_widen_webp\/uploads\/2024\/12\/04\/17318697930614.webp 1320w\"><source type=\"image\/jpeg\" sizes=\"(min-width: 1010px) 660px, (min-width: 980px) calc(100vw - 350px), (min-width: 740px) calc(100vw - 320px), 100vw\" srcset=\"        https:\/\/e00-xlk-ue-marca.uecdn.es\/files\/article_360_widen\/uploads\/2024\/12\/04\/17318697930614.jpeg 360w,        https:\/\/e00-xlk-ue-marca.uecdn.es\/files\/article_375_widen\/uploads\/2024\/12\/04\/17318697930614.jpeg 375w,        https:\/\/e00-xlk-ue-marca.uecdn.es\/files\/article_414_widen\/uploads\/2024\/12\/04\/17318697930614.jpeg 414w,        https:\/\/e00-xlk-ue-marca.uecdn.es\/files\/article_660_widen\/uploads\/2024\/12\/04\/17318697930614.jpeg 660w,        https:\/\/e00-xlk-ue-marca.uecdn.es\/files\/article_720_widen\/uploads\/2024\/12\/04\/17318697930614.jpeg 720w,        https:\/\/e00-xlk-ue-marca.uecdn.es\/files\/article_750_widen\/uploads\/2024\/12\/04\/17318697930614.jpeg 750w,        https:\/\/e00-xlk-ue-marca.uecdn.es\/files\/article_828_widen\/uploads\/2024\/12\/04\/17318697930614.jpeg 828w,        https:\/\/e00-xlk-ue-marca.uecdn.es\/files\/article_1320_widen\/uploads\/2024\/12\/04\/17318697930614.jpeg 1320w\"><img loading=\"lazy\" decoding=\"async\" width=\"1980\" height=\"1320\" class=\"ue-c-article__image\" alt=\"Pecco Bagnaia aplaude a Jorge Mart\u00edn en el podio del GP de Barcelona\" src=\"https:\/\/e00-xlk-ue-marca.uecdn.es\/uploads\/2024\/12\/04\/17318697930614.jpeg\"\/><\/source><\/source><\/picture><\/div><figcaption class=\"ue-c-article__media-caption\"\/><\/figure>\n<h2 class=\"ue-c-article__subheadline\">El momento de la verdad<\/h2>\n<p data-mrf-recirculation=\"Links P\u00e1rrafos\">El domingo era lo \u00fanico que quedaba para conocer al nuevo campe\u00f3n del mundo de la categor\u00eda reina de motociclismo, en estos momentos Bagnaia empez\u00f3 a hacer c\u00e1lculos, pero hab\u00eda algo que era claro: ten\u00eda que ganar. El resultado final es conocido por todos, y no fue el que quer\u00edan en la firma italiana, pero <strong>Davide Tardozzi opt\u00f3 por llamar a la calma: \u00abEstoy tranquilo porque s\u00e9 el corredor que tenemos y s\u00e9 lo que podemos hacer. Estoy bastante seguro de que el n\u00famero &#8216;1&#8217; volver\u00e1\u00bb<\/strong>. Este a\u00f1o se lo ha llevado &#8216;Martinator&#8217;, que para colmo lo hace march\u00e1ndose a Aprilia.<\/p>\n<p data-mrf-recirculation=\"Links P\u00e1rrafos\">A pesar de su gran cantidad de victorias y su esfuerzo hasta el final, el bicampe\u00f3n se qued\u00f3 a las puertas esta vez. Tuvo que vivir la otra cara del deporte, a\u00f1os anteriores le hab\u00eda tocado ser el protagonista y ese d\u00eda ten\u00eda que ver como lo era Jorge, y se comportaba como un se\u00f1or. Desde su equipo valoraron esta forma de actuar de su p\u00fagil: \u00abUna cosa importante es no solo saber ganar, sino tambi\u00e9n saber perder c\u00f3mo tu lo hiciste. Bien hecho\u00bb. Finalmente, no consigui\u00f3 su tercera corona, pero vio como su amigo lo sigui\u00f3 y <strong>\u00e9l recibi\u00f3 el apoyo de todo su equipo tras una grand\u00edsima temporada en la que lo hab\u00eda dado todo, pero no hab\u00eda sido suficiente. <\/strong>En 2025, tanto Pecco como Marc M\u00e1rquez intentar\u00e1n traer de vuelta el n\u00famero &#8216;1&#8217; a Ducati.<\/p>\n<\/div>\n\n","protected":false},"excerpt":{"rendered":"<p>Hoy se cumple exactamente un mes desde la \u00faltima carrera del Mundial de MotoGP 2024. En Barcelona se puso el broche de oro a una gran temporada de motociclismo que tuvo como grandes protagonistas a Pecco Bagnaia y Jorge Mart\u00edn. Ambos llegaron a esta \u00faltima cita con opciones de alzarse con el t\u00edtulo, pero finalmente &hellip;<\/p>\n","protected":false},"author":1,"featured_media":7791,"comment_status":"open","ping_status":"open","sticky":false,"template":"","format":"standard","meta":{"fifu_image_url":"https:\/\/e00-xlk-ue-marca.uecdn.es\/files\/phantom_desktop_1200w\/uploads\/2024\/12\/23\/67691e8919ea1.jpeg","fifu_image_alt":"","footnotes":""},"categories":[6],"tags":[],"class_list":["post-7789","post","type-post","status-publish","format-standard","has-post-thumbnail","","category-deportes"],"_links":{"self":[{"href":"https:\/\/noticiasveraces.com\/index.php?rest_route=\/wp\/v2\/posts\/7789","targetHints":{"allow":["GET"]}}],"collection":[{"href":"https:\/\/noticiasveraces.com\/index.php?rest_route=\/wp\/v2\/posts"}],"about":[{"href":"https:\/\/noticiasveraces.com\/index.php?rest_route=\/wp\/v2\/types\/post"}],"author":[{"embeddable":true,"href":"https:\/\/noticiasveraces.com\/index.php?rest_route=\/wp\/v2\/users\/1"}],"replies":[{"embeddable":true,"href":"https:\/\/noticiasveraces.com\/index.php?rest_route=%2Fwp%2Fv2%2Fcomments&post=7789"}],"version-history":[{"count":0,"href":"https:\/\/noticiasveraces.com\/index.php?rest_route=\/wp\/v2\/posts\/7789\/revisions"}],"wp:featuredmedia":[{"embeddable":true,"href":"https:\/\/noticiasveraces.com\/index.php?rest_route=\/wp\/v2\/media\/7791"}],"wp:attachment":[{"href":"https:\/\/noticiasveraces.com\/index.php?rest_route=%2Fwp%2Fv2%2Fmedia&parent=7789"}],"wp:term":[{"taxonomy":"category","embeddable":true,"href":"https:\/\/noticiasveraces.com\/index.php?rest_route=%2Fwp%2Fv2%2Fcategories&post=7789"},{"taxonomy":"post_tag","embeddable":true,"href":"https:\/\/noticiasveraces.com\/index.php?rest_route=%2Fwp%2Fv2%2Ftags&post=7789"}],"curies":[{"name":"wp","href":"https:\/\/api.w.org\/{rel}","templated":true}]}}