{"id":7782,"date":"2024-12-25T07:00:26","date_gmt":"2024-12-25T11:00:26","guid":{"rendered":"https:\/\/noticiasveraces.com\/?p=7782"},"modified":"2024-12-25T07:00:26","modified_gmt":"2024-12-25T11:00:26","slug":"los-talibanes-acusan-a-pakistan-por-ataque-y-prometen-respuesta-dw-25-12-2024","status":"publish","type":"post","link":"https:\/\/noticiasveraces.com\/?p=7782","title":{"rendered":"Los talibanes acusan a Pakist\u00e1n por ataque y prometen respuesta \u2013 DW \u2013 25\/12\/2024"},"content":{"rendered":"<p> \n<\/p>\n<div>\n<p>Los bombardeos lanzados la madrugada de este mi\u00e9rcoles (25.12.2024) por las Fuerzas Armadas de Pakist\u00e1n en la provincia oriental afgana de Paktika dejaron al menos 46 personas muertas, la mayor\u00eda de ellas mujeres y ni\u00f1os, seg\u00fan inform\u00f3 el portavoz del gobierno talib\u00e1n de Afganist\u00e1n . Los pakistan\u00edes aseguraron haber bombardeado posiciones de grupos insurgentes.<\/p>\n<p>El ataque, que golpe\u00f3 cuatro puntos de Afganist\u00e1n, dej\u00f3 adem\u00e1s seis personas heridas, de acuerdo con Hamdullah Fitrat, vocero talib\u00e1n. \u00abAfganist\u00e1n considera este brutal acto una flagrante violaci\u00f3n de todos los principios internacionales y una clara acci\u00f3n agresiva&#8230; el Emirato Isl\u00e1mico no dejar\u00e1 sin respuesta este acto cobarde\u00bb, asegur\u00f3, en tanto, Enayatullah Khowrazmi, vocero del Ministerio de Defensa Nacional.<\/p>\n<p>Los vecinos comparten, adem\u00e1s de una extensa frontera, una tensi\u00f3n de larga data debido a que Pakist\u00e1n acusa a Afganist\u00e1n de ofrecer refugio a talibanes pakistan\u00edes que luego lanzan ataques contra territorio pakistan\u00ed. Ya en marzo, los talibanes afganos acusaron a Islamabad de un bombardeo que dej\u00f3 cinco muertos, todas mujeres y ni\u00f1os.<\/p>\n<p>La mayor\u00eda de los afectados por el ataque a\u00e9reo de este mi\u00e9rcoles fueron refugiados procedentes de la regi\u00f3n pakistan\u00ed de Wazirist\u00e1n, indicaron los talibanes.<\/p>\n<h2>Hubo reuni\u00f3n antes<\/h2>\n<p>Un funcionario de seguridad de Islamabad afirm\u00f3, bajo condici\u00f3n de anonimato, que el ataque tuvo como objetivo varios campamentos en la provincia afgana de Paktika del Tehreek-e-Taliban Pakistan (TTP), el principal grupo talib\u00e1n en Pakist\u00e1n y responsable de numerosos ataques las fuerzas de seguridad paquistan\u00edes.<\/p>\n<p>El bombardeo se produjo horas despu\u00e9s de que el representante especial de Pakist\u00e1n para Afganist\u00e1n, Mohammad Sadiq, se reuniera con el ministro de Asuntos Exteriores del Gobierno de facto de los talibanes en Afganist\u00e1n, Amir Khan Muttaqi, el ministro del Interior, Sirajuddin Haqqani, y otros altos funcionarios en Kabul.<\/p>\n<p>Las tensiones fronterizas entre los dos pa\u00edses han aumentado desde que el gobierno talib\u00e1n tom\u00f3 el poder en 2021 en Kabul.<\/p>\n<p>DZC (Reuters, EFE)<\/p>\n<\/div>\n\n","protected":false},"excerpt":{"rendered":"<p>Los bombardeos lanzados la madrugada de este mi\u00e9rcoles (25.12.2024) por las Fuerzas Armadas de Pakist\u00e1n en la provincia oriental afgana de Paktika dejaron al menos 46 personas muertas, la mayor\u00eda de ellas mujeres y ni\u00f1os, seg\u00fan inform\u00f3 el portavoz del gobierno talib\u00e1n de Afganist\u00e1n . Los pakistan\u00edes aseguraron haber bombardeado posiciones de grupos insurgentes. El &hellip;<\/p>\n","protected":false},"author":1,"featured_media":7783,"comment_status":"open","ping_status":"open","sticky":false,"template":"","format":"standard","meta":{"fifu_image_url":"https:\/\/static.dw.com\/image\/71157329_6.jpg","fifu_image_alt":"","footnotes":""},"categories":[13],"tags":[],"class_list":["post-7782","post","type-post","status-publish","format-standard","has-post-thumbnail","","category-mundo"],"_links":{"self":[{"href":"https:\/\/noticiasveraces.com\/index.php?rest_route=\/wp\/v2\/posts\/7782","targetHints":{"allow":["GET"]}}],"collection":[{"href":"https:\/\/noticiasveraces.com\/index.php?rest_route=\/wp\/v2\/posts"}],"about":[{"href":"https:\/\/noticiasveraces.com\/index.php?rest_route=\/wp\/v2\/types\/post"}],"author":[{"embeddable":true,"href":"https:\/\/noticiasveraces.com\/index.php?rest_route=\/wp\/v2\/users\/1"}],"replies":[{"embeddable":true,"href":"https:\/\/noticiasveraces.com\/index.php?rest_route=%2Fwp%2Fv2%2Fcomments&post=7782"}],"version-history":[{"count":0,"href":"https:\/\/noticiasveraces.com\/index.php?rest_route=\/wp\/v2\/posts\/7782\/revisions"}],"wp:featuredmedia":[{"embeddable":true,"href":"https:\/\/noticiasveraces.com\/index.php?rest_route=\/wp\/v2\/media\/7783"}],"wp:attachment":[{"href":"https:\/\/noticiasveraces.com\/index.php?rest_route=%2Fwp%2Fv2%2Fmedia&parent=7782"}],"wp:term":[{"taxonomy":"category","embeddable":true,"href":"https:\/\/noticiasveraces.com\/index.php?rest_route=%2Fwp%2Fv2%2Fcategories&post=7782"},{"taxonomy":"post_tag","embeddable":true,"href":"https:\/\/noticiasveraces.com\/index.php?rest_route=%2Fwp%2Fv2%2Ftags&post=7782"}],"curies":[{"name":"wp","href":"https:\/\/api.w.org\/{rel}","templated":true}]}}