{"id":7759,"date":"2024-12-25T02:45:12","date_gmt":"2024-12-25T06:45:12","guid":{"rendered":"https:\/\/noticiasveraces.com\/?p=7759"},"modified":"2024-12-25T02:45:12","modified_gmt":"2024-12-25T06:45:12","slug":"benjamin-netanyahu-de-israel-desea-una-feliz-navidad-a-los-cristianos-de-todo-el-mundo","status":"publish","type":"post","link":"https:\/\/noticiasveraces.com\/?p=7759","title":{"rendered":"Benjam\u00edn Netanyahu de Israel desea una feliz Navidad a los cristianos de todo el mundo"},"content":{"rendered":"<p> \n<\/p>\n<div>\n<p class=\"speakable\">El primer ministro israel\u00ed, Benjam\u00edn Netanyahu, dese\u00f3 a los cristianos de todo el mundo una feliz Navidad y agradeci\u00f3 a la comunidad cristiana por su apoyo en medio de los continuos conflictos del Estado jud\u00edo con los grupos terroristas.<\/p>\n<p class=\"speakable\">Netanyahu public\u00f3 un mensaje en v\u00eddeo en Nochebuena en su cuenta de la plataforma de redes sociales X.<\/p>\n<p>\u00abMis queridos amigos cristianos, mientras se re\u00fanen con sus familiares y amigos esta Navidad, deseo a la comunidad cristiana en Israel y en todo el mundo bendiciones para una Feliz Navidad desde Tierra Santa\u00bb, dijo.<\/p>\n<p><strong>NETANYAHU ADVIERTE A LOS HUT\u00cdES EN MEDIO DE LLAMADOS A ISRAEL PARA ELIMINAR EL LIDERAZGO TERRORISTA COMO LO HIZO CON NASRALLAH Y SINWAR<\/strong><\/p>\n<div class=\"image-ct inline\">\n<div class=\"m\"><picture><source media=\"(max-width: 767px)\" srcset=\"https:\/\/a57.foxnews.com\/static.foxnews.com\/foxnews.com\/content\/uploads\/2024\/07\/343\/192\/netanyahu.jpg?ve=1&amp;tl=1, https:\/\/a57.foxnews.com\/static.foxnews.com\/foxnews.com\/content\/uploads\/2024\/07\/686\/384\/netanyahu.jpg?ve=1&amp;tl=1 2x\" height=\"192\" width=\"343\"><source media=\"(min-width: 768px) and (max-width: 1023px)\" srcset=\"https:\/\/a57.foxnews.com\/static.foxnews.com\/foxnews.com\/content\/uploads\/2024\/07\/672\/378\/netanyahu.jpg?ve=1&amp;tl=1, https:\/\/a57.foxnews.com\/static.foxnews.com\/foxnews.com\/content\/uploads\/2024\/07\/1344\/756\/netanyahu.jpg?ve=1&amp;tl=1 2x\" height=\"378\" width=\"672\"><source media=\"(min-width: 1024px) and (max-width: 1279px)\" srcset=\"https:\/\/a57.foxnews.com\/static.foxnews.com\/foxnews.com\/content\/uploads\/2024\/07\/931\/523\/netanyahu.jpg?ve=1&amp;tl=1, https:\/\/a57.foxnews.com\/static.foxnews.com\/foxnews.com\/content\/uploads\/2024\/07\/1862\/1046\/netanyahu.jpg?ve=1&amp;tl=1 2x\" height=\"523\" width=\"931\"><source media=\"(min-width: 1280px)\" srcset=\"https:\/\/a57.foxnews.com\/static.foxnews.com\/foxnews.com\/content\/uploads\/2024\/07\/720\/405\/netanyahu.jpg?ve=1&amp;tl=1, https:\/\/a57.foxnews.com\/static.foxnews.com\/foxnews.com\/content\/uploads\/2024\/07\/1440\/810\/netanyahu.jpg?ve=1&amp;tl=1 2x\" height=\"405\" width=\"720\"><img loading=\"lazy\" decoding=\"async\" src=\"https:\/\/a57.foxnews.com\/static.foxnews.com\/foxnews.com\/content\/uploads\/2024\/07\/1200\/675\/netanyahu.jpg?ve=1&amp;tl=1\" alt=\"El primer ministro israel\u00ed, Benjam\u00edn Netanyahu\" width=\"1200\" height=\"675\"\/><\/source><\/source><\/source><\/source><\/picture><\/div>\n<div class=\"info\">\n<div class=\"caption\">\n<p><span>El primer ministro israel\u00ed, Benjamin Netanyahu, habla durante una reuni\u00f3n con Donald Trump en su finca de Mar-a-Lago, el viernes 26 de julio de 2024, en Palm Beach, Florida.<\/span> <span>(Foto AP\/Alex Brandon)<\/span><\/p>\n<\/div>\n<\/div>\n<\/div>\n<p>Esto se produce cuando las fuerzas israel\u00edes han estado involucradas en conflictos en curso contra grupos terroristas, incluidos Ham\u00e1s en Gaza y Hezbol\u00e1 en el L\u00edbano, tras el ataque sorpresa de Ham\u00e1s del 7 de octubre de 2023, que provoc\u00f3 represalias militares por parte de Israel.<\/p>\n<p>\u00abEn un momento en que Israel est\u00e1 luchando en siete frentes, apreciamos profundamente el firme apoyo de nuestros amigos cristianos en todo el mundo. Ustedes han estado a nuestro lado, han estado a nuestro lado de manera resistente, consistente y en\u00e9rgica mientras Israel defiende nuestra civilizaci\u00f3n contra la barbarie\u00bb, dijo Netanyahu.<\/p>\n<p><strong><u>ATAQUES A\u00c9REOS ISRAEL\u00cdES TIENEN OBJETIVO LA CAPITAL DE SANAA, CONTROLADA POR LOS HUTHI DE YEMEN, Y LA CIUDAD PORTUARIA DE HODEIDA<\/u><\/strong><\/p>\n<div class=\"image-ct inline\">\n<div class=\"m\"><picture><source media=\"(max-width: 767px)\" srcset=\"https:\/\/a57.foxnews.com\/static.foxnews.com\/foxnews.com\/content\/uploads\/2024\/09\/343\/192\/GettyImages-2169352575.jpg?ve=1&amp;tl=1, https:\/\/a57.foxnews.com\/static.foxnews.com\/foxnews.com\/content\/uploads\/2024\/09\/686\/384\/GettyImages-2169352575.jpg?ve=1&amp;tl=1 2x\" height=\"192\" width=\"343\"><source media=\"(min-width: 768px) and (max-width: 1023px)\" srcset=\"https:\/\/a57.foxnews.com\/static.foxnews.com\/foxnews.com\/content\/uploads\/2024\/09\/672\/378\/GettyImages-2169352575.jpg?ve=1&amp;tl=1, https:\/\/a57.foxnews.com\/static.foxnews.com\/foxnews.com\/content\/uploads\/2024\/09\/1344\/756\/GettyImages-2169352575.jpg?ve=1&amp;tl=1 2x\" height=\"378\" width=\"672\"><source media=\"(min-width: 1024px) and (max-width: 1279px)\" srcset=\"https:\/\/a57.foxnews.com\/static.foxnews.com\/foxnews.com\/content\/uploads\/2024\/09\/931\/523\/GettyImages-2169352575.jpg?ve=1&amp;tl=1, https:\/\/a57.foxnews.com\/static.foxnews.com\/foxnews.com\/content\/uploads\/2024\/09\/1862\/1046\/GettyImages-2169352575.jpg?ve=1&amp;tl=1 2x\" height=\"523\" width=\"931\"><source media=\"(min-width: 1280px)\" srcset=\"https:\/\/a57.foxnews.com\/static.foxnews.com\/foxnews.com\/content\/uploads\/2024\/09\/720\/405\/GettyImages-2169352575.jpg?ve=1&amp;tl=1, https:\/\/a57.foxnews.com\/static.foxnews.com\/foxnews.com\/content\/uploads\/2024\/09\/1440\/810\/GettyImages-2169352575.jpg?ve=1&amp;tl=1 2x\" height=\"405\" width=\"720\"><img loading=\"lazy\" decoding=\"async\" src=\"https:\/\/a57.foxnews.com\/static.foxnews.com\/foxnews.com\/content\/uploads\/2024\/09\/1200\/675\/GettyImages-2169352575.jpg?ve=1&amp;tl=1\" alt=\"Netanyahu en conferencia de prensa\" width=\"1200\" height=\"675\"\/><\/source><\/source><\/source><\/source><\/picture><\/div>\n<div class=\"info\">\n<div class=\"caption\">\n<p><span>El primer ministro israel\u00ed, Benjamin Netanyahu, habla durante una conferencia de prensa en Jerusal\u00e9n el 2 de septiembre de 2024. <\/span> <span>(OHAD ZWIGENBERG\/POOL\/AFP v\u00eda Getty Images)<\/span><\/p>\n<\/div>\n<\/div>\n<\/div>\n<p>\u00abEl pueblo de Israel est\u00e1 unido para defender nuestra naci\u00f3n contra aquellos empe\u00f1ados en nuestra destrucci\u00f3n\u00bb, continu\u00f3. \u00abBuscamos la paz con todos aquellos que desean la paz con nosotros, pero haremos todo lo que sea necesario para defender el \u00fanico Estado jud\u00edo, el dep\u00f3sito y la fuente de nuestra herencia com\u00fan\u00bb.<\/p>\n<p>Hay m\u00e1s de 180.000 cristianos que viven en Israel, lo que representa aproximadamente el 1,8% de la poblaci\u00f3n del pa\u00eds de m\u00e1s de 9,9 millones de personas, seg\u00fan la Oficina Central de Estad\u00edsticas de Israel.<\/p>\n<div class=\"image-ct inline\">\n<div class=\"m\"><picture><source media=\"(max-width: 767px)\" srcset=\"https:\/\/a57.foxnews.com\/static.foxnews.com\/foxnews.com\/content\/uploads\/2024\/08\/343\/192\/GettyImages-2163507044.jpg?ve=1&amp;tl=1, https:\/\/a57.foxnews.com\/static.foxnews.com\/foxnews.com\/content\/uploads\/2024\/08\/686\/384\/GettyImages-2163507044.jpg?ve=1&amp;tl=1 2x\" height=\"192\" width=\"343\"><source media=\"(min-width: 768px) and (max-width: 1023px)\" srcset=\"https:\/\/a57.foxnews.com\/static.foxnews.com\/foxnews.com\/content\/uploads\/2024\/08\/672\/378\/GettyImages-2163507044.jpg?ve=1&amp;tl=1, https:\/\/a57.foxnews.com\/static.foxnews.com\/foxnews.com\/content\/uploads\/2024\/08\/1344\/756\/GettyImages-2163507044.jpg?ve=1&amp;tl=1 2x\" height=\"378\" width=\"672\"><source media=\"(min-width: 1024px) and (max-width: 1279px)\" srcset=\"https:\/\/a57.foxnews.com\/static.foxnews.com\/foxnews.com\/content\/uploads\/2024\/08\/931\/523\/GettyImages-2163507044.jpg?ve=1&amp;tl=1, https:\/\/a57.foxnews.com\/static.foxnews.com\/foxnews.com\/content\/uploads\/2024\/08\/1862\/1046\/GettyImages-2163507044.jpg?ve=1&amp;tl=1 2x\" height=\"523\" width=\"931\"><source media=\"(min-width: 1280px)\" srcset=\"https:\/\/a57.foxnews.com\/static.foxnews.com\/foxnews.com\/content\/uploads\/2024\/08\/720\/405\/GettyImages-2163507044.jpg?ve=1&amp;tl=1, https:\/\/a57.foxnews.com\/static.foxnews.com\/foxnews.com\/content\/uploads\/2024\/08\/1440\/810\/GettyImages-2163507044.jpg?ve=1&amp;tl=1 2x\" height=\"405\" width=\"720\"><img loading=\"lazy\" decoding=\"async\" src=\"https:\/\/a57.foxnews.com\/static.foxnews.com\/foxnews.com\/content\/uploads\/2024\/08\/1200\/675\/GettyImages-2163507044.jpg?ve=1&amp;tl=1\" alt=\"Netanyahu habla ante el Congreso de EE.UU.\" width=\"1200\" height=\"675\"\/><\/source><\/source><\/source><\/source><\/picture><\/div>\n<div class=\"info\">\n<div class=\"caption\">\n<p><span>El primer ministro israel\u00ed, Benjam\u00edn Netanyahu, dese\u00f3 a los cristianos de todo el mundo una feliz Navidad.<\/span> <span>(Kent Nishimura\/Getty Images)<\/span><\/p>\n<\/div>\n<\/div>\n<\/div>\n<p><strong><u>HAGA CLIC AQU\u00cd PARA OBTENER LA APLICACI\u00d3N FOX NEWS<\/u><\/strong><\/p>\n<p>La poblaci\u00f3n cristiana creci\u00f3 un 0,6% el a\u00f1o pasado.<\/p>\n<p>\u00abIsrael lidera el mundo en la lucha contra las fuerzas del mal y la tiran\u00eda, pero nuestra batalla a\u00fan no ha terminado\u00bb, afirm\u00f3 el primer ministro. \u00abCon vuestro apoyo y la ayuda de Dios, os aseguro que venceremos. Desde Jerusal\u00e9n, ciudad de paz, os deseo una Feliz Navidad y un Pr\u00f3spero A\u00f1o Nuevo\u00bb.<\/p>\n<p> <!----> <\/div>\n\n","protected":false},"excerpt":{"rendered":"<p>El primer ministro israel\u00ed, Benjam\u00edn Netanyahu, dese\u00f3 a los cristianos de todo el mundo una feliz Navidad y agradeci\u00f3 a la comunidad cristiana por su apoyo en medio de los continuos conflictos del Estado jud\u00edo con los grupos terroristas. Netanyahu public\u00f3 un mensaje en v\u00eddeo en Nochebuena en su cuenta de la plataforma de redes &hellip;<\/p>\n","protected":false},"author":1,"featured_media":7761,"comment_status":"open","ping_status":"open","sticky":false,"template":"","format":"standard","meta":{"fifu_image_url":"https:\/\/static.foxnews.com\/foxnews.com\/content\/uploads\/2024\/07\/netanyahu.jpg","fifu_image_alt":"","footnotes":""},"categories":[13],"tags":[],"class_list":["post-7759","post","type-post","status-publish","format-standard","has-post-thumbnail","","category-mundo"],"_links":{"self":[{"href":"https:\/\/noticiasveraces.com\/index.php?rest_route=\/wp\/v2\/posts\/7759","targetHints":{"allow":["GET"]}}],"collection":[{"href":"https:\/\/noticiasveraces.com\/index.php?rest_route=\/wp\/v2\/posts"}],"about":[{"href":"https:\/\/noticiasveraces.com\/index.php?rest_route=\/wp\/v2\/types\/post"}],"author":[{"embeddable":true,"href":"https:\/\/noticiasveraces.com\/index.php?rest_route=\/wp\/v2\/users\/1"}],"replies":[{"embeddable":true,"href":"https:\/\/noticiasveraces.com\/index.php?rest_route=%2Fwp%2Fv2%2Fcomments&post=7759"}],"version-history":[{"count":0,"href":"https:\/\/noticiasveraces.com\/index.php?rest_route=\/wp\/v2\/posts\/7759\/revisions"}],"wp:featuredmedia":[{"embeddable":true,"href":"https:\/\/noticiasveraces.com\/index.php?rest_route=\/wp\/v2\/media\/7761"}],"wp:attachment":[{"href":"https:\/\/noticiasveraces.com\/index.php?rest_route=%2Fwp%2Fv2%2Fmedia&parent=7759"}],"wp:term":[{"taxonomy":"category","embeddable":true,"href":"https:\/\/noticiasveraces.com\/index.php?rest_route=%2Fwp%2Fv2%2Fcategories&post=7759"},{"taxonomy":"post_tag","embeddable":true,"href":"https:\/\/noticiasveraces.com\/index.php?rest_route=%2Fwp%2Fv2%2Ftags&post=7759"}],"curies":[{"name":"wp","href":"https:\/\/api.w.org\/{rel}","templated":true}]}}