{"id":7756,"date":"2024-12-25T02:10:10","date_gmt":"2024-12-25T06:10:10","guid":{"rendered":"https:\/\/noticiasveraces.com\/?p=7756"},"modified":"2024-12-25T02:10:10","modified_gmt":"2024-12-25T06:10:10","slug":"hemos-vuelto-a-sentir-que-se-ha-recuperado-el-espiritu-del-2010","status":"publish","type":"post","link":"https:\/\/noticiasveraces.com\/?p=7756","title":{"rendered":"\u00abHemos vuelto a sentir que se ha recuperado el esp\u00edritu del 2010\u00bb"},"content":{"rendered":"<p> \n<\/p>\n<div id=\"intext\">\n<p><b>luis de la fuente<\/b>seleccionador espa\u00f1ol de f\u00fatbol, \u200b\u200bha hecho balance del \u00faltimo a\u00f1o, un 2024 en el que el f\u00fatbol espa\u00f1ol <b>reino de forma brillante<\/b> en la Eurocopa de Alemania. El equipo espa\u00f1ol se convirti\u00f3 en la primera selecci\u00f3n en conquistar el torneo, cuarto de su historia tras la de 1964, 2008 y 2012, ganando todos los partidos y superando a <b>italia<\/b>, <b>croacia<\/b>, <b>alemania<\/b>, <b>francia<\/b> mi <b>inglaterra<\/b>.<\/p>\n<p>\u00ab<b>Hemos vuelto a sentir que se ha recuperado el esp\u00edritu del 2010, que nos sac\u00f3 a todo el mundo a la calle.<\/b>. Y eso es de lo que yo me siento m\u00e1s orgulloso, de ver a la gente feliz disfrutando con un objetivo com\u00fan y un ideal com\u00fan\u00bb, indic\u00f3 Luis de la Fuente en declaraciones facilitadas por la Real Federaci\u00f3n Espa\u00f1ola de F\u00fatbol (RFEF)<\/p>\n<p>\u00ab<b>Objetivamente, el 2024 es dif\u00edcil de mejorar<\/b>. Estamos felices de que se haya producido de la manera que se ha producido, de los \u00e9xitos que se han obtenido, del hito hist\u00f3rico de ganar todos los partidos en la Eurocopa, de jugar un muy buen f\u00fatbol, \u200b\u200bde dar sensaci\u00f3n de equipo. No solo los futbolistas, que son los principales protagonistas y art\u00edfices de este \u00e9xito, pero por supuesto. <b>siempre bien acompa\u00f1ados por un cuerpo t\u00e9cnico fant\u00e1stico y por los trabajadores de la federaci\u00f3n<\/b>\u00ab, explica el t\u00e9cnico riojano.<\/p>\n<p>\u00abEntre todos conformamos una gran familia en Alemania e<b> Hicimos que los objetivos se estuvieran cumpliendo paso a paso.<\/b>d\u00e1ndonos cuenta de que se pod\u00eda conseguir. Esa es la verdadera sensaci\u00f3n de orgullo, poder decir que ha dirigido a un grupo de profesionales y personas maravillosas\u201d, reconoci\u00f3 Luis de la Fuente.<\/p>\n<h2 class=\"title-h2\">\u00abDe reojo todos miramos al Mundial y estamos pendientes de esa gran cita\u00bb<\/h2>\n<p>El seleccionador nacional tambi\u00e9n quiso destacar la <b>Liga de las Naciones <\/b>conquistada en 2023.<\/p>\n<p>\u00abF<b>ue el germen de todo lo que se est\u00e1 consiguiendo actualmente, <\/b>lo que nos puso en el escaparate medi\u00e1tico internacional como una selecci\u00f3n potente ante una competici\u00f3n tan dif\u00edcil como la Eurocopa. De ah\u00ed la importancia de ese hito que se consigui\u00f3 y la posibilidad de ser la primera selecci\u00f3n en la historia que gan\u00f3 por segunda vez y consecutivamente este t\u00edtulo\u00bb.<\/p>\n<p>Por \u00faltimo, Luis de la Fuente admiti\u00f3 que su mente est\u00e1 en el Mundial de 2026.<\/p>\n<p>\u00abDe reojo todos miramos al Mundial y estamos pendientes de esa gran cita, la m\u00e1s importante del f\u00fatbol. Pero creo qu<b>e para llegar bien al Mundial primero hay que completar un recorrido<\/b>. Y de eso se trata ahora, de seguir consolidando nuestra idea, nuestro proyecto. Los que conocemos el f\u00fatbol espa\u00f1ol sabemos que goza de una magn\u00edfica salud, no solo porque vemos que los jugadores m\u00e1s veteranos hacen sus carreras cada vez m\u00e1s longevas sino porque la gente joven cada d\u00eda llega m\u00e1s pronto a la \u00e9lite. <b>El futbolista espa\u00f1ol no falla nunca porque en mi opini\u00f3n son los mejores jugadores del mundo y solo necesitan la oportunidad para demostrarlo.<\/b>\u00ab, concluye Luis de la Fuente.<\/p>\n<p><i>S\u00edguenos en nuestro canal de WhatsApp y no te pierdas la \u00faltima hora y toda la actualidad de antena3noticias.com<\/i><\/p>\n<div class=\"recirculation-video\" data-mod=\"a3mod_recirculation_video\">\n<div class=\"recirculation-video-wrapper\">\n<div>\n<div class=\"video-wrapper\">\n  <picture class=\"video-main-picture\"><source media=\"(min-width: 481px)\" srcset=\"https:\/\/fotografias.antena3.com\/clipping\/cmsimages01\/2024\/12\/24\/8E28A52A-5850-465C-B810-CBF6E93FD8E1\/euken-alberdi-ejecuta-backflip-maniobra-prohibida-hace-poco-competiciones-patinaje-hielo_94.jpg?crop=423,238,x1,y0&amp;width=800&amp;height=450&amp;optimize=medium&amp;format=webply\" width=\"800\" height=\"450\"><source media=\"(min-width: 391px) and (max-width: 480px)\" srcset=\"https:\/\/fotografias.antena3.com\/clipping\/cmsimages01\/2024\/12\/24\/8E28A52A-5850-465C-B810-CBF6E93FD8E1\/euken-alberdi-ejecuta-backflip-maniobra-prohibida-hace-poco-competiciones-patinaje-hielo_70.jpg?crop=423,238,x1,y0&amp;width=480&amp;height=270&amp;optimize=high&amp;format=webply\" width=\"480\" height=\"270\"><source media=\"(min-width: 321px) and (max-width: 390px)\" srcset=\"https:\/\/fotografias.antena3.com\/clipping\/cmsimages01\/2024\/12\/24\/8E28A52A-5850-465C-B810-CBF6E93FD8E1\/euken-alberdi-ejecuta-backflip-maniobra-prohibida-hace-poco-competiciones-patinaje-hielo_92.jpg?crop=424,238,x1,y0&amp;width=390&amp;height=219&amp;optimize=high&amp;format=webply\" width=\"390\" height=\"219\"><source media=\"(max-width: 320px)\" srcset=\"https:\/\/fotografias.antena3.com\/clipping\/cmsimages01\/2024\/12\/24\/8E28A52A-5850-465C-B810-CBF6E93FD8E1\/euken-alberdi-ejecuta-backflip-maniobra-prohibida-hace-poco-competiciones-patinaje-hielo_52.jpg?crop=423,238,x1,y0&amp;width=320&amp;height=180&amp;optimize=high&amp;format=webply\" width=\"320\" height=\"180\"><img decoding=\"async\" title=\"Euken Alberdi ejecuta el backflip, una maniobra prohibida hasta hace poco en las competiciones de patinaje sobre hielo\" alt=\"Euken Alberdi ejecuta el backflip, una maniobra prohibida hasta hace poco en las competiciones de patinaje sobre hielo\" width=\"480\" height=\"270\" src=\"https:\/\/fotografias.antena3.com\/clipping\/cmsimages01\/2024\/12\/24\/8E28A52A-5850-465C-B810-CBF6E93FD8E1\/euken-alberdi-ejecuta-backflip-maniobra-prohibida-hace-poco-competiciones-patinaje-hielo_70.jpg?crop=423,238,x1,y0&amp;width=480&amp;height=270&amp;optimize=high&amp;format=webply\" loading=\"lazy\" class=\"lazy\"\/><br \/>\n  <\/source><\/source><\/source><\/source><\/picture>\n <\/div>\n<\/div><\/div>\n<\/p><\/div>\n<\/div>\n\n","protected":false},"excerpt":{"rendered":"<p>luis de la fuenteseleccionador espa\u00f1ol de f\u00fatbol, \u200b\u200bha hecho balance del \u00faltimo a\u00f1o, un 2024 en el que el f\u00fatbol espa\u00f1ol reino de forma brillante en la Eurocopa de Alemania. El equipo espa\u00f1ol se convirti\u00f3 en la primera selecci\u00f3n en conquistar el torneo, cuarto de su historia tras la de 1964, 2008 y 2012, ganando &hellip;<\/p>\n","protected":false},"author":1,"featured_media":7758,"comment_status":"open","ping_status":"open","sticky":false,"template":"","format":"standard","meta":{"fifu_image_url":"https:\/\/fotografias.antena3.com\/clipping\/cmsimages01\/2024\/12\/24\/49903171-118F-4C16-A78D-021A01FADC1B\/luis-fuente-hemos-vuelto-sentir-que-recuperado-espiritu-2010_69.jpg?crop=640,360,x0,y0&width=1280&height=720&optimize=low&format=jpg","fifu_image_alt":"","footnotes":""},"categories":[6],"tags":[],"class_list":["post-7756","post","type-post","status-publish","format-standard","has-post-thumbnail","","category-deportes"],"_links":{"self":[{"href":"https:\/\/noticiasveraces.com\/index.php?rest_route=\/wp\/v2\/posts\/7756","targetHints":{"allow":["GET"]}}],"collection":[{"href":"https:\/\/noticiasveraces.com\/index.php?rest_route=\/wp\/v2\/posts"}],"about":[{"href":"https:\/\/noticiasveraces.com\/index.php?rest_route=\/wp\/v2\/types\/post"}],"author":[{"embeddable":true,"href":"https:\/\/noticiasveraces.com\/index.php?rest_route=\/wp\/v2\/users\/1"}],"replies":[{"embeddable":true,"href":"https:\/\/noticiasveraces.com\/index.php?rest_route=%2Fwp%2Fv2%2Fcomments&post=7756"}],"version-history":[{"count":0,"href":"https:\/\/noticiasveraces.com\/index.php?rest_route=\/wp\/v2\/posts\/7756\/revisions"}],"wp:featuredmedia":[{"embeddable":true,"href":"https:\/\/noticiasveraces.com\/index.php?rest_route=\/wp\/v2\/media\/7758"}],"wp:attachment":[{"href":"https:\/\/noticiasveraces.com\/index.php?rest_route=%2Fwp%2Fv2%2Fmedia&parent=7756"}],"wp:term":[{"taxonomy":"category","embeddable":true,"href":"https:\/\/noticiasveraces.com\/index.php?rest_route=%2Fwp%2Fv2%2Fcategories&post=7756"},{"taxonomy":"post_tag","embeddable":true,"href":"https:\/\/noticiasveraces.com\/index.php?rest_route=%2Fwp%2Fv2%2Ftags&post=7756"}],"curies":[{"name":"wp","href":"https:\/\/api.w.org\/{rel}","templated":true}]}}