{"id":7726,"date":"2024-12-24T20:25:14","date_gmt":"2024-12-25T00:25:14","guid":{"rendered":"https:\/\/noticiasveraces.com\/?p=7726"},"modified":"2024-12-24T20:25:14","modified_gmt":"2024-12-25T00:25:14","slug":"grupos-armados-sirios-acuerdan-su-disolucion-dw-24-12-2024","status":"publish","type":"post","link":"https:\/\/noticiasveraces.com\/?p=7726","title":{"rendered":"Grupos armados sirios acuerdan su disoluci\u00f3n \u2013 DW \u2013 24\/12\/2024"},"content":{"rendered":"<p> \n<\/p>\n<div>\n<p>Las nuevas autoridades de Siria anunciaron este martes (24.12.2024) que llegaron a un acuerdo con \u00abtodos los grupos armados\u00bb para su disoluci\u00f3n y su integraci\u00f3n bajo el mando del Ministerio de Defensa. El pacto se alcanz\u00f3 durante una reuni\u00f3n entre los l\u00edderes de las distintas facciones armadas y el nuevo l\u00edder sirio, Ahmed al Sharaa, de acuerdo con la agencia estatal SANA.<\/p>\n<p>Al Sharaa, quien gobierna de facto el pa\u00eds tras la ca\u00edda del r\u00e9gimen de Bashar al Asad, hab\u00eda indicado el domingo que no permitir\u00eda \u00aben absoluto\u00bb que las \u00abarmas escapen al control del Estado\u00bb. Durante una rueda de prensa, dijo que esta decisi\u00f3n se aplicar\u00eda tambi\u00e9n a las \u00abfacciones presentes en la zona de las Fuerzas Democr\u00e1ticas Sirias\u00bb dominadas por los kurdos.<\/p>\n<p>Las fotos publicadas por SANA y la cuenta de Telegram de las autoridades muestran a Al Sharaa rodeado de los jefes de varias facciones armadas, aunque no est\u00e1n presentes los representantes de las fuerzas dirigidas por los kurdos en el noreste del pa\u00eds. Las unidades kurdas combaten en estos momentos paralelamente a remanentes del Estado Isl\u00e1mico y milicias apoyadas por Turqu\u00eda.<\/p>\n<h2>pa\u00eds dividido<\/h2>\n<p>Una alianza de grupos rebeldes, liderada por los islamistas Hayat Tahrir al Sham (HTS), tom\u00f3 el poder en Damasco el 8 de diciembre tras una fulgurante ofensiva. Su llegada a la capital puso fin a m\u00e1s de dos d\u00e9cadas de poder de Al Asad, quien gobern\u00f3 el pa\u00eds con pu\u00f1o de hierro. Al Sharaa, cuyo antiguo nombre de guerra era Abu Mohamed Al Jolani, era el jefe militar de HTS.<\/p>\n<p>El actual l\u00edder del grupo islamista, Murhaf Abu Qasra, afirm\u00f3 la semana pasada a la AFP que \u00abla pr\u00f3xima etapa\u00bb iba a ser la disoluci\u00f3n de las facciones armadas para incluirlas en una futura instituci\u00f3n militar. El representante militar afirm\u00f3 que el nuevo poder buscar\u00e1 ampliar su autoridad en las zonas del noreste del pa\u00eds controladas por una administraci\u00f3n semiaut\u00f3noma kurda.<\/p>\n<p>Siria fue escenario de una guerra que comenz\u00f3 en 2011 y dej\u00f3 m\u00e1s de medio mill\u00f3n de muertos. El conflicto fragment\u00f3 el territorio en zonas de influencia controladas por distintos beligerantes respaldados por potencias regionales e internacionales.<\/p>\n<p>DZC (AFP, dpa)<\/p>\n<\/div>\n\n","protected":false},"excerpt":{"rendered":"<p>Las nuevas autoridades de Siria anunciaron este martes (24.12.2024) que llegaron a un acuerdo con \u00abtodos los grupos armados\u00bb para su disoluci\u00f3n y su integraci\u00f3n bajo el mando del Ministerio de Defensa. El pacto se alcanz\u00f3 durante una reuni\u00f3n entre los l\u00edderes de las distintas facciones armadas y el nuevo l\u00edder sirio, Ahmed al Sharaa, &hellip;<\/p>\n","protected":false},"author":1,"featured_media":7727,"comment_status":"open","ping_status":"open","sticky":false,"template":"","format":"standard","meta":{"fifu_image_url":"https:\/\/static.dw.com\/image\/71153668_6.jpg","fifu_image_alt":"","footnotes":""},"categories":[13],"tags":[],"class_list":["post-7726","post","type-post","status-publish","format-standard","has-post-thumbnail","","category-mundo"],"_links":{"self":[{"href":"https:\/\/noticiasveraces.com\/index.php?rest_route=\/wp\/v2\/posts\/7726","targetHints":{"allow":["GET"]}}],"collection":[{"href":"https:\/\/noticiasveraces.com\/index.php?rest_route=\/wp\/v2\/posts"}],"about":[{"href":"https:\/\/noticiasveraces.com\/index.php?rest_route=\/wp\/v2\/types\/post"}],"author":[{"embeddable":true,"href":"https:\/\/noticiasveraces.com\/index.php?rest_route=\/wp\/v2\/users\/1"}],"replies":[{"embeddable":true,"href":"https:\/\/noticiasveraces.com\/index.php?rest_route=%2Fwp%2Fv2%2Fcomments&post=7726"}],"version-history":[{"count":0,"href":"https:\/\/noticiasveraces.com\/index.php?rest_route=\/wp\/v2\/posts\/7726\/revisions"}],"wp:featuredmedia":[{"embeddable":true,"href":"https:\/\/noticiasveraces.com\/index.php?rest_route=\/wp\/v2\/media\/7727"}],"wp:attachment":[{"href":"https:\/\/noticiasveraces.com\/index.php?rest_route=%2Fwp%2Fv2%2Fmedia&parent=7726"}],"wp:term":[{"taxonomy":"category","embeddable":true,"href":"https:\/\/noticiasveraces.com\/index.php?rest_route=%2Fwp%2Fv2%2Fcategories&post=7726"},{"taxonomy":"post_tag","embeddable":true,"href":"https:\/\/noticiasveraces.com\/index.php?rest_route=%2Fwp%2Fv2%2Ftags&post=7726"}],"curies":[{"name":"wp","href":"https:\/\/api.w.org\/{rel}","templated":true}]}}