{"id":7723,"date":"2024-12-24T20:05:11","date_gmt":"2024-12-25T00:05:11","guid":{"rendered":"https:\/\/noticiasveraces.com\/?p=7723"},"modified":"2024-12-24T20:05:11","modified_gmt":"2024-12-25T00:05:11","slug":"muere-la-snowboarder-sophie-hediger-a-los-26-anos-en-una-avalancha-en-suiza","status":"publish","type":"post","link":"https:\/\/noticiasveraces.com\/?p=7723","title":{"rendered":"Muere la snowboarder Sophie Hediger a los 26 a\u00f1os en una avalancha en Suiza"},"content":{"rendered":"<p> \n<\/p>\n<div id=\"intext\">\n<p>Luto en el mundo del snowboard y en Suiza tras confirmase la muerte de <b>Sophie Hediger<\/b>un integrante del equipo nacional de snowboard cross de Suiza, a los 26 a\u00f1os. La joven snowboarder muri\u00f3 el lunes 23 de diciembre tras quedar atrapada en una a<b>valancha en la estaci\u00f3n de monta\u00f1a de Arosa<\/b>en el este del pa\u00eds helv\u00e9tico, seg\u00fan ha informado este martes la federaci\u00f3n suiza de esqu\u00ed.<\/p>\n<p>\u00abSophie Hediger, miembro del equipo nacional de snowboard cross,<b> falleci\u00f3 el lunes en un accidente por avalancha en Arosa con s\u00f3lo 26 a\u00f1os<\/b>\u00ab, indica la federaci\u00f3n suiza de esqu\u00ed en un comunicado.<\/p>\n<p>\u00ab<b>Estamos sin palabras y nuestros pensamientos est\u00e1n con la familia de Sophie.<\/b>a la que expresamos nuestro m\u00e1s sentido p\u00e9same\u00bb, afirm\u00f3 <b>Walter Reusser<\/b>director deportivo de <b>Esqu\u00ed suizo<\/b>en dicho comunicado emitido por Swiss-Ski.<\/p>\n<p>La federaci\u00f3n suiza de esqu\u00ed recuerda que <b>Sophie Hediger \u00abcreci\u00f3 en Horgen y pas\u00f3 mucho tiempo en Arosa\u00bb<\/b>. \u00abAll\u00ed, su vida de freeride, un querido hobby, tuvo un final tr\u00e1gico, arrepentido y demasiado prematuro\u00bb, lamenta Swiss-Ski.<\/p>\n<h2 class=\"title-h2\">\u00abPara la familia Swiss Ski, la \u00e9poca navide\u00f1a se ha convertido en una sombra oscura\u00bb<\/h2>\n<p>Sophie Hediger consigui\u00f3 sus dos primeros podios en la <b>copa del mundo <\/b>en la temporada 2023-24 y finaliz\u00f3 segundo en el ensayo principal del Campeonato del Mundo en St. Moritz.<\/p>\n<p>\u00abGanar una medalla en el Campeonato Mundial de Engadina, que se celebrar\u00e1 en casa el pr\u00f3ximo mes de marzo, era uno de sus sue\u00f1os deportivos. <b>Pudo cumplir otro objetivo al participar en los Juegos Ol\u00edmpicos de 2022 en China<\/b>\u00ab, detalla el esqu\u00ed suizo.<\/p>\n<p>\u00abPara la familia Swiss Ski, la \u00e9poca navide\u00f1a se ha convertido en una sombra oscura con la tr\u00e1gica muerte de Sophie Hediger. Estamos incre\u00edblemente tristes. Honraremos la memoria de Sophie\u00bb, asegura Walter Reusser.<\/p>\n<p>La federaci\u00f3n suiza de esqu\u00ed ha informado que <b>No ofrecer\u00e1 m\u00e1s detalles sobre la muerte de Sophie Hediger. <\/b>y <b>solicita respetar la privacidad de la joven snowboarder y su familia<\/b>.<\/p>\n<p>\u00abTras consultar con la afligida familia y su compa\u00f1ero de vida, Swiss-Ski no proporcionar\u00e1 m\u00e1s informaci\u00f3n sobre el fallecimiento de Sophie Hediger y pide que se respete la privacidad de los dolientes\u00bb, concluye el comunicado de Swiss-Ski.<\/p>\n<p><i>>S\u00edguenos en nuestro canal de WhatsApp y no te pierdas la \u00faltima hora y toda la actualidad de antena3noticias.com<\/i><\/p>\n<div class=\"recirculation-video\" data-mod=\"a3mod_recirculation_video\">\n<div class=\"recirculation-video-wrapper\">\n<div>\n<div class=\"video-wrapper\">\n  <picture class=\"video-main-picture\"><source media=\"(min-width: 481px)\" srcset=\"https:\/\/fotografias.antena3.com\/clipping\/cmsimages01\/2024\/12\/24\/15208DA7-F676-494A-97DE-3B05E9E7F89A\/florentino-perez-presidente-real-madrid_94.jpg?crop=4930,2773,x0,y0&amp;width=800&amp;height=450&amp;optimize=medium&amp;format=webply\" width=\"800\" height=\"450\"><source media=\"(min-width: 391px) and (max-width: 480px)\" srcset=\"https:\/\/fotografias.antena3.com\/clipping\/cmsimages01\/2024\/12\/24\/15208DA7-F676-494A-97DE-3B05E9E7F89A\/florentino-perez-presidente-real-madrid_70.jpg?crop=4930,2773,x0,y0&amp;width=480&amp;height=270&amp;optimize=high&amp;format=webply\" width=\"480\" height=\"270\"><source media=\"(min-width: 321px) and (max-width: 390px)\" srcset=\"https:\/\/fotografias.antena3.com\/clipping\/cmsimages01\/2024\/12\/24\/15208DA7-F676-494A-97DE-3B05E9E7F89A\/florentino-perez-presidente-real-madrid_92.jpg?crop=4930,2768,x0,y0&amp;width=390&amp;height=219&amp;optimize=high&amp;format=webply\" width=\"390\" height=\"219\"><source media=\"(max-width: 320px)\" srcset=\"https:\/\/fotografias.antena3.com\/clipping\/cmsimages01\/2024\/12\/24\/15208DA7-F676-494A-97DE-3B05E9E7F89A\/florentino-perez-presidente-real-madrid_52.jpg?crop=4930,2773,x0,y0&amp;width=320&amp;height=180&amp;optimize=high&amp;format=webply\" width=\"320\" height=\"180\"><img decoding=\"async\" title=\"Florentino P\u00e9rez, presidente del Real Madrid\" alt=\"Florentino P\u00e9rez, presidente del Real Madrid\" width=\"480\" height=\"270\" src=\"https:\/\/fotografias.antena3.com\/clipping\/cmsimages01\/2024\/12\/24\/15208DA7-F676-494A-97DE-3B05E9E7F89A\/florentino-perez-presidente-real-madrid_70.jpg?crop=4930,2773,x0,y0&amp;width=480&amp;height=270&amp;optimize=high&amp;format=webply\" loading=\"lazy\" class=\"lazy\"\/><br \/>\n  <\/source><\/source><\/source><\/source><\/picture>\n <\/div>\n<\/div><\/div>\n<\/p><\/div>\n<\/div>\n\n","protected":false},"excerpt":{"rendered":"<p>Luto en el mundo del snowboard y en Suiza tras confirmase la muerte de Sophie Hedigerun integrante del equipo nacional de snowboard cross de Suiza, a los 26 a\u00f1os. La joven snowboarder muri\u00f3 el lunes 23 de diciembre tras quedar atrapada en una avalancha en la estaci\u00f3n de monta\u00f1a de Arosaen el este del pa\u00eds &hellip;<\/p>\n","protected":false},"author":1,"featured_media":7725,"comment_status":"open","ping_status":"open","sticky":false,"template":"","format":"standard","meta":{"fifu_image_url":"https:\/\/fotografias.antena3.com\/clipping\/cmsimages01\/2024\/12\/24\/AB6F0A16-A8DF-4753-821B-ECC17C6DA647\/sophie-hediger-podio-fis-snowboard-cross-world-cup-moritz-suiza-pasado-mes-enero_69.jpg?crop=6000,3375,x0,y0&width=1280&height=720&optimize=low&format=jpg","fifu_image_alt":"","footnotes":""},"categories":[6],"tags":[],"class_list":["post-7723","post","type-post","status-publish","format-standard","has-post-thumbnail","","category-deportes"],"_links":{"self":[{"href":"https:\/\/noticiasveraces.com\/index.php?rest_route=\/wp\/v2\/posts\/7723","targetHints":{"allow":["GET"]}}],"collection":[{"href":"https:\/\/noticiasveraces.com\/index.php?rest_route=\/wp\/v2\/posts"}],"about":[{"href":"https:\/\/noticiasveraces.com\/index.php?rest_route=\/wp\/v2\/types\/post"}],"author":[{"embeddable":true,"href":"https:\/\/noticiasveraces.com\/index.php?rest_route=\/wp\/v2\/users\/1"}],"replies":[{"embeddable":true,"href":"https:\/\/noticiasveraces.com\/index.php?rest_route=%2Fwp%2Fv2%2Fcomments&post=7723"}],"version-history":[{"count":0,"href":"https:\/\/noticiasveraces.com\/index.php?rest_route=\/wp\/v2\/posts\/7723\/revisions"}],"wp:featuredmedia":[{"embeddable":true,"href":"https:\/\/noticiasveraces.com\/index.php?rest_route=\/wp\/v2\/media\/7725"}],"wp:attachment":[{"href":"https:\/\/noticiasveraces.com\/index.php?rest_route=%2Fwp%2Fv2%2Fmedia&parent=7723"}],"wp:term":[{"taxonomy":"category","embeddable":true,"href":"https:\/\/noticiasveraces.com\/index.php?rest_route=%2Fwp%2Fv2%2Fcategories&post=7723"},{"taxonomy":"post_tag","embeddable":true,"href":"https:\/\/noticiasveraces.com\/index.php?rest_route=%2Fwp%2Fv2%2Ftags&post=7723"}],"curies":[{"name":"wp","href":"https:\/\/api.w.org\/{rel}","templated":true}]}}