{"id":7702,"date":"2024-12-24T15:17:17","date_gmt":"2024-12-24T19:17:17","guid":{"rendered":"https:\/\/noticiasveraces.com\/?p=7702"},"modified":"2024-12-24T15:17:17","modified_gmt":"2024-12-24T19:17:17","slug":"piloto-muere-en-pleno-vuelo-a-turquia-lo-que-obliga-a-un-aterrizaje-de-emergencia-en-nueva-york","status":"publish","type":"post","link":"https:\/\/noticiasveraces.com\/?p=7702","title":{"rendered":"Piloto muere en pleno vuelo a Turqu\u00eda, lo que obliga a un aterrizaje de emergencia en Nueva York"},"content":{"rendered":"<p> \n<\/p>\n<div>\n<p class=\"\">Un piloto de Turkish Airlines muri\u00f3 en pleno vuelo, lo que oblig\u00f3 al copiloto a realizar un aterrizaje de emergencia en la ciudad de Nueva York el mi\u00e9rcoles por la ma\u00f1ana, dijeron las autoridades.<\/p>\n<p class=\"\">El vuelo 8JK aterriz\u00f3 de manera segura poco antes de las 6 am en el Aeropuerto Internacional John F. Kennedy, dijo la Administraci\u00f3n Federal de Aviaci\u00f3n en un comunicado.<\/p>\n<p class=\"\">El piloto \u0130l\u00e7ehin Pehlivan, de 59 a\u00f1os, \u00abse desmay\u00f3 durante el vuelo\u00bb y cuando \u00abla intervenci\u00f3n m\u00e9dica de nuestro capit\u00e1n en el avi\u00f3n fue ineficaz\u00bb, el copiloto opt\u00f3 por aterrizar, inform\u00f3 Turkish Airlines en un comunicado.<\/p>\n<p class=\"\">Lamentablemente, \u00abnuestro capit\u00e1n perdi\u00f3 la vida antes de aterrizar\u00bb, afirm\u00f3 la aerol\u00ednea. Pehlivan ha estado en la aerol\u00ednea desde 2007.<\/p>\n<p class=\"endmark\">El Airbus A350 despeg\u00f3 del Aeropuerto Internacional Seattle-Tacoma a las 7:02 pm PT del martes, seg\u00fan el servicio de seguimiento FlightAware, y se dirig\u00eda a Estambul.<\/p>\n<\/div>\n<div>\n<div class=\"expanded-byline-contributors articleBylineContainer\">\n<div class=\"expanded-byline article-expanded-byline\" data-activity-map=\"expanded-byline-article-bottom\"><span class=\"byline-thumbnail byline-thumbnail--no-image expanded-byline__thumbnail\" data-testid=\"byline-thumbnail\"\/><span class=\"byline-name expanded-byline__name\" data-testid=\"byline-name\">Jay Blackman<\/span><span class=\"byline-social expanded-byline__social\"\/><\/p>\n<div class=\"expanded-byline__bio-wrapper\">\n<p class=\"byline-bio expanded-byline__bio\">Jay Blackman es un productor de NBC News que cubre \u00e1reas como transporte, espacio, cuestiones m\u00e9dicas y de consumo.<\/p>\n<\/div>\n<\/div>\n<div class=\"expanded-byline article-expanded-byline\" data-activity-map=\"expanded-byline-article-bottom\">\n<div class=\"byline-thumbnail byline-thumbnail--has-image expanded-byline__thumbnail\" data-testid=\"byline-thumbnail\"><picture data-testid=\"picture\"><source media=\"(min-width: 320px)\" srcset=\"https:\/\/media-cldnry.s-nbcnews.com\/image\/upload\/t_focal-60x60,f_avif,q_auto:eco,dpr_2\/newscms\/2019_28\/2931081\/190618-david-k-li-byline2174.jpg 2x, https:\/\/media-cldnry.s-nbcnews.com\/image\/upload\/t_focal-60x60,f_auto,q_auto:best\/newscms\/2019_28\/2931081\/190618-david-k-li-byline2174.jpg 1x\"\/><img decoding=\"async\" loading=\"lazy\" src=\"https:\/\/media-cldnry.s-nbcnews.com\/image\/upload\/t_focal-60x60,f_auto,q_auto:best\/newscms\/2019_28\/2931081\/190618-david-k-li-byline2174.jpg\" alt=\"\" height=\"48\" width=\"48\"\/><\/picture><\/div>\n<p><span class=\"byline-name expanded-byline__name\" data-testid=\"byline-name\">David K.Li<\/span><span class=\"byline-social expanded-byline__social\"><span class=\"icon icon-twitter\"\/><span class=\"icon icon-email\"\/><\/span><\/p>\n<div class=\"expanded-byline__bio-wrapper\">\n<p class=\"byline-bio expanded-byline__bio\">Reportero senior de noticias de \u00faltima hora<\/p>\n<\/div>\n<\/div>\n<p>austin mullen<!-- --> y <!-- -->Brittany Kubicko<!-- --> <!-- -->contribuido<!-- -->.<\/p>\n<\/div>\n<\/div>\n\n","protected":false},"excerpt":{"rendered":"<p>Un piloto de Turkish Airlines muri\u00f3 en pleno vuelo, lo que oblig\u00f3 al copiloto a realizar un aterrizaje de emergencia en la ciudad de Nueva York el mi\u00e9rcoles por la ma\u00f1ana, dijeron las autoridades. El vuelo 8JK aterriz\u00f3 de manera segura poco antes de las 6 am en el Aeropuerto Internacional John F. Kennedy, dijo &hellip;<\/p>\n","protected":false},"author":1,"featured_media":7704,"comment_status":"open","ping_status":"open","sticky":false,"template":"","format":"standard","meta":{"fifu_image_url":"https:\/\/media-cldnry.s-nbcnews.com\/image\/upload\/t_nbcnews-fp-1200-630,f_auto,q_auto:best\/rockcms\/2024-10\/241009-turkish-airlines-al-0927-a7bc77.jpg","fifu_image_alt":"","footnotes":""},"categories":[11],"tags":[],"class_list":["post-7702","post","type-post","status-publish","format-standard","has-post-thumbnail","","category-viaje"],"_links":{"self":[{"href":"https:\/\/noticiasveraces.com\/index.php?rest_route=\/wp\/v2\/posts\/7702","targetHints":{"allow":["GET"]}}],"collection":[{"href":"https:\/\/noticiasveraces.com\/index.php?rest_route=\/wp\/v2\/posts"}],"about":[{"href":"https:\/\/noticiasveraces.com\/index.php?rest_route=\/wp\/v2\/types\/post"}],"author":[{"embeddable":true,"href":"https:\/\/noticiasveraces.com\/index.php?rest_route=\/wp\/v2\/users\/1"}],"replies":[{"embeddable":true,"href":"https:\/\/noticiasveraces.com\/index.php?rest_route=%2Fwp%2Fv2%2Fcomments&post=7702"}],"version-history":[{"count":0,"href":"https:\/\/noticiasveraces.com\/index.php?rest_route=\/wp\/v2\/posts\/7702\/revisions"}],"wp:featuredmedia":[{"embeddable":true,"href":"https:\/\/noticiasveraces.com\/index.php?rest_route=\/wp\/v2\/media\/7704"}],"wp:attachment":[{"href":"https:\/\/noticiasveraces.com\/index.php?rest_route=%2Fwp%2Fv2%2Fmedia&parent=7702"}],"wp:term":[{"taxonomy":"category","embeddable":true,"href":"https:\/\/noticiasveraces.com\/index.php?rest_route=%2Fwp%2Fv2%2Fcategories&post=7702"},{"taxonomy":"post_tag","embeddable":true,"href":"https:\/\/noticiasveraces.com\/index.php?rest_route=%2Fwp%2Fv2%2Ftags&post=7702"}],"curies":[{"name":"wp","href":"https:\/\/api.w.org\/{rel}","templated":true}]}}