{"id":7698,"date":"2024-12-24T14:58:37","date_gmt":"2024-12-24T18:58:37","guid":{"rendered":"https:\/\/noticiasveraces.com\/?p=7698"},"modified":"2024-12-24T14:58:37","modified_gmt":"2024-12-24T18:58:37","slug":"gregory-porter-comparte-la-verdadera-razon-por-la-que-sigue-usando-sombrero","status":"publish","type":"post","link":"https:\/\/noticiasveraces.com\/?p=7698","title":{"rendered":"Gregory Porter comparte la verdadera raz\u00f3n por la que sigue usando sombrero"},"content":{"rendered":"<p> \n<\/p>\n<div>\n<p>Gregory Porter, de 53 a\u00f1os, es un cantautor ganador del premio Grammy. Es mejor conocido por crear m\u00fasica jazz conmovedora con su inconfundible voz de bar\u00edtono.<\/p>\n<p>En 2021 apareci\u00f3 en This Morning de ITV para hablar sobre su \u00e1lbum All Rise. Cada vez que hace una aparici\u00f3n p\u00fablica, Gregory siempre lleva sombrero y hay una raz\u00f3n para ello.<\/p>\n<p>Gregory hizo su debut musical en 2010, pero no fue hasta un par de a\u00f1os despu\u00e9s cuando se le vio con un sombrero.<\/p>\n<\/div>\n<div>\n<p>El tocado es en realidad un Kangol Summer Spitfire con una correa modificada. En una entrevista de 2012 con Jazzweekly.com, le preguntaron: \u00ab\u00bfQu\u00e9 pasa con ese sombrero extra\u00f1o y maravilloso?\u00bb<\/p>\n<p>Explic\u00f3: \u201cMe sometieron a una cirug\u00eda en la piel, as\u00ed que este ha sido mi aspecto por un tiempo y lo seguir\u00e1 siendo por un tiempo m\u00e1s. La gente me reconoce por eso ahora. Es lo que es.\u00bb<\/p>\n<\/div>\n<div>\n<p>En 2020, Gregory confirm\u00f3 que el casco ahora forma parte de su look: \u201cComenz\u00f3 cubriendo algunas cicatrices de la cirug\u00eda, pero se ha convertido en mi estilo.<\/p>\n<p>\u201cEstaba en Denver y hac\u00eda fr\u00edo. Llevaba cinco capas de ropa y llevaba un sombrero. Se calent\u00f3 y pens\u00e9: &#8216;En realidad, esto es c\u00f3modo, este es un look&#8217;.<\/p>\n<p>\u201cEmpec\u00e9 a cantar en un club de jazz en Denver y la gente dec\u00eda: &#8216;Oh, s\u00ed, ese es el tipo del sombrero&#8217;. As\u00ed que se convirti\u00f3 en algo real\u201d, inform\u00f3 Sixty Seconds de Metro.<\/p>\n<\/div>\n<div>\n<p>El sombrero es tan ic\u00f3nico que cuando Gregory se lo quita y aparece en p\u00fablico, no lo ven.<\/p>\n<p>\u201cLa \u00fanica vez que no me reconocieron me quit\u00e9 el sombrero para nadar en el oc\u00e9ano en Ibiza y nadie me reconoci\u00f3\u201d, revel\u00f3.<\/p>\n<p>\u201cRegres\u00e9 a mi hotel y me puse el sombrero\u2026 y all\u00ed estaba Gregory Porter. Pero est\u00e1 bien porque la gente intenta conectarse, tomarse una foto y dar las gracias por la alegr\u00eda que tuvieron.<\/p>\n<p>\u201cEstoy muy de acuerdo con esto y siempre honro a la gente y ellos me honran a m\u00ed viniendo a mis conciertos. Estoy agradecido\u201d, public\u00f3 Metro. Gregory tambi\u00e9n habl\u00f3 de una ocasi\u00f3n en la que fue reconocido mientras viajaba.<\/p>\n<\/div>\n<div>\n<p>\u201cMe reconocen por la gorra en los aeropuertos. En el Reino Unido me conocen bastante bien pero no me dan un pase libre, me controlan y aseguran completamente\u201d, revel\u00f3. Ha habido una o dos ocasiones en las que me pidieron que cantara para hacerles saber que realmente soy yo.<\/p>\n<p>\u201cCuando una persona uniformada te pide que hagas algo est\u00e1s condicionado a hacerlo\u201d, public\u00f3 The Independent.<\/p>\n<p>Gregory gan\u00f3 dos veces el premio Grammy al Mejor \u00c1lbum Vocal de Jazz, primero en 2014 por Liquid Spirit y luego nuevamente en 2017 por Take Me To The Alley.<\/p>\n<p>Gregory cantar\u00e1 esta noche en ITV a las 7:30 p.m. durante Royal Carols: Together at Christmas.<\/p>\n<p>El espect\u00e1culo ha sido coreografiado por Kate, Pr\u00edncipe de Gales, y fue filmado a principios de este mes en la Abad\u00eda de Westminster frente a 1.600 invitados.<\/p>\n<\/div>\n\n","protected":false},"excerpt":{"rendered":"<p>Gregory Porter, de 53 a\u00f1os, es un cantautor ganador del premio Grammy. Es mejor conocido por crear m\u00fasica jazz conmovedora con su inconfundible voz de bar\u00edtono. En 2021 apareci\u00f3 en This Morning de ITV para hablar sobre su \u00e1lbum All Rise. Cada vez que hace una aparici\u00f3n p\u00fablica, Gregory siempre lleva sombrero y hay una &hellip;<\/p>\n","protected":false},"author":1,"featured_media":7699,"comment_status":"open","ping_status":"open","sticky":false,"template":"","format":"standard","meta":{"fifu_image_url":"https:\/\/cdn.images.express.co.uk\/img\/dynamic\/12\/1200x712\/5053588.jpg","fifu_image_alt":"","footnotes":""},"categories":[10],"tags":[],"class_list":["post-7698","post","type-post","status-publish","format-standard","has-post-thumbnail","","category-moda"],"_links":{"self":[{"href":"https:\/\/noticiasveraces.com\/index.php?rest_route=\/wp\/v2\/posts\/7698","targetHints":{"allow":["GET"]}}],"collection":[{"href":"https:\/\/noticiasveraces.com\/index.php?rest_route=\/wp\/v2\/posts"}],"about":[{"href":"https:\/\/noticiasveraces.com\/index.php?rest_route=\/wp\/v2\/types\/post"}],"author":[{"embeddable":true,"href":"https:\/\/noticiasveraces.com\/index.php?rest_route=\/wp\/v2\/users\/1"}],"replies":[{"embeddable":true,"href":"https:\/\/noticiasveraces.com\/index.php?rest_route=%2Fwp%2Fv2%2Fcomments&post=7698"}],"version-history":[{"count":0,"href":"https:\/\/noticiasveraces.com\/index.php?rest_route=\/wp\/v2\/posts\/7698\/revisions"}],"wp:featuredmedia":[{"embeddable":true,"href":"https:\/\/noticiasveraces.com\/index.php?rest_route=\/wp\/v2\/media\/7699"}],"wp:attachment":[{"href":"https:\/\/noticiasveraces.com\/index.php?rest_route=%2Fwp%2Fv2%2Fmedia&parent=7698"}],"wp:term":[{"taxonomy":"category","embeddable":true,"href":"https:\/\/noticiasveraces.com\/index.php?rest_route=%2Fwp%2Fv2%2Fcategories&post=7698"},{"taxonomy":"post_tag","embeddable":true,"href":"https:\/\/noticiasveraces.com\/index.php?rest_route=%2Fwp%2Fv2%2Ftags&post=7698"}],"curies":[{"name":"wp","href":"https:\/\/api.w.org\/{rel}","templated":true}]}}