{"id":7694,"date":"2024-12-24T14:07:24","date_gmt":"2024-12-24T18:07:24","guid":{"rendered":"https:\/\/noticiasveraces.com\/?p=7694"},"modified":"2024-12-24T14:07:24","modified_gmt":"2024-12-24T18:07:24","slug":"la-snowboarder-suiza-sophie-hediger-muere-en-una-avalancha-dw-24-12-2024","status":"publish","type":"post","link":"https:\/\/noticiasveraces.com\/?p=7694","title":{"rendered":"La snowboarder suiza Sophie Hediger muere en una avalancha \u2013 DW \u2013 24\/12\/2024"},"content":{"rendered":"<p> \n<\/p>\n<div>\n<p>La snowboarder suiza Sophie Hediger, que logr\u00f3 dos podios en la Copa del Mundo y particip\u00f3 en los Juegos Ol\u00edmpicos de Invierno-2022, falleci\u00f3 el lunes en una avalancha en Arosa (Suiza), anunci\u00f3 este martes (24.12.2024) la Federaci\u00f3n Helv\u00e9tica de skies.<\/p>\n<p>La joven de 26 a\u00f1os reci\u00e9n cumplidos era miembro del equipo nacional de snowboardcross.<\/p>\n<p>Obtuvo sus dos primeros podios en Copa del Mundo el pasado invierno (boreal), con un 2\u00ba puesto en St-Moritz en enero de 2024 como mejor resultado, indic\u00f3 la Federaci\u00f3n Suiza de Esqu\u00ed (Swiss-Ski).<\/p>\n<blockquote class=\"tweet embed\" data-id=\"1871577867257053429\"\/>\n<p>\u00abPara la familia de Swiss-Ski, una sombra negra se cierne sobre el per\u00edodo navide\u00f1o con la tr\u00e1gica muerte de Sophie Hediger\u00bb, lament\u00f3 en un comunicado Walter Reusser, m\u00e1ximo dirigente de Swiss-Ski.<\/p>\n<p>El lunes, la polic\u00eda cantonal de los Grisones anunci\u00f3 la muerte de una mujer que practicaba snowboard fuera de pista, a causa de una avalancha. Pero no comunic\u00f3 la identidad de la v\u00edctima.<\/p>\n<p>Los riesgos de avalancha son actualmente muy elevados en Suiza, donde han ca\u00eddo copiosas nevadas los \u00faltimos d\u00edas.<\/p>\n<p>gs (afp, reuters, ap, dpa)<\/p>\n<\/div>\n\n","protected":false},"excerpt":{"rendered":"<p>La snowboarder suiza Sophie Hediger, que logr\u00f3 dos podios en la Copa del Mundo y particip\u00f3 en los Juegos Ol\u00edmpicos de Invierno-2022, falleci\u00f3 el lunes en una avalancha en Arosa (Suiza), anunci\u00f3 este martes (24.12.2024) la Federaci\u00f3n Helv\u00e9tica de skies. La joven de 26 a\u00f1os reci\u00e9n cumplidos era miembro del equipo nacional de snowboardcross. Obtuvo &hellip;<\/p>\n","protected":false},"author":1,"featured_media":7695,"comment_status":"open","ping_status":"open","sticky":false,"template":"","format":"standard","meta":{"fifu_image_url":"https:\/\/static.dw.com\/image\/68295893_6.jpg","fifu_image_alt":"","footnotes":""},"categories":[13],"tags":[],"class_list":["post-7694","post","type-post","status-publish","format-standard","has-post-thumbnail","","category-mundo"],"_links":{"self":[{"href":"https:\/\/noticiasveraces.com\/index.php?rest_route=\/wp\/v2\/posts\/7694","targetHints":{"allow":["GET"]}}],"collection":[{"href":"https:\/\/noticiasveraces.com\/index.php?rest_route=\/wp\/v2\/posts"}],"about":[{"href":"https:\/\/noticiasveraces.com\/index.php?rest_route=\/wp\/v2\/types\/post"}],"author":[{"embeddable":true,"href":"https:\/\/noticiasveraces.com\/index.php?rest_route=\/wp\/v2\/users\/1"}],"replies":[{"embeddable":true,"href":"https:\/\/noticiasveraces.com\/index.php?rest_route=%2Fwp%2Fv2%2Fcomments&post=7694"}],"version-history":[{"count":0,"href":"https:\/\/noticiasveraces.com\/index.php?rest_route=\/wp\/v2\/posts\/7694\/revisions"}],"wp:featuredmedia":[{"embeddable":true,"href":"https:\/\/noticiasveraces.com\/index.php?rest_route=\/wp\/v2\/media\/7695"}],"wp:attachment":[{"href":"https:\/\/noticiasveraces.com\/index.php?rest_route=%2Fwp%2Fv2%2Fmedia&parent=7694"}],"wp:term":[{"taxonomy":"category","embeddable":true,"href":"https:\/\/noticiasveraces.com\/index.php?rest_route=%2Fwp%2Fv2%2Fcategories&post=7694"},{"taxonomy":"post_tag","embeddable":true,"href":"https:\/\/noticiasveraces.com\/index.php?rest_route=%2Fwp%2Fv2%2Ftags&post=7694"}],"curies":[{"name":"wp","href":"https:\/\/api.w.org\/{rel}","templated":true}]}}