{"id":7669,"date":"2024-12-24T07:58:56","date_gmt":"2024-12-24T11:58:56","guid":{"rendered":"https:\/\/noticiasveraces.com\/?p=7669"},"modified":"2024-12-24T07:58:56","modified_gmt":"2024-12-24T11:58:56","slug":"tenemos-que-convertir-esta-rabia-en-gasolina","status":"publish","type":"post","link":"https:\/\/noticiasveraces.com\/?p=7669","title":{"rendered":"\u00abTenemos que convertir esta rabia en gasolina\u00bb"},"content":{"rendered":"<p> \n<\/p>\n<div id=\"intext\">\n<p><b>Pedro Gonz\u00e1lez L\u00f3pez<\/b>m\u00e1s conocido como <b>pedri<\/b>ha querido lanzar un mensaje motivador de cara a 2025 y despu\u00e9s de dos meses en el que el Barcelona <b>ha dilapidado toda la ventaja<\/b> que hab\u00eda logrado en las primeras jornadas de catorce de <b>LaLiga EA Sports<\/b>en las que sumaron 12 victorias y tan solo dos derrotas.<\/p>\n<p>Pero el equipo de Hansi Flick, tras <b>destruir al Real Madrid<\/b> en el Bernab\u00e9u, ha cedido cuatro derrotas (Real Sociedad, <b>Las Palmas<\/b>, <b>Legan\u00e9s<\/b> y <b>Atl\u00e9tico de Madrid<\/b>) y dos empates (Celta y Betis), sumando tan solo seis de los \u00faltimos 21 puntos en juego en el campeonato liguero.<\/p>\n<p>De esta forma, Pedri ha dejado un mensaje de optimismo de cara al pr\u00f3ximo a\u00f1o ya la parte clave de la temporada, en la que se decidir\u00e1n los t\u00edtulos de la Champions League, LaLiga, la Supercopa de Espa\u00f1a y la Copa del Rey.<\/p>\n<p><b>\u00abTenemos que convertir esta rabia en gasolina. Volver con las pilas cargadas<\/b> y con el \u00fanico prop\u00f3sito de mejorar, competir de nuevo a nuestro mejor nivel y acabar la temporada en lo m\u00e1s alto\u00bb, apunta el jugador canario.<\/p>\n<p>\u00abDisfruten de su familia estos d\u00edas, como haremos nosotros. Nos vendr\u00e1 bien a todos. Felices Fiestas y For\u00e7a Bar\u00e7a! \ud83c\udf84\ufffd\u2764\ufe0f @FCBarcelona\u00bb, desea Pedri a sus seguidores.<\/p>\n<p><i>S\u00edguenos en nuestro canal de WhatsApp y no te pierdas la \u00faltima hora y toda la actualidad de antena3noticias.com<\/i><\/p>\n<div class=\"recirculation-video\" data-mod=\"a3mod_recirculation_video\">\n<div class=\"recirculation-video-wrapper\">\n<div>\n<div class=\"video-wrapper\">\n  <picture class=\"video-main-picture\"><source media=\"(min-width: 481px)\" srcset=\"https:\/\/fotografias.antena3.com\/clipping\/cmsimages01\/2024\/12\/24\/15208DA7-F676-494A-97DE-3B05E9E7F89A\/florentino-perez-presidente-real-madrid_94.jpg?crop=4930,2773,x0,y0&amp;width=800&amp;height=450&amp;optimize=medium&amp;format=webply\" width=\"800\" height=\"450\"><source media=\"(min-width: 391px) and (max-width: 480px)\" srcset=\"https:\/\/fotografias.antena3.com\/clipping\/cmsimages01\/2024\/12\/24\/15208DA7-F676-494A-97DE-3B05E9E7F89A\/florentino-perez-presidente-real-madrid_70.jpg?crop=4930,2773,x0,y0&amp;width=480&amp;height=270&amp;optimize=high&amp;format=webply\" width=\"480\" height=\"270\"><source media=\"(min-width: 321px) and (max-width: 390px)\" srcset=\"https:\/\/fotografias.antena3.com\/clipping\/cmsimages01\/2024\/12\/24\/15208DA7-F676-494A-97DE-3B05E9E7F89A\/florentino-perez-presidente-real-madrid_92.jpg?crop=4930,2768,x0,y0&amp;width=390&amp;height=219&amp;optimize=high&amp;format=webply\" width=\"390\" height=\"219\"><source media=\"(max-width: 320px)\" srcset=\"https:\/\/fotografias.antena3.com\/clipping\/cmsimages01\/2024\/12\/24\/15208DA7-F676-494A-97DE-3B05E9E7F89A\/florentino-perez-presidente-real-madrid_52.jpg?crop=4930,2773,x0,y0&amp;width=320&amp;height=180&amp;optimize=high&amp;format=webply\" width=\"320\" height=\"180\"><img decoding=\"async\" title=\"Florentino P\u00e9rez, presidente del Real Madrid\" alt=\"Florentino P\u00e9rez, presidente del Real Madrid\" width=\"480\" height=\"270\" src=\"https:\/\/fotografias.antena3.com\/clipping\/cmsimages01\/2024\/12\/24\/15208DA7-F676-494A-97DE-3B05E9E7F89A\/florentino-perez-presidente-real-madrid_70.jpg?crop=4930,2773,x0,y0&amp;width=480&amp;height=270&amp;optimize=high&amp;format=webply\" loading=\"lazy\" class=\"lazy\"\/><br \/>\n  <\/source><\/source><\/source><\/source><\/picture>\n <\/div>\n<\/div><\/div>\n<\/p><\/div>\n<\/div>\n\n","protected":false},"excerpt":{"rendered":"<p>Pedro Gonz\u00e1lez L\u00f3pezm\u00e1s conocido como pedriha querido lanzar un mensaje motivador de cara a 2025 y despu\u00e9s de dos meses en el que el Barcelona ha dilapidado toda la ventaja que hab\u00eda logrado en las primeras jornadas de catorce de LaLiga EA Sportsen las que sumaron 12 victorias y tan solo dos derrotas. Pero el &hellip;<\/p>\n","protected":false},"author":1,"featured_media":7671,"comment_status":"open","ping_status":"open","sticky":false,"template":"","format":"standard","meta":{"fifu_image_url":"https:\/\/fotografias.antena3.com\/clipping\/cmsimages01\/2024\/12\/24\/8A3817EA-2A06-43A2-8A71-3A2460735124\/pedri-celebra-gol-atletico-madrid-montjuic_69.jpg?crop=6000,3375,x0,y267&width=1280&height=720&optimize=low&format=jpg","fifu_image_alt":"","footnotes":""},"categories":[6],"tags":[],"class_list":["post-7669","post","type-post","status-publish","format-standard","has-post-thumbnail","","category-deportes"],"_links":{"self":[{"href":"https:\/\/noticiasveraces.com\/index.php?rest_route=\/wp\/v2\/posts\/7669","targetHints":{"allow":["GET"]}}],"collection":[{"href":"https:\/\/noticiasveraces.com\/index.php?rest_route=\/wp\/v2\/posts"}],"about":[{"href":"https:\/\/noticiasveraces.com\/index.php?rest_route=\/wp\/v2\/types\/post"}],"author":[{"embeddable":true,"href":"https:\/\/noticiasveraces.com\/index.php?rest_route=\/wp\/v2\/users\/1"}],"replies":[{"embeddable":true,"href":"https:\/\/noticiasveraces.com\/index.php?rest_route=%2Fwp%2Fv2%2Fcomments&post=7669"}],"version-history":[{"count":0,"href":"https:\/\/noticiasveraces.com\/index.php?rest_route=\/wp\/v2\/posts\/7669\/revisions"}],"wp:featuredmedia":[{"embeddable":true,"href":"https:\/\/noticiasveraces.com\/index.php?rest_route=\/wp\/v2\/media\/7671"}],"wp:attachment":[{"href":"https:\/\/noticiasveraces.com\/index.php?rest_route=%2Fwp%2Fv2%2Fmedia&parent=7669"}],"wp:term":[{"taxonomy":"category","embeddable":true,"href":"https:\/\/noticiasveraces.com\/index.php?rest_route=%2Fwp%2Fv2%2Fcategories&post=7669"},{"taxonomy":"post_tag","embeddable":true,"href":"https:\/\/noticiasveraces.com\/index.php?rest_route=%2Fwp%2Fv2%2Ftags&post=7669"}],"curies":[{"name":"wp","href":"https:\/\/api.w.org\/{rel}","templated":true}]}}