{"id":7659,"date":"2024-12-24T01:25:13","date_gmt":"2024-12-24T05:25:13","guid":{"rendered":"https:\/\/noticiasveraces.com\/?p=7659"},"modified":"2024-12-24T01:25:13","modified_gmt":"2024-12-24T05:25:13","slug":"expresidente-de-ee-uu-bill-clinton-hospitalizado-con-fiebre-dw-24-12-2024","status":"publish","type":"post","link":"https:\/\/noticiasveraces.com\/?p=7659","title":{"rendered":"Expresidente de EE.UU. Bill Clinton hospitalizado con fiebre \u2013 DW \u2013 24\/12\/2024"},"content":{"rendered":"<p> \n<\/p>\n<div>\n<p>El expresidente de Estados Unidos Bill Clinton fue hospitalizado con fiebre este lunes (23.12.2024) en Washington, dijo su oficina.<\/p>\n<p>Clinton \u00abfue ingresado en el Centro M\u00e9dico de la Universidad de Georgetown esta tarde para pruebas y observaci\u00f3n tras desarrollar una fiebre\u00bb, indic\u00f3 el jefe adjunto de su gabinete, \u00c1ngel Ure\u00f1a, en la plataforma X, donde agreg\u00f3 que el exmandatario de 78 a\u00f1os \u00bb permanece de buen \u00e1nimo\u00bb.<\/p>\n<p>El expresidente pas\u00f3 cinco noches hospitalizado en octubre de 2021, debido a una infecci\u00f3n sangu\u00ednea.<\/p>\n<p>En 2004, con 58 a\u00f1os, se someti\u00f3 a una cirug\u00eda de baile cu\u00e1druple por una enfermedad card\u00edaca. Seis a\u00f1os despu\u00e9s le implantaron stents en la arteria coronaria.<\/p>\n<p>Estos problemas card\u00edacos le motivaron a cambiar de estilo de vida y adoptar una dieta vegetariana.<\/p>\n<p>Clinton, que gobern\u00f3 Estados Unidos durante dos mandatos presidenciales, entre 1993 y 2001, es el segundo expresidente del pa\u00eds vivo m\u00e1s joven, tras Barack Obama, de 63 a\u00f1os.<\/p>\n<p>mg (afp, efe)<\/p>\n<\/p>\n<\/div>\n\n","protected":false},"excerpt":{"rendered":"<p>El expresidente de Estados Unidos Bill Clinton fue hospitalizado con fiebre este lunes (23.12.2024) en Washington, dijo su oficina. Clinton \u00abfue ingresado en el Centro M\u00e9dico de la Universidad de Georgetown esta tarde para pruebas y observaci\u00f3n tras desarrollar una fiebre\u00bb, indic\u00f3 el jefe adjunto de su gabinete, \u00c1ngel Ure\u00f1a, en la plataforma X, donde &hellip;<\/p>\n","protected":false},"author":1,"featured_media":7660,"comment_status":"open","ping_status":"open","sticky":false,"template":"","format":"standard","meta":{"fifu_image_url":"https:\/\/static.dw.com\/image\/70012493_6.jpg","fifu_image_alt":"","footnotes":""},"categories":[13],"tags":[],"class_list":["post-7659","post","type-post","status-publish","format-standard","has-post-thumbnail","","category-mundo"],"_links":{"self":[{"href":"https:\/\/noticiasveraces.com\/index.php?rest_route=\/wp\/v2\/posts\/7659","targetHints":{"allow":["GET"]}}],"collection":[{"href":"https:\/\/noticiasveraces.com\/index.php?rest_route=\/wp\/v2\/posts"}],"about":[{"href":"https:\/\/noticiasveraces.com\/index.php?rest_route=\/wp\/v2\/types\/post"}],"author":[{"embeddable":true,"href":"https:\/\/noticiasveraces.com\/index.php?rest_route=\/wp\/v2\/users\/1"}],"replies":[{"embeddable":true,"href":"https:\/\/noticiasveraces.com\/index.php?rest_route=%2Fwp%2Fv2%2Fcomments&post=7659"}],"version-history":[{"count":0,"href":"https:\/\/noticiasveraces.com\/index.php?rest_route=\/wp\/v2\/posts\/7659\/revisions"}],"wp:featuredmedia":[{"embeddable":true,"href":"https:\/\/noticiasveraces.com\/index.php?rest_route=\/wp\/v2\/media\/7660"}],"wp:attachment":[{"href":"https:\/\/noticiasveraces.com\/index.php?rest_route=%2Fwp%2Fv2%2Fmedia&parent=7659"}],"wp:term":[{"taxonomy":"category","embeddable":true,"href":"https:\/\/noticiasveraces.com\/index.php?rest_route=%2Fwp%2Fv2%2Fcategories&post=7659"},{"taxonomy":"post_tag","embeddable":true,"href":"https:\/\/noticiasveraces.com\/index.php?rest_route=%2Fwp%2Fv2%2Ftags&post=7659"}],"curies":[{"name":"wp","href":"https:\/\/api.w.org\/{rel}","templated":true}]}}