{"id":7630,"date":"2024-12-23T21:05:11","date_gmt":"2024-12-24T01:05:11","guid":{"rendered":"https:\/\/noticiasveraces.com\/?p=7630"},"modified":"2024-12-23T21:05:11","modified_gmt":"2024-12-24T01:05:11","slug":"los-lideres-de-la-otan-dicen-que-la-era-del-gasto-en-defensa-del-2-es-probablemente-historia-mientras-trump-supuestamente-impulsa-el-objetivo-del-5","status":"publish","type":"post","link":"https:\/\/noticiasveraces.com\/?p=7630","title":{"rendered":"Los l\u00edderes de la OTAN dicen que la era del gasto en defensa del 2% es \u00abprobablemente historia\u00bb mientras Trump supuestamente impulsa el objetivo del 5%"},"content":{"rendered":"<p> \n<\/p>\n<div>\n<p class=\"speakable\">Un grupo de cuatro l\u00edderes de la OTAN y un representante de la Uni\u00f3n Europea dijeron el domingo que coincidieron en que era hora de invertir m\u00e1s en gastos de defensa, ya que Rusia sigue siendo una de las principales amenazas a la seguridad en Europa en medio de la guerra en Ucrania, y mientras los l\u00edderes occidentales se preparan para la pr\u00f3xima guerra. Administraci\u00f3n Trump. <\/p>\n<p class=\"speakable\">El primer ministro griego, Kyriakos Mitsotakis, argument\u00f3 que la era en la que se gastaba el 2% del PIB de una naci\u00f3n en defensa era \u00abprobablemente historia\u00bb, pero \u00e9l, junto con los otros cuatro l\u00edderes que asistieron a la Cumbre Norte-Sur en Laponia, Finlandia, no llegaron a decir lo que eso significaba. deber\u00eda verse la figura. <\/p>\n<p>\u00abSabemos que necesitamos gastar m\u00e1s del 2%\u00bb, dijo Mitsotakis. \u00abPero quedar\u00e1 muy claro&#8230; una vez que interactuemos con el nuevo presidente, cu\u00e1l es la cifra que acordaremos dentro de la OTAN\u00bb.<\/p>\n<div class=\"image-ct inline\">\n<div class=\"m\"><picture><source media=\"(max-width: 767px)\" srcset=\"https:\/\/a57.foxnews.com\/static.foxnews.com\/foxnews.com\/content\/uploads\/2024\/12\/343\/192\/north-south.jpg?ve=1&amp;tl=1, https:\/\/a57.foxnews.com\/static.foxnews.com\/foxnews.com\/content\/uploads\/2024\/12\/686\/384\/north-south.jpg?ve=1&amp;tl=1 2x\" height=\"192\" width=\"343\"><source media=\"(min-width: 768px) and (max-width: 1023px)\" srcset=\"https:\/\/a57.foxnews.com\/static.foxnews.com\/foxnews.com\/content\/uploads\/2024\/12\/672\/378\/north-south.jpg?ve=1&amp;tl=1, https:\/\/a57.foxnews.com\/static.foxnews.com\/foxnews.com\/content\/uploads\/2024\/12\/1344\/756\/north-south.jpg?ve=1&amp;tl=1 2x\" height=\"378\" width=\"672\"><source media=\"(min-width: 1024px) and (max-width: 1279px)\" srcset=\"https:\/\/a57.foxnews.com\/static.foxnews.com\/foxnews.com\/content\/uploads\/2024\/12\/931\/523\/north-south.jpg?ve=1&amp;tl=1, https:\/\/a57.foxnews.com\/static.foxnews.com\/foxnews.com\/content\/uploads\/2024\/12\/1862\/1046\/north-south.jpg?ve=1&amp;tl=1 2x\" height=\"523\" width=\"931\"><source media=\"(min-width: 1280px)\" srcset=\"https:\/\/a57.foxnews.com\/static.foxnews.com\/foxnews.com\/content\/uploads\/2024\/12\/720\/405\/north-south.jpg?ve=1&amp;tl=1, https:\/\/a57.foxnews.com\/static.foxnews.com\/foxnews.com\/content\/uploads\/2024\/12\/1440\/810\/north-south.jpg?ve=1&amp;tl=1 2x\" height=\"405\" width=\"720\"><img loading=\"lazy\" decoding=\"async\" src=\"https:\/\/a57.foxnews.com\/static.foxnews.com\/foxnews.com\/content\/uploads\/2024\/12\/1200\/675\/north-south.jpg?ve=1&amp;tl=1\" alt=\"Cumbre Norte Sur\" width=\"1200\" height=\"675\"\/><\/source><\/source><\/source><\/source><\/picture><\/div>\n<div class=\"info\">\n<div class=\"caption\">\n<p><span>El Primer Ministro sueco Ulf Kristersson, el Primer Ministro italiano Giorgia Meloni, el Primer Ministro finland\u00e9s Petteri Orpo, la Alta Representante de la UE para Asuntos Exteriores y Pol\u00edtica de Seguridad Kaja Kallas y el Primer Ministro Kyriakos Mitsotakis de Grecia asisten a una conferencia de prensa de la Cumbre Norte-Sur del Primer Ministro finland\u00e9s Petteri Orpo en Saariselka, Laponia finlandesa, 22 de diciembre de 2024. <\/span> <span>(Lehtikuva\/Antti Aimo-Koivisto v\u00eda REUTERS)<\/span><\/p>\n<\/div>\n<\/div>\n<\/div>\n<p><strong>PUTIN DICE QUE RUSIA EST\u00c1 DISPONIBLE PARA COMPROMETERSE CON TRUMP SOBRE LA GUERRA DE UCRANIA<\/strong><\/p>\n<p>La cumbre fue convocada por el primer ministro finland\u00e9s, Petteri Orpo, y tambi\u00e9n asistieron el primer ministro sueco, Ulf Kristersson, la primera ministra italiana, Giorgia Meloni, y la jefa de pol\u00edtica exterior de la Uni\u00f3n Europea, Kaja Kallas.<\/p>\n<p>Los l\u00edderes fueron interrogados sobre un informe reciente del Financial Times que dec\u00eda que el presidente electo Donald Trump tiene la intenci\u00f3n de presionar a la OTAN para que aumente su gasto en defensa del 2% al 5%, un requisito que exigir\u00eda a todas las naciones, incluido Estados Unidos, que gasta solo m\u00e1s del 3% de su PIB, para aumentar dr\u00e1sticamente el gasto en defensa.<\/p>\n<p>El equipo de transici\u00f3n de Trump no respondi\u00f3 a las preguntas de Fox News Digital sobre si Trump va a presionar a todas las naciones de la OTAN, incluido Estados Unidos, para que aumenten dr\u00e1sticamente el gasto en defensa.<\/p>\n<p>En cambio, un portavoz del equipo de transici\u00f3n de Trump dijo: \u00abEl presidente Trump cree que las naciones europeas deber\u00edan cumplir con sus obligaciones de gasto en defensa de la OTAN y aumentar su parte de la carga de este conflicto, ya que Estados Unidos ha pagado significativamente m\u00e1s, lo cual no es justo para nuestros contribuyentes. Har\u00e1 lo que sea necesario para restaurar la paz y reconstruir la fuerza y \u200b\u200bla disuasi\u00f3n estadounidenses en el escenario mundial\u00bb.<\/p>\n<p>Fox News Digital tampoco pudo obtener claridad sobre si los legisladores republicanos apoyar\u00edan un aumento en el gasto en defensa, dado el gran n\u00famero de conservadores en el Congreso, as\u00ed como su vicepresidente electo, que han pedido que se recorte la ayuda estadounidense a Ucrania, ya que as\u00ed como las luchas internas de la semana pasada en la C\u00e1mara entre los legisladores republicanos por desacuerdos en materia de gasto. <\/p>\n<p>Incluso cuando los l\u00edderes de la OTAN en la Cumbre Norte-Sur coincidieron en que Rusia es la \u00abmayor amenaza\u00bb de Europa, pidieron cautela a la hora de abordar los \u00abrumores\u00bb que rodean a la administraci\u00f3n entrante de Trump. <\/p>\n<div class=\"image-ct inline\">\n<div class=\"m\"><picture><source media=\"(max-width: 767px)\" srcset=\"https:\/\/a57.foxnews.com\/static.foxnews.com\/foxnews.com\/content\/uploads\/2019\/12\/343\/192\/Trump-NATO-AP.jpg?ve=1&amp;tl=1, https:\/\/a57.foxnews.com\/static.foxnews.com\/foxnews.com\/content\/uploads\/2019\/12\/686\/384\/Trump-NATO-AP.jpg?ve=1&amp;tl=1 2x\" height=\"192\" width=\"343\"><source media=\"(min-width: 768px) and (max-width: 1023px)\" srcset=\"https:\/\/a57.foxnews.com\/static.foxnews.com\/foxnews.com\/content\/uploads\/2019\/12\/672\/378\/Trump-NATO-AP.jpg?ve=1&amp;tl=1, https:\/\/a57.foxnews.com\/static.foxnews.com\/foxnews.com\/content\/uploads\/2019\/12\/1344\/756\/Trump-NATO-AP.jpg?ve=1&amp;tl=1 2x\" height=\"378\" width=\"672\"><source media=\"(min-width: 1024px) and (max-width: 1279px)\" srcset=\"https:\/\/a57.foxnews.com\/static.foxnews.com\/foxnews.com\/content\/uploads\/2019\/12\/931\/523\/Trump-NATO-AP.jpg?ve=1&amp;tl=1, https:\/\/a57.foxnews.com\/static.foxnews.com\/foxnews.com\/content\/uploads\/2019\/12\/1862\/1046\/Trump-NATO-AP.jpg?ve=1&amp;tl=1 2x\" height=\"523\" width=\"931\"><source media=\"(min-width: 1280px)\" srcset=\"https:\/\/a57.foxnews.com\/static.foxnews.com\/foxnews.com\/content\/uploads\/2019\/12\/720\/405\/Trump-NATO-AP.jpg?ve=1&amp;tl=1, https:\/\/a57.foxnews.com\/static.foxnews.com\/foxnews.com\/content\/uploads\/2019\/12\/1440\/810\/Trump-NATO-AP.jpg?ve=1&amp;tl=1 2x\" height=\"405\" width=\"720\"><img loading=\"lazy\" decoding=\"async\" src=\"https:\/\/a57.foxnews.com\/static.foxnews.com\/foxnews.com\/content\/uploads\/2019\/12\/1200\/675\/Trump-NATO-AP.jpg?ve=1&amp;tl=1\" alt=\"El presidente Donald Trump habla mientras se re\u00fane con el primer ministro italiano Giuseppe Conte durante la cumbre de la OTAN en The Grove, el mi\u00e9rcoles 4 de diciembre de 2019, en Watford, Inglaterra. \" width=\"1200\" height=\"675\"\/><\/source><\/source><\/source><\/source><\/picture><\/div>\n<div class=\"info\">\n<div class=\"caption\">\n<p><span>El presidente Donald Trump habla mientras se re\u00fane con el primer ministro italiano Giuseppe Conte durante la cumbre de la OTAN en The Grove, el mi\u00e9rcoles 4 de diciembre de 2019, en Watford, Inglaterra. <\/span> <span>(Foto AP\/Evan Vucci)<\/span><\/p>\n<\/div>\n<\/div>\n<\/div>\n<p><strong>EL JEFE DE LA OTAN INSTA A LOS MIEMBROS A \u00abTURBOCARGAR\u00bb LA PRODUCCI\u00d3N DE DEFENSA MIENTRAS PINTA LA IMAGEN DE UN MUNDO DESTINO A LA GUERRA<\/strong><\/p>\n<p>\u00abEsperar\u00eda entender exactamente cu\u00e1l es la verdadera voluntad del nuevo presidente de Estados Unidos\u00bb, dijo Meloni, seg\u00fan un informe de Bloomberg. \u00abEn la OTAN, todos sabemos y entendemos que tenemos que hacer m\u00e1s. Mucho de lo que podemos hacer depende de las herramientas que podamos poner sobre la mesa\u00bb.<\/p>\n<p>El primer ministro finland\u00e9s se hizo eco de un sentimiento similar y dijo: \u00abEuropa tiene que asumir una mayor responsabilidad por su propia seguridad. Esto significa que los pa\u00edses europeos tienen que ser l\u00edderes fuertes, tanto en la UE como en la OTAN.<\/p>\n<p>\u00ab[Russia] est\u00e1 intentando consolidar el poder y sembrar discordia en Europa. La situaci\u00f3n geopol\u00edtica tambi\u00e9n es muy complicada en Oriente Medio y el Norte de \u00c1frica, por ejemplo\u00bb, a\u00f1adi\u00f3 Orpo, seg\u00fan Euro News. <\/p>\n<p>Kristersson dijo que gastar m\u00e1s en defensa era importante, en parte, para que las naciones europeas dependieran menos de que Estados Unidos fuera \u00abel principal patrocinador\u00bb de la defensa de la alianza, pero tambi\u00e9n para mostrarle a Washington que las naciones europeas s\u00ed se toman la defensa \u00aben serio\u00bb.<\/p>\n<p>\u00abLos pa\u00edses europeos -individualmente, la mayor\u00eda de nosotros y colectivamente- necesitan fortalecer nuestra defensa. Y hag\u00e1moslo\u00bb, dijo. <\/p>\n<div class=\"image-ct inline\">\n<div class=\"m\"><picture><source media=\"(max-width: 767px)\" srcset=\"https:\/\/a57.foxnews.com\/static.foxnews.com\/foxnews.com\/content\/uploads\/2024\/05\/343\/192\/b620563d-Ukraine.png?ve=1&amp;tl=1, https:\/\/a57.foxnews.com\/static.foxnews.com\/foxnews.com\/content\/uploads\/2024\/05\/686\/384\/b620563d-Ukraine.png?ve=1&amp;tl=1 2x\" height=\"192\" width=\"343\"><source media=\"(min-width: 768px) and (max-width: 1023px)\" srcset=\"https:\/\/a57.foxnews.com\/static.foxnews.com\/foxnews.com\/content\/uploads\/2024\/05\/672\/378\/b620563d-Ukraine.png?ve=1&amp;tl=1, https:\/\/a57.foxnews.com\/static.foxnews.com\/foxnews.com\/content\/uploads\/2024\/05\/1344\/756\/b620563d-Ukraine.png?ve=1&amp;tl=1 2x\" height=\"378\" width=\"672\"><source media=\"(min-width: 1024px) and (max-width: 1279px)\" srcset=\"https:\/\/a57.foxnews.com\/static.foxnews.com\/foxnews.com\/content\/uploads\/2024\/05\/931\/523\/b620563d-Ukraine.png?ve=1&amp;tl=1, https:\/\/a57.foxnews.com\/static.foxnews.com\/foxnews.com\/content\/uploads\/2024\/05\/1862\/1046\/b620563d-Ukraine.png?ve=1&amp;tl=1 2x\" height=\"523\" width=\"931\"><source media=\"(min-width: 1280px)\" srcset=\"https:\/\/a57.foxnews.com\/static.foxnews.com\/foxnews.com\/content\/uploads\/2024\/05\/720\/405\/b620563d-Ukraine.png?ve=1&amp;tl=1, https:\/\/a57.foxnews.com\/static.foxnews.com\/foxnews.com\/content\/uploads\/2024\/05\/1440\/810\/b620563d-Ukraine.png?ve=1&amp;tl=1 2x\" height=\"405\" width=\"720\"><img loading=\"lazy\" decoding=\"async\" src=\"https:\/\/a57.foxnews.com\/static.foxnews.com\/foxnews.com\/content\/uploads\/2024\/05\/1200\/675\/b620563d-Ukraine.png?ve=1&amp;tl=1\" alt=\"Militar\" width=\"1200\" height=\"675\"\/><\/source><\/source><\/source><\/source><\/picture><\/div>\n<div class=\"info\">\n<div class=\"caption\">\n<p><span>Los militares de la 93.a Brigada Mecanizada de Ucrania disparan un mortero pesado franc\u00e9s MO-120-RT contra las fuerzas rusas en la l\u00ednea del frente cerca de la ciudad de Bakhmut en la regi\u00f3n ucraniana de Donetsk el mi\u00e9rcoles 22 de mayo de 2024.<\/span> <span>(Iryna Rybakova v\u00eda AP)<\/span><\/p>\n<\/div>\n<\/div>\n<\/div>\n<p>Durante su primera administraci\u00f3n, Trump presion\u00f3 a los l\u00edderes de la OTAN para que cumplieran su promesa de gastar un 2% en defensa, lo que varios hicieron, aumentando el n\u00famero de aliados para cumplir los t\u00e9rminos del acuerdo de la OTAN de cinco en 2016 a nueve en 2020.<\/p>\n<p>Pero ese n\u00famero se redujo a solo seis una vez que Trump se fue en 2021.<\/p>\n<p><strong>HAGA CLIC AQU\u00cd PARA OBTENER LA APLICACI\u00d3N FOX NEWS<\/strong><\/p>\n<p>Sin embargo, para 2022, los l\u00edderes de la OTAN han comenzado una vez m\u00e1s a reevaluar sus presupuestos de defensa luego de la invasi\u00f3n rusa de Ucrania, y para 2024, un n\u00famero hist\u00f3rico de aliados de la OTAN hab\u00edan cumplido sus acuerdos de gasto: 23 de 32 naciones gastaron al menos el 2%. de su PIB a la defensa. <\/p>\n<p>S\u00f3lo Polonia gasta m\u00e1s del 4% de su PIB en defensa, mientras que cuatro pa\u00edses gastan m\u00e1s del 3%, entre ellos Estonia, Estados Unidos, Letonia y Grecia. <\/p>\n<p>Croacia, Portugal, Italia, Canad\u00e1, B\u00e9lgica, Luxemburgo, Eslovenia y Espa\u00f1a a\u00fan tienen que cumplir sus compromisos de gasto en defensa.<\/p>\n<p> <!----> <\/p>\n<div class=\"article-meta\">\n<div class=\"author-bio\">\n<p>Caitlin McFall es reportera de Fox News Digital y cubre noticias de pol\u00edtica, Estados Unidos y el mundo.<\/p>\n<\/div>\n<\/div>\n<\/div>\n\n","protected":false},"excerpt":{"rendered":"<p>Un grupo de cuatro l\u00edderes de la OTAN y un representante de la Uni\u00f3n Europea dijeron el domingo que coincidieron en que era hora de invertir m\u00e1s en gastos de defensa, ya que Rusia sigue siendo una de las principales amenazas a la seguridad en Europa en medio de la guerra en Ucrania, y mientras &hellip;<\/p>\n","protected":false},"author":1,"featured_media":7632,"comment_status":"open","ping_status":"open","sticky":false,"template":"","format":"standard","meta":{"fifu_image_url":"https:\/\/static.foxnews.com\/foxnews.com\/content\/uploads\/2019\/12\/Trump-NATO-AP.jpg","fifu_image_alt":"","footnotes":""},"categories":[13],"tags":[],"class_list":["post-7630","post","type-post","status-publish","format-standard","has-post-thumbnail","","category-mundo"],"_links":{"self":[{"href":"https:\/\/noticiasveraces.com\/index.php?rest_route=\/wp\/v2\/posts\/7630","targetHints":{"allow":["GET"]}}],"collection":[{"href":"https:\/\/noticiasveraces.com\/index.php?rest_route=\/wp\/v2\/posts"}],"about":[{"href":"https:\/\/noticiasveraces.com\/index.php?rest_route=\/wp\/v2\/types\/post"}],"author":[{"embeddable":true,"href":"https:\/\/noticiasveraces.com\/index.php?rest_route=\/wp\/v2\/users\/1"}],"replies":[{"embeddable":true,"href":"https:\/\/noticiasveraces.com\/index.php?rest_route=%2Fwp%2Fv2%2Fcomments&post=7630"}],"version-history":[{"count":0,"href":"https:\/\/noticiasveraces.com\/index.php?rest_route=\/wp\/v2\/posts\/7630\/revisions"}],"wp:featuredmedia":[{"embeddable":true,"href":"https:\/\/noticiasveraces.com\/index.php?rest_route=\/wp\/v2\/media\/7632"}],"wp:attachment":[{"href":"https:\/\/noticiasveraces.com\/index.php?rest_route=%2Fwp%2Fv2%2Fmedia&parent=7630"}],"wp:term":[{"taxonomy":"category","embeddable":true,"href":"https:\/\/noticiasveraces.com\/index.php?rest_route=%2Fwp%2Fv2%2Fcategories&post=7630"},{"taxonomy":"post_tag","embeddable":true,"href":"https:\/\/noticiasveraces.com\/index.php?rest_route=%2Fwp%2Fv2%2Ftags&post=7630"}],"curies":[{"name":"wp","href":"https:\/\/api.w.org\/{rel}","templated":true}]}}