{"id":7625,"date":"2024-12-23T20:00:53","date_gmt":"2024-12-24T00:00:53","guid":{"rendered":"https:\/\/noticiasveraces.com\/?p=7625"},"modified":"2024-12-23T20:00:53","modified_gmt":"2024-12-24T00:00:53","slug":"iran-contrata-a-ninos-pequenos-para-atacar-objetivos-israelies","status":"publish","type":"post","link":"https:\/\/noticiasveraces.com\/?p=7625","title":{"rendered":"Ir\u00e1n contrata a ni\u00f1os peque\u00f1os para atacar objetivos israel\u00edes"},"content":{"rendered":"<p> \n<\/p>\n<div>\n<p class=\"speakable\">Ir\u00e1n ha reclutado a ni\u00f1os peque\u00f1os para cometer ataques contra objetivos israel\u00edes y jud\u00edos en toda Europa, una nueva tendencia en medio de varios golpes a los representantes iran\u00edes en los \u00faltimos meses y una influencia cada vez menor en el Medio Oriente.<\/p>\n<p class=\"speakable\">El patr\u00f3n preocupante incluye incidentes en Suecia, B\u00e9lgica y Noruega a medida que Teher\u00e1n ha expandido su guerra por poderes contra Israel a Europa.<\/p>\n<p>En Estocolmo, un chico de 15 a\u00f1os con un arma cargada tom\u00f3 un taxi en mayo y pidi\u00f3 que lo llevaran a la embajada de Israel. Sin embargo, tuvo que llamar a un asociado para pedirle indicaciones cuando no pudo localizar el edificio. La polic\u00eda sueca detuvo el taxi antes de que llegara a su destino. <\/p>\n<p><strong>IR\u00c1N OCULTA PROGRAMAS DE MISILES Y DRONES BAJO EL PREVISTO DE FRENTE COMERCIAL PARA EVAVAR LAS SANCIONES<\/strong><\/p>\n<div class=\"image-ct inline\">\n<div class=\"m\"><picture><source media=\"(max-width: 767px)\" srcset=\"https:\/\/a57.foxnews.com\/static.foxnews.com\/foxnews.com\/content\/uploads\/2024\/12\/343\/192\/israelembassy.jpg?ve=1&amp;tl=1, https:\/\/a57.foxnews.com\/static.foxnews.com\/foxnews.com\/content\/uploads\/2024\/12\/686\/384\/israelembassy.jpg?ve=1&amp;tl=1 2x\" height=\"192\" width=\"343\"><source media=\"(min-width: 768px) and (max-width: 1023px)\" srcset=\"https:\/\/a57.foxnews.com\/static.foxnews.com\/foxnews.com\/content\/uploads\/2024\/12\/672\/378\/israelembassy.jpg?ve=1&amp;tl=1, https:\/\/a57.foxnews.com\/static.foxnews.com\/foxnews.com\/content\/uploads\/2024\/12\/1344\/756\/israelembassy.jpg?ve=1&amp;tl=1 2x\" height=\"378\" width=\"672\"><source media=\"(min-width: 1024px) and (max-width: 1279px)\" srcset=\"https:\/\/a57.foxnews.com\/static.foxnews.com\/foxnews.com\/content\/uploads\/2024\/12\/931\/523\/israelembassy.jpg?ve=1&amp;tl=1, https:\/\/a57.foxnews.com\/static.foxnews.com\/foxnews.com\/content\/uploads\/2024\/12\/1862\/1046\/israelembassy.jpg?ve=1&amp;tl=1 2x\" height=\"523\" width=\"931\"><source media=\"(min-width: 1280px)\" srcset=\"https:\/\/a57.foxnews.com\/static.foxnews.com\/foxnews.com\/content\/uploads\/2024\/12\/720\/405\/israelembassy.jpg?ve=1&amp;tl=1, https:\/\/a57.foxnews.com\/static.foxnews.com\/foxnews.com\/content\/uploads\/2024\/12\/1440\/810\/israelembassy.jpg?ve=1&amp;tl=1 2x\" height=\"405\" width=\"720\"><img loading=\"lazy\" decoding=\"async\" src=\"https:\/\/a57.foxnews.com\/static.foxnews.com\/foxnews.com\/content\/uploads\/2024\/12\/1200\/675\/israelembassy.jpg?ve=1&amp;tl=1\" alt=\"  Embajada de Israel en Estocolmo\" width=\"1200\" height=\"675\"\/><\/source><\/source><\/source><\/source><\/picture><\/div>\n<div class=\"info\">\n<div class=\"caption\">\n<p><span>Se ve a agentes de polic\u00eda afuera de la embajada de Israel en Estocolmo el 31 de enero de 2024, despu\u00e9s de que se encontrara una granada de mano cerca.<\/span> <span>(Im\u00e1genes falsas)<\/span><\/p>\n<\/div>\n<\/div>\n<\/div>\n<p>Las autoridades lo hab\u00edan estado monitoreando durante varios meses. <\/p>\n<p>Un ni\u00f1o de 13 a\u00f1os en Gotemburgo fue sorprendido disparando contra la empresa de defensa israel\u00ed Elbit Systems. En la misma instalaci\u00f3n, un joven de 16 a\u00f1os ayud\u00f3 a colocar explosivos caseros afuera de la entrada principal, inform\u00f3 Bloomberg.<\/p>\n<p>En Bruselas, los servicios de seguridad encontraron a ni\u00f1os de tan solo 14 a\u00f1os orquestando un ataque a la embajada de Israel. <\/p>\n<p>Fox News Digital se comunic\u00f3 con la Misi\u00f3n iran\u00ed en Estados Unidos para solicitar comentarios. <\/p>\n<p>Los reclutadores que act\u00faan en nombre del r\u00e9gimen iran\u00ed han contactado a menores en plataformas como Telegram, TikTok o WhatsApp, seg\u00fan Peter Nesser, investigador de terrorismo en un instituto de investigaci\u00f3n de defensa noruego. <\/p>\n<p>La nueva t\u00e1ctica surge cuando la influencia de Ir\u00e1n se ha debilitado gravemente en Medio Oriente en medio de la respuesta mortal de Israel a los devastadores ataques de Ham\u00e1s y Hezbol\u00e1, ambos representantes iran\u00edes.<\/p>\n<p><strong>ISRAEL OBSERVA LOS SITIOS NUQUES DE IR\u00c1N EN MEDIO DE INFORMES TRUMP CONSIDERA MEDIDAS PARA BLOQUEAR EL PROGRAMA AT\u00d3MICO DE TEHER\u00c1N<\/strong><\/p>\n<div class=\"image-ct inline\">\n<div class=\"m\"><picture><source media=\"(max-width: 767px)\" srcset=\"https:\/\/a57.foxnews.com\/static.foxnews.com\/foxnews.com\/content\/uploads\/2024\/12\/343\/192\/sweden-minister-of-justice-gunnar-strommer.jpg?ve=1&amp;tl=1, https:\/\/a57.foxnews.com\/static.foxnews.com\/foxnews.com\/content\/uploads\/2024\/12\/686\/384\/sweden-minister-of-justice-gunnar-strommer.jpg?ve=1&amp;tl=1 2x\" height=\"192\" width=\"343\"><source media=\"(min-width: 768px) and (max-width: 1023px)\" srcset=\"https:\/\/a57.foxnews.com\/static.foxnews.com\/foxnews.com\/content\/uploads\/2024\/12\/672\/378\/sweden-minister-of-justice-gunnar-strommer.jpg?ve=1&amp;tl=1, https:\/\/a57.foxnews.com\/static.foxnews.com\/foxnews.com\/content\/uploads\/2024\/12\/1344\/756\/sweden-minister-of-justice-gunnar-strommer.jpg?ve=1&amp;tl=1 2x\" height=\"378\" width=\"672\"><source media=\"(min-width: 1024px) and (max-width: 1279px)\" srcset=\"https:\/\/a57.foxnews.com\/static.foxnews.com\/foxnews.com\/content\/uploads\/2024\/12\/931\/523\/sweden-minister-of-justice-gunnar-strommer.jpg?ve=1&amp;tl=1, https:\/\/a57.foxnews.com\/static.foxnews.com\/foxnews.com\/content\/uploads\/2024\/12\/1862\/1046\/sweden-minister-of-justice-gunnar-strommer.jpg?ve=1&amp;tl=1 2x\" height=\"523\" width=\"931\"><source media=\"(min-width: 1280px)\" srcset=\"https:\/\/a57.foxnews.com\/static.foxnews.com\/foxnews.com\/content\/uploads\/2024\/12\/720\/405\/sweden-minister-of-justice-gunnar-strommer.jpg?ve=1&amp;tl=1, https:\/\/a57.foxnews.com\/static.foxnews.com\/foxnews.com\/content\/uploads\/2024\/12\/1440\/810\/sweden-minister-of-justice-gunnar-strommer.jpg?ve=1&amp;tl=1 2x\" height=\"405\" width=\"720\"><img loading=\"lazy\" decoding=\"async\" src=\"https:\/\/a57.foxnews.com\/static.foxnews.com\/foxnews.com\/content\/uploads\/2024\/12\/1200\/675\/sweden-minister-of-justice-gunnar-strommer.jpg?ve=1&amp;tl=1\" alt=\"El Ministro de Justicia de Suecia, Gunnar Strommer.\" width=\"1200\" height=\"675\"\/><\/source><\/source><\/source><\/source><\/picture><\/div>\n<div class=\"info\">\n<div class=\"caption\">\n<p><span>El Ministro de Justicia sueco, Gunnar Strommer, segundo a la izquierda, habla durante una declaraci\u00f3n conjunta con la Ministra de Justicia de Noruega, Emilie Enger Mehl, a la izquierda, el Ministro de Justicia de Dinamarca, Peter Hummelgaard, segundo a la derecha, y el Ministro de Justicia de las Islas Feroe, Bjarni Karason Petersen, sobre el reclutamiento de ni\u00f1os. y j\u00f3venes a trav\u00e9s de las redes sociales para el crimen organizado.<\/span> <span>(Im\u00e1genes falsas)<\/span><\/p>\n<\/div>\n<\/div>\n<\/div>\n<p>Adem\u00e1s, el reciente derrocamiento del presidente sirio Bashar al-Assad ha agravado los problemas de Ir\u00e1n en la regi\u00f3n. <\/p>\n<p>Si bien algunos j\u00f3venes reclutados por Ir\u00e1n act\u00faan por frustraci\u00f3n por la guerra de Israel contra Ham\u00e1s en Gaza, otros est\u00e1n motivados por el dinero. En Suecia y Noruega, no pueden ser procesados \u200b\u200bsi son menores de 15 a\u00f1os, seg\u00fan el informe. <\/p>\n<p>\u00abHay casos en los que los representantes no son conscientes o no se dan cuenta de que est\u00e1n actuando en nombre de una potencia extranjera\u00bb, dijo el Servicio de Seguridad Sueco en un comunicado este a\u00f1o.<\/p>\n<p>El joven de 16 a\u00f1os que atac\u00f3 a Elbit Systems utiliz\u00f3 dos termos llenos de explosivos en un ataque a la empresa de defensa israel\u00ed y fue acusado junto con un c\u00f3mplice de 23 a\u00f1os, seg\u00fan Bloomberg. <\/p>\n<div class=\"image-ct inline\">\n<div class=\"m\"><picture><source media=\"(max-width: 767px)\" srcset=\"https:\/\/a57.foxnews.com\/static.foxnews.com\/foxnews.com\/content\/uploads\/2024\/12\/343\/192\/israeliembassy.jpg?ve=1&amp;tl=1, https:\/\/a57.foxnews.com\/static.foxnews.com\/foxnews.com\/content\/uploads\/2024\/12\/686\/384\/israeliembassy.jpg?ve=1&amp;tl=1 2x\" height=\"192\" width=\"343\"><source media=\"(min-width: 768px) and (max-width: 1023px)\" srcset=\"https:\/\/a57.foxnews.com\/static.foxnews.com\/foxnews.com\/content\/uploads\/2024\/12\/672\/378\/israeliembassy.jpg?ve=1&amp;tl=1, https:\/\/a57.foxnews.com\/static.foxnews.com\/foxnews.com\/content\/uploads\/2024\/12\/1344\/756\/israeliembassy.jpg?ve=1&amp;tl=1 2x\" height=\"378\" width=\"672\"><source media=\"(min-width: 1024px) and (max-width: 1279px)\" srcset=\"https:\/\/a57.foxnews.com\/static.foxnews.com\/foxnews.com\/content\/uploads\/2024\/12\/931\/523\/israeliembassy.jpg?ve=1&amp;tl=1, https:\/\/a57.foxnews.com\/static.foxnews.com\/foxnews.com\/content\/uploads\/2024\/12\/1862\/1046\/israeliembassy.jpg?ve=1&amp;tl=1 2x\" height=\"523\" width=\"931\"><source media=\"(min-width: 1280px)\" srcset=\"https:\/\/a57.foxnews.com\/static.foxnews.com\/foxnews.com\/content\/uploads\/2024\/12\/720\/405\/israeliembassy.jpg?ve=1&amp;tl=1, https:\/\/a57.foxnews.com\/static.foxnews.com\/foxnews.com\/content\/uploads\/2024\/12\/1440\/810\/israeliembassy.jpg?ve=1&amp;tl=1 2x\" height=\"405\" width=\"720\"><img loading=\"lazy\" decoding=\"async\" src=\"https:\/\/a57.foxnews.com\/static.foxnews.com\/foxnews.com\/content\/uploads\/2024\/12\/1200\/675\/israeliembassy.jpg?ve=1&amp;tl=1\" alt=\"Embajada de Israel en Estocolmo tras un presunto tiroteo\" width=\"1200\" height=\"675\"\/><\/source><\/source><\/source><\/source><\/picture><\/div>\n<div class=\"info\">\n<div class=\"caption\">\n<p><span>La polic\u00eda asegura el \u00e1rea cerca de la embajada de Israel en Estocolmo despu\u00e9s de un aparente tiroteo el 1 de octubre de 2024.<\/span> <span>(Im\u00e1genes falsas)<\/span><\/p>\n<\/div>\n<\/div>\n<\/div>\n<p><strong>HAGA CLIC AQU\u00cd PARA OBTENER LA APLICACI\u00d3N FOX NEWS<\/strong><\/p>\n<p>Suecia ha visto una presencia cada vez mayor de bandas criminales organizadas que reclutan a menores de comunidades de inmigrantes. <\/p>\n<p>M\u00e1s de 1,5 millones de personas se han mudado al pa\u00eds desde 1980 y ahora alrededor del 20% de la poblaci\u00f3n ha nacido fuera del pa\u00eds, pero muchos luchan por asimilarse, seg\u00fan el informe.<\/p>\n<p> <!----> <\/div>\n\n","protected":false},"excerpt":{"rendered":"<p>Ir\u00e1n ha reclutado a ni\u00f1os peque\u00f1os para cometer ataques contra objetivos israel\u00edes y jud\u00edos en toda Europa, una nueva tendencia en medio de varios golpes a los representantes iran\u00edes en los \u00faltimos meses y una influencia cada vez menor en el Medio Oriente. El patr\u00f3n preocupante incluye incidentes en Suecia, B\u00e9lgica y Noruega a medida &hellip;<\/p>\n","protected":false},"author":1,"featured_media":7627,"comment_status":"open","ping_status":"open","sticky":false,"template":"","format":"standard","meta":{"fifu_image_url":"https:\/\/static.foxnews.com\/foxnews.com\/content\/uploads\/2024\/12\/israeliembassy.jpg","fifu_image_alt":"","footnotes":""},"categories":[13],"tags":[],"class_list":["post-7625","post","type-post","status-publish","format-standard","has-post-thumbnail","","category-mundo"],"_links":{"self":[{"href":"https:\/\/noticiasveraces.com\/index.php?rest_route=\/wp\/v2\/posts\/7625","targetHints":{"allow":["GET"]}}],"collection":[{"href":"https:\/\/noticiasveraces.com\/index.php?rest_route=\/wp\/v2\/posts"}],"about":[{"href":"https:\/\/noticiasveraces.com\/index.php?rest_route=\/wp\/v2\/types\/post"}],"author":[{"embeddable":true,"href":"https:\/\/noticiasveraces.com\/index.php?rest_route=\/wp\/v2\/users\/1"}],"replies":[{"embeddable":true,"href":"https:\/\/noticiasveraces.com\/index.php?rest_route=%2Fwp%2Fv2%2Fcomments&post=7625"}],"version-history":[{"count":0,"href":"https:\/\/noticiasveraces.com\/index.php?rest_route=\/wp\/v2\/posts\/7625\/revisions"}],"wp:featuredmedia":[{"embeddable":true,"href":"https:\/\/noticiasveraces.com\/index.php?rest_route=\/wp\/v2\/media\/7627"}],"wp:attachment":[{"href":"https:\/\/noticiasveraces.com\/index.php?rest_route=%2Fwp%2Fv2%2Fmedia&parent=7625"}],"wp:term":[{"taxonomy":"category","embeddable":true,"href":"https:\/\/noticiasveraces.com\/index.php?rest_route=%2Fwp%2Fv2%2Fcategories&post=7625"},{"taxonomy":"post_tag","embeddable":true,"href":"https:\/\/noticiasveraces.com\/index.php?rest_route=%2Fwp%2Fv2%2Ftags&post=7625"}],"curies":[{"name":"wp","href":"https:\/\/api.w.org\/{rel}","templated":true}]}}