{"id":7612,"date":"2024-12-23T16:55:25","date_gmt":"2024-12-23T20:55:25","guid":{"rendered":"https:\/\/noticiasveraces.com\/?p=7612"},"modified":"2024-12-23T16:55:25","modified_gmt":"2024-12-23T20:55:25","slug":"trump-podria-enfrentar-una-renovada-amenaza-de-isis-en-siria-ya-que-estados-unidos-advierte-que-el-grupo-ama-las-aspiradoras","status":"publish","type":"post","link":"https:\/\/noticiasveraces.com\/?p=7612","title":{"rendered":"Trump podr\u00eda enfrentar una renovada amenaza de ISIS en Siria, ya que Estados Unidos advierte que el grupo \u00abama las aspiradoras\u00bb"},"content":{"rendered":"<p> \n<\/p>\n<div>\n<p class=\"speakable\">Las preocupaciones sobre un resurgimiento del Estado Isl\u00e1mico en Siria siguen aumentando tras la ca\u00edda del r\u00e9gimen de Bashar al-Assad y un aumento de los ataques contra las Fuerzas Democr\u00e1ticas Sirias (FDS) alineadas con Estados Unidos.<\/p>\n<p class=\"speakable\">El presidente electo Donald Trump bien podr\u00eda enfrentar otra ronda contra el grupo extremista mientras las SDF enfrentan una realidad en la que tal vez tengan que dividir su enfoque entre ISIS y las amenazas de Turqu\u00eda.<\/p>\n<p>Las SDF dijeron que cinco de sus soldados murieron el s\u00e1bado en ataques de fuerzas respaldadas por Turqu\u00eda en el norte de Siria, inform\u00f3 Reuters. <\/p>\n<div class=\"image-ct inline\">\n<div class=\"m\"><picture><source media=\"(max-width: 767px)\" srcset=\"https:\/\/a57.foxnews.com\/static.foxnews.com\/foxnews.com\/content\/uploads\/2024\/12\/343\/192\/syria-2.jpg?ve=1&amp;tl=1, https:\/\/a57.foxnews.com\/static.foxnews.com\/foxnews.com\/content\/uploads\/2024\/12\/686\/384\/syria-2.jpg?ve=1&amp;tl=1 2x\" height=\"192\" width=\"343\"><source media=\"(min-width: 768px) and (max-width: 1023px)\" srcset=\"https:\/\/a57.foxnews.com\/static.foxnews.com\/foxnews.com\/content\/uploads\/2024\/12\/672\/378\/syria-2.jpg?ve=1&amp;tl=1, https:\/\/a57.foxnews.com\/static.foxnews.com\/foxnews.com\/content\/uploads\/2024\/12\/1344\/756\/syria-2.jpg?ve=1&amp;tl=1 2x\" height=\"378\" width=\"672\"><source media=\"(min-width: 1024px) and (max-width: 1279px)\" srcset=\"https:\/\/a57.foxnews.com\/static.foxnews.com\/foxnews.com\/content\/uploads\/2024\/12\/931\/523\/syria-2.jpg?ve=1&amp;tl=1, https:\/\/a57.foxnews.com\/static.foxnews.com\/foxnews.com\/content\/uploads\/2024\/12\/1862\/1046\/syria-2.jpg?ve=1&amp;tl=1 2x\" height=\"523\" width=\"931\"><source media=\"(min-width: 1280px)\" srcset=\"https:\/\/a57.foxnews.com\/static.foxnews.com\/foxnews.com\/content\/uploads\/2024\/12\/720\/405\/syria-2.jpg?ve=1&amp;tl=1, https:\/\/a57.foxnews.com\/static.foxnews.com\/foxnews.com\/content\/uploads\/2024\/12\/1440\/810\/syria-2.jpg?ve=1&amp;tl=1 2x\" height=\"405\" width=\"720\"><img loading=\"lazy\" decoding=\"async\" src=\"https:\/\/a57.foxnews.com\/static.foxnews.com\/foxnews.com\/content\/uploads\/2024\/12\/1200\/675\/syria-2.jpg?ve=1&amp;tl=1\" alt=\"Siria\" width=\"1200\" height=\"675\"\/><\/source><\/source><\/source><\/source><\/picture><\/div>\n<div class=\"info\">\n<div class=\"caption\">\n<p><span>Los combatientes contra el r\u00e9gimen se encuentran al borde de la carretera mientras los kurdos sirios desplazados conducen veh\u00edculos cargados con pertenencias en la carretera Alepo-Raqqa para huir de las zonas en las afueras de la ciudad norte\u00f1a de Alepo que anteriormente estaban controladas por las Fuerzas Democr\u00e1ticas Sirias (SDF) lideradas por los kurdos. , despu\u00e9s de que fueran capturados por rebeldes liderados por islamistas el 2 de diciembre de 2024.<\/span> <span>(RAMI AL SAYED\/AFP v\u00eda Getty Images)<\/span><\/p>\n<\/div>\n<\/div>\n<\/div>\n<p><strong>TRUMP DICE QUE TURQU\u00cdA &#8216;Hizo UNA TOMA DE PODER NO AMIGABLE&#8217; EN SIRIA MIENTRAS EL ALTO EL FUEGO MEDIADO POR ESTADOS UNIDOS PARECE FALLAR<\/strong><\/p>\n<p>Los ataques se produjeron tras un aparente colapso de un acuerdo de alto el fuego negociado por la administraci\u00f3n Biden mientras Estados Unidos y las SDF intensificaban sus esfuerzos para contrarrestar a ISIS. <\/p>\n<p>El asesor de seguridad nacional, Jake Sullivan, dijo el domingo a CNN que su \u00abmayor preocupaci\u00f3n\u00bb es el regreso de ISIS, que fue considerado \u00abderrotado\u00bb en 2019. <\/p>\n<p>\u00abA ISIS le encantan los vac\u00edos\u00bb, dijo en referencia al uso que hace el grupo extremista de las luchas de poder en lugares como el norte de \u00c1frica para ganar terreno. \u00abLo que vemos en Siria ahora mismo son \u00e1reas que est\u00e1n b\u00e1sicamente desgobernadas debido a la ca\u00edda del r\u00e9gimen de Assad. <\/p>\n<p>\u00abNuestro objetivo es garantizar que apoyamos a las SDF (los kurdos) y que mantenemos a ISIS bajo control\u00bb, a\u00f1adi\u00f3.<\/p>\n<div class=\"image-ct inline\">\n<div class=\"m\"><picture><source media=\"(max-width: 767px)\" srcset=\"https:\/\/a57.foxnews.com\/static.foxnews.com\/foxnews.com\/content\/uploads\/2024\/12\/343\/192\/syria-3.jpg?ve=1&amp;tl=1, https:\/\/a57.foxnews.com\/static.foxnews.com\/foxnews.com\/content\/uploads\/2024\/12\/686\/384\/syria-3.jpg?ve=1&amp;tl=1 2x\" height=\"192\" width=\"343\"><source media=\"(min-width: 768px) and (max-width: 1023px)\" srcset=\"https:\/\/a57.foxnews.com\/static.foxnews.com\/foxnews.com\/content\/uploads\/2024\/12\/672\/378\/syria-3.jpg?ve=1&amp;tl=1, https:\/\/a57.foxnews.com\/static.foxnews.com\/foxnews.com\/content\/uploads\/2024\/12\/1344\/756\/syria-3.jpg?ve=1&amp;tl=1 2x\" height=\"378\" width=\"672\"><source media=\"(min-width: 1024px) and (max-width: 1279px)\" srcset=\"https:\/\/a57.foxnews.com\/static.foxnews.com\/foxnews.com\/content\/uploads\/2024\/12\/931\/523\/syria-3.jpg?ve=1&amp;tl=1, https:\/\/a57.foxnews.com\/static.foxnews.com\/foxnews.com\/content\/uploads\/2024\/12\/1862\/1046\/syria-3.jpg?ve=1&amp;tl=1 2x\" height=\"523\" width=\"931\"><source media=\"(min-width: 1280px)\" srcset=\"https:\/\/a57.foxnews.com\/static.foxnews.com\/foxnews.com\/content\/uploads\/2024\/12\/720\/405\/syria-3.jpg?ve=1&amp;tl=1, https:\/\/a57.foxnews.com\/static.foxnews.com\/foxnews.com\/content\/uploads\/2024\/12\/1440\/810\/syria-3.jpg?ve=1&amp;tl=1 2x\" height=\"405\" width=\"720\"><img loading=\"lazy\" decoding=\"async\" src=\"https:\/\/a57.foxnews.com\/static.foxnews.com\/foxnews.com\/content\/uploads\/2024\/12\/1200\/675\/syria-3.jpg?ve=1&amp;tl=1\" alt=\"Fuerzas Democr\u00e1ticas Sirias\" width=\"1200\" height=\"675\"\/><\/source><\/source><\/source><\/source><\/picture><\/div>\n<div class=\"info\">\n<div class=\"caption\">\n<p><span>Camaradas asisten al funeral de cinco combatientes de las Fuerzas Democr\u00e1ticas Sirias (SDF) lideradas por los kurdos que murieron en Manbij durante enfrentamientos con facciones de oposici\u00f3n respaldadas por Turqu\u00eda a principios de esta semana, en Qamishli, en el noreste de Siria, el 14 de diciembre de 2024.<\/span> <span>(DELIL SOULEIMAN\/AFP v\u00eda Getty Images)<\/span><\/p>\n<\/div>\n<\/div>\n<\/div>\n<p>Estados Unidos ha tenido que equilibrar durante mucho tiempo su campa\u00f1a contra ISIS en Siria (contra la cual est\u00e1 combatiendo con la ayuda de las fuerzas de la coalici\u00f3n kurda, a pesar de que Turqu\u00eda considera a las SDF como afines a la red terrorista del Partido de los Trabajadores del Kurdist\u00e1n (PKK)) con la asociaci\u00f3n de Washington junto con Ankara como aliado de la OTAN. <\/p>\n<p>\u00abLas SDF y el r\u00e9gimen de Assad fueron los principales oponentes de ISIS\u00bb, dijo a Fox News Digital Bill Roggio, miembro principal de la Fundaci\u00f3n para la Defensa de las Democracias y editor fundador de \u00abThe Long War Journal\u00bb. \u00abCon el primero desaparecido y el segundo bajo la presi\u00f3n de representantes turcos, las preocupaciones sobre la expansi\u00f3n de ISIS est\u00e1n justificadas\u00bb.<\/p>\n<p>\u00abTurqu\u00eda quiere destruir las SDF\u00bb, confirm\u00f3 Roggio. \u00abTurqu\u00eda tiene la oportunidad ideal de destruir las SDF y aprovechar\u00e1 esta situaci\u00f3n \u00fanica. Espero un ataque\u00bb.[s] contra las SDF aumenten\u00bb.<\/p>\n<p><strong>EL DILEMA DEL PRESIDENTE ELECTO TRUMP EN SIRIA: INTERVENIR O DEJAR QUE SE CONVIERTA EN UN ESTADO TERRORISTA<\/strong><\/p>\n<p>La administraci\u00f3n Biden ya ha tomado medidas para intensificar su campa\u00f1a contra ISIS, atacando m\u00e1s de 75 sitios en un importante ataque a principios de este mes contra conocidos \u00abl\u00edderes, operativos y campamentos de ISIS\u00bb, confirm\u00f3 el Comando Central de Estados Unidos (CENTCOM).<\/p>\n<div class=\"image-ct inline\">\n<div class=\"m\"><picture><source media=\"(max-width: 767px)\" srcset=\"https:\/\/a57.foxnews.com\/static.foxnews.com\/foxnews.com\/content\/uploads\/2024\/09\/343\/192\/2024-02-08T155931Z_235515934_RC29Y5AKD6C7_RTRMADP_3_SYRIA-SECURITY-KURDS-scaled.jpg?ve=1&amp;tl=1, https:\/\/a57.foxnews.com\/static.foxnews.com\/foxnews.com\/content\/uploads\/2024\/09\/686\/384\/2024-02-08T155931Z_235515934_RC29Y5AKD6C7_RTRMADP_3_SYRIA-SECURITY-KURDS-scaled.jpg?ve=1&amp;tl=1 2x\" height=\"192\" width=\"343\"><source media=\"(min-width: 768px) and (max-width: 1023px)\" srcset=\"https:\/\/a57.foxnews.com\/static.foxnews.com\/foxnews.com\/content\/uploads\/2024\/09\/672\/378\/2024-02-08T155931Z_235515934_RC29Y5AKD6C7_RTRMADP_3_SYRIA-SECURITY-KURDS-scaled.jpg?ve=1&amp;tl=1, https:\/\/a57.foxnews.com\/static.foxnews.com\/foxnews.com\/content\/uploads\/2024\/09\/1344\/756\/2024-02-08T155931Z_235515934_RC29Y5AKD6C7_RTRMADP_3_SYRIA-SECURITY-KURDS-scaled.jpg?ve=1&amp;tl=1 2x\" height=\"378\" width=\"672\"><source media=\"(min-width: 1024px) and (max-width: 1279px)\" srcset=\"https:\/\/a57.foxnews.com\/static.foxnews.com\/foxnews.com\/content\/uploads\/2024\/09\/931\/523\/2024-02-08T155931Z_235515934_RC29Y5AKD6C7_RTRMADP_3_SYRIA-SECURITY-KURDS-scaled.jpg?ve=1&amp;tl=1, https:\/\/a57.foxnews.com\/static.foxnews.com\/foxnews.com\/content\/uploads\/2024\/09\/1862\/1046\/2024-02-08T155931Z_235515934_RC29Y5AKD6C7_RTRMADP_3_SYRIA-SECURITY-KURDS-scaled.jpg?ve=1&amp;tl=1 2x\" height=\"523\" width=\"931\"><source media=\"(min-width: 1280px)\" srcset=\"https:\/\/a57.foxnews.com\/static.foxnews.com\/foxnews.com\/content\/uploads\/2024\/09\/720\/405\/2024-02-08T155931Z_235515934_RC29Y5AKD6C7_RTRMADP_3_SYRIA-SECURITY-KURDS-scaled.jpg?ve=1&amp;tl=1, https:\/\/a57.foxnews.com\/static.foxnews.com\/foxnews.com\/content\/uploads\/2024\/09\/1440\/810\/2024-02-08T155931Z_235515934_RC29Y5AKD6C7_RTRMADP_3_SYRIA-SECURITY-KURDS-scaled.jpg?ve=1&amp;tl=1 2x\" height=\"405\" width=\"720\"><img loading=\"lazy\" decoding=\"async\" src=\"https:\/\/a57.foxnews.com\/static.foxnews.com\/foxnews.com\/content\/uploads\/2024\/09\/1200\/675\/2024-02-08T155931Z_235515934_RC29Y5AKD6C7_RTRMADP_3_SYRIA-SECURITY-KURDS-scaled.jpg?ve=1&amp;tl=1\" alt=\"Un soldado de la coalici\u00f3n liderada por Estados Unidos hace gestos hacia los escolares durante una patrulla conjunta de las Fuerzas Democr\u00e1ticas Sirias (SDF) liderada por Estados Unidos y los kurdos en el campo de Qamishli, en el noreste de Siria, el 8 de febrero de 2024.\" width=\"1200\" height=\"675\"\/><\/source><\/source><\/source><\/source><\/picture><\/div>\n<div class=\"info\">\n<div class=\"caption\">\n<p><span>Un soldado de la coalici\u00f3n liderada por Estados Unidos hace gestos hacia los escolares durante una patrulla conjunta de las Fuerzas Democr\u00e1ticas Sirias (SDF) liderada por Estados Unidos y los kurdos en el campo de Qamishli, en el noreste de Siria, el 8 de febrero de 2024.<\/span> <span>(Reuters\/Orhan Qereman)<\/span><\/p>\n<\/div>\n<\/div>\n<\/div>\n<p>La operaci\u00f3n coincidi\u00f3 con la ca\u00edda de Damasco el 8 de diciembre tras una toma radical de Alepo, Hama y Homs por parte de Hay&#8217;at Tahrir al-Sham (HTS), que cont\u00f3 con la ayuda del Ej\u00e9rcito Nacional Sirio (SNA), respaldado por Turqu\u00eda.<\/p>\n<p>Adem\u00e1s, el CENTCOM mat\u00f3 el jueves al l\u00edder de ISIS, Abu Yusif, tambi\u00e9n conocido como Mahmud, mediante un ataque a\u00e9reo de precisi\u00f3n en el este de Siria, un \u00e1rea donde, seg\u00fan los medios de comunicaci\u00f3n sirios, ISIS ha podido apoderarse de dep\u00f3sitos de armas pertenecientes al ex ej\u00e9rcito sirio bajo el r\u00e9gimen de Assad en medio de el \u00abcaos\u00bb.<\/p>\n<p>Las fuerzas de las SDF, en un intento por reprimir los levantamientos de ISIS, capturaron a 18 terroristas de ISIS y presuntos colaboradores el domingo cerca de la ciudad de Raqqa, que alguna vez fue un basti\u00f3n de ISIS, seg\u00fan ANF News.<\/p>\n<p>Seg\u00fan se informa, la campa\u00f1a se realiz\u00f3 \u00aben cooperaci\u00f3n con las fuerzas de la coalici\u00f3n internacional\u00bb, pero CENTCOM a\u00fan no ha confirmado si Estados Unidos estuvo involucrado. <\/p>\n<div class=\"image-ct inline\">\n<div class=\"m\"><picture><source media=\"(max-width: 767px)\" srcset=\"https:\/\/a57.foxnews.com\/static.foxnews.com\/foxnews.com\/content\/uploads\/2024\/01\/343\/192\/us-troops-syria.jpg?ve=1&amp;tl=1, https:\/\/a57.foxnews.com\/static.foxnews.com\/foxnews.com\/content\/uploads\/2024\/01\/686\/384\/us-troops-syria.jpg?ve=1&amp;tl=1 2x\" height=\"192\" width=\"343\"><source media=\"(min-width: 768px) and (max-width: 1023px)\" srcset=\"https:\/\/a57.foxnews.com\/static.foxnews.com\/foxnews.com\/content\/uploads\/2024\/01\/672\/378\/us-troops-syria.jpg?ve=1&amp;tl=1, https:\/\/a57.foxnews.com\/static.foxnews.com\/foxnews.com\/content\/uploads\/2024\/01\/1344\/756\/us-troops-syria.jpg?ve=1&amp;tl=1 2x\" height=\"378\" width=\"672\"><source media=\"(min-width: 1024px) and (max-width: 1279px)\" srcset=\"https:\/\/a57.foxnews.com\/static.foxnews.com\/foxnews.com\/content\/uploads\/2024\/01\/931\/523\/us-troops-syria.jpg?ve=1&amp;tl=1, https:\/\/a57.foxnews.com\/static.foxnews.com\/foxnews.com\/content\/uploads\/2024\/01\/1862\/1046\/us-troops-syria.jpg?ve=1&amp;tl=1 2x\" height=\"523\" width=\"931\"><source media=\"(min-width: 1280px)\" srcset=\"https:\/\/a57.foxnews.com\/static.foxnews.com\/foxnews.com\/content\/uploads\/2024\/01\/720\/405\/us-troops-syria.jpg?ve=1&amp;tl=1, https:\/\/a57.foxnews.com\/static.foxnews.com\/foxnews.com\/content\/uploads\/2024\/01\/1440\/810\/us-troops-syria.jpg?ve=1&amp;tl=1 2x\" height=\"405\" width=\"720\"><img loading=\"lazy\" decoding=\"async\" src=\"https:\/\/a57.foxnews.com\/static.foxnews.com\/foxnews.com\/content\/uploads\/2024\/01\/1200\/675\/us-troops-syria.jpg?ve=1&amp;tl=1\" alt=\"Foto de tropas estadounidenses en Siria entrenando a las YPG\/SDF.\" width=\"1200\" height=\"675\"\/><\/source><\/source><\/source><\/source><\/picture><\/div>\n<div class=\"info\">\n<div class=\"caption\">\n<p><span>Las fuerzas estadounidenses brindan entrenamiento militar a miembros de las YPG\/SDF, que Turqu\u00eda considera una extensi\u00f3n del PKK en Siria, en el distrito de Qamisli en la provincia de Al-Hasakah, Siria, el 18 de agosto de 2023. El PKK est\u00e1 designado como terrorista organizaci\u00f3n formada por Estados Unidos, Turkiye y la Uni\u00f3n Europea.<\/span> <span>(Hedil Amir\/Agencia Anadolu v\u00eda Getty Images)<\/span><\/p>\n<\/div>\n<\/div>\n<\/div>\n<p><strong>HAGA CLIC AQU\u00cd PARA OBTENER LA APLICACI\u00d3N FOX NEWS<\/strong><\/p>\n<p>Pero sigue habiendo gran preocupaci\u00f3n de que las SDF puedan ver sus capacidades operativas divididas a medida que aumentan los ataques de las fuerzas de la coalici\u00f3n SNA respaldadas por Turqu\u00eda, lo que podr\u00eda significar problemas para la pr\u00f3xima administraci\u00f3n Trump mientras busca evitar otro resurgimiento de ISIS, al tiempo que equilibra las relaciones de Estados Unidos con Turqu\u00eda. , que adem\u00e1s se espera que ejerza una enorme influencia sobre el nuevo gobierno sirio.<\/p>\n<p>\u00abContinuamos monitoreando la situaci\u00f3n en Siria\u00bb, dijo Brian Hughes, portavoz de transici\u00f3n Trump-Vance, en respuesta a preguntas de Fox News Digital. \u00abEl presidente Trump est\u00e1 comprometido a disminuir las amenazas a la paz y la estabilidad en Medio Oriente y a proteger a los estadounidenses aqu\u00ed en casa\u00bb.<\/p>\n<p> <!----> <\/p>\n<div class=\"article-meta\">\n<div class=\"author-bio\">\n<p>Caitlin McFall es reportera de Fox News Digital y cubre noticias de pol\u00edtica, Estados Unidos y el mundo.<\/p>\n<\/div>\n<\/div>\n<\/div>\n\n","protected":false},"excerpt":{"rendered":"<p>Las preocupaciones sobre un resurgimiento del Estado Isl\u00e1mico en Siria siguen aumentando tras la ca\u00edda del r\u00e9gimen de Bashar al-Assad y un aumento de los ataques contra las Fuerzas Democr\u00e1ticas Sirias (FDS) alineadas con Estados Unidos. El presidente electo Donald Trump bien podr\u00eda enfrentar otra ronda contra el grupo extremista mientras las SDF enfrentan una &hellip;<\/p>\n","protected":false},"author":1,"featured_media":7614,"comment_status":"open","ping_status":"open","sticky":false,"template":"","format":"standard","meta":{"fifu_image_url":"https:\/\/static.foxnews.com\/foxnews.com\/content\/uploads\/2024\/12\/isis-trump-split-photo-2.jpg","fifu_image_alt":"","footnotes":""},"categories":[13],"tags":[],"class_list":["post-7612","post","type-post","status-publish","format-standard","has-post-thumbnail","","category-mundo"],"_links":{"self":[{"href":"https:\/\/noticiasveraces.com\/index.php?rest_route=\/wp\/v2\/posts\/7612","targetHints":{"allow":["GET"]}}],"collection":[{"href":"https:\/\/noticiasveraces.com\/index.php?rest_route=\/wp\/v2\/posts"}],"about":[{"href":"https:\/\/noticiasveraces.com\/index.php?rest_route=\/wp\/v2\/types\/post"}],"author":[{"embeddable":true,"href":"https:\/\/noticiasveraces.com\/index.php?rest_route=\/wp\/v2\/users\/1"}],"replies":[{"embeddable":true,"href":"https:\/\/noticiasveraces.com\/index.php?rest_route=%2Fwp%2Fv2%2Fcomments&post=7612"}],"version-history":[{"count":0,"href":"https:\/\/noticiasveraces.com\/index.php?rest_route=\/wp\/v2\/posts\/7612\/revisions"}],"wp:featuredmedia":[{"embeddable":true,"href":"https:\/\/noticiasveraces.com\/index.php?rest_route=\/wp\/v2\/media\/7614"}],"wp:attachment":[{"href":"https:\/\/noticiasveraces.com\/index.php?rest_route=%2Fwp%2Fv2%2Fmedia&parent=7612"}],"wp:term":[{"taxonomy":"category","embeddable":true,"href":"https:\/\/noticiasveraces.com\/index.php?rest_route=%2Fwp%2Fv2%2Fcategories&post=7612"},{"taxonomy":"post_tag","embeddable":true,"href":"https:\/\/noticiasveraces.com\/index.php?rest_route=%2Fwp%2Fv2%2Ftags&post=7612"}],"curies":[{"name":"wp","href":"https:\/\/api.w.org\/{rel}","templated":true}]}}