{"id":7605,"date":"2024-12-23T15:50:20","date_gmt":"2024-12-23T19:50:20","guid":{"rendered":"https:\/\/noticiasveraces.com\/?p=7605"},"modified":"2024-12-23T15:50:20","modified_gmt":"2024-12-23T19:50:20","slug":"la-seguridad-en-la-mira-tras-el-ataque-en-magdeburgo-dw-23-12-2024","status":"publish","type":"post","link":"https:\/\/noticiasveraces.com\/?p=7605","title":{"rendered":"La seguridad en la mira tras el ataque en Magdeburgo \u2013 DW \u2013 23\/12\/2024"},"content":{"rendered":"<p> \n<\/p>\n<div>\n<p>Varios d\u00edas despu\u00e9s del atentado en el mercadillo de Navidad de Magdeburgo, hay muchas preguntas sin aclarar. \u00bfC\u00f3mo es posible que la Polic\u00eda no proteja el mercado navide\u00f1o? \u00bfPor qu\u00e9 no se atendieron las advertencias de las autoridades saud\u00edes? \u00bfC\u00f3mo es posible que las inquietantes publicaciones en las redes sociales del presunto autor del atentado no hicieran saltar las alarmas? Mientras, se ha reforzado la presencia policial y se ha emprendido una reevaluaci\u00f3n de las medidas de seguridad en los cientos de mercados navide\u00f1os de todo el pa\u00eds.<\/p>\n<h2>Seguridad en los mercados navide\u00f1os<\/h2>\n<p>Tras el atentado en el mercado navide\u00f1o de Berl\u00edn de diciembre de 2016, en el que murieron 13 personas a manos de un solicitante de asilo tunecino que arroll\u00f3 a una multitud con un cami\u00f3n, se emprendieron medidas como la introducci\u00f3n de pesados \u200b\u200bbloques de hormig\u00f3n, bloqueos. de calles y una mayor presencia policial en los mercadillos de toda Alemania y Austria.<\/p>\n<p>Pero no es tan sencillo proteger los puestos tradicionales, que atraen a miles de personas en las cinco o seis semanas previas a la Navidad. Los veh\u00edculos de emergencia tambi\u00e9n tienen que poder acceder al mercadillo y adem\u00e1s es necesario que existan m\u00faltiples salidas de emergencia para que la gente pueda escapar en caso necesario. \u00abEl autor del atentado utiliz\u00f3 las v\u00edas de acceso y las salidas de emergencia\u00bb, declar\u00f3 a la prensa Ronni Krug, funcionario municipal de Magdeburgo.<\/p>\n<p>Hans-Jakob Schindler, del Counter Extremism Project (CEP), una organizaci\u00f3n internacional de asesoramiento pol\u00edtico sin \u00e1nimo de lucro, no est\u00e1 del todo satisfecho con esta explicaci\u00f3n. \u00abLo m\u00e1s obvio son las barreras f\u00edsicas en los mercados navide\u00f1os: no tendr\u00eda que haber ning\u00fan hueco en esas barreras f\u00edsicas por el que entren autos que se supone que no deben entrar\u00bb, explica a DW. \u00abAunque s\u00f3lo se dejaran abierto temporalmente, el autor del atentado al parecer lo sab\u00eda, porque alquil\u00f3 un auto y condujo hasta el mercado navide\u00f1o, as\u00ed que era consciente de que podr\u00eda entrar en el mercado con un coche\u00bb.<\/p>\n<p><span data-slot-id=\"Article_InContent-1\" class=\"rich-text-ad\"\/><\/p>\n<h2>Avisos y fallos de inteligencia<\/h2>\n<p>Pero est\u00e1 claro que ese no fue el \u00fanico error, hubo una serie de fallos que propiciaron el ataque, aunque llevar\u00e1 muchos meses, si no a\u00f1os, desentra\u00f1arlos.<\/p>\n<p>En declaraciones a la cadena p\u00fablica ZDF, Holger M\u00fcnch, jefe de la Polic\u00eda federal alemana (BKA), describi\u00f3 el perfil del presunto autor del atentado como \u00abat\u00edpico\u00bb. Las publicaciones de Taleb A. en las redes sociales sugieren que era un opositor al r\u00e9gimen saud\u00ed y que pensaba que los disidentes saud\u00edes eran perseguidos por las autoridades alemanas, aunque tambi\u00e9n estaba descontento con la pol\u00edtica liberal de Alemania hacia los refugiados y apoyaba al partido ultraderechista. Alternativa para Alemania (AfD).<\/p>\n<p>Citando fuentes de seguridad an\u00f3nimas, la agencia de prensa alemana DPA inform\u00f3 que las autoridades saud\u00edes advirtieron a sus hom\u00f3logas alemanas el a\u00f1o pasado sobre Taleb A., solicitando su extradici\u00f3n. \u00bfSolicit\u00f3 al Gobierno saud\u00ed su extradici\u00f3n porque era un cr\u00edtico del r\u00e9gimen o porque lo consideraba un peligro para la seguridad p\u00fablica? Seg\u00fan Schindler, sin conocer las respuestas a estas preguntas, es dif\u00edcil repartir culpas.<\/p>\n<p>No obstante, est\u00e1 claro que hab\u00eda preocupaci\u00f3n por el comportamiento err\u00e1tico de Talib A. En Berl\u00edn, el presunto autor, de 50 a\u00f1os, estaba acusado de haber utilizado indebidamente un n\u00famero de tel\u00e9fono de emergencia tras un altercado con agentes de polic\u00eda en una comisar\u00eda en febrero de 2024. El d\u00eda anterior al ataque de Magdeburgo, podr\u00eda haber comparado en una vista judicial, pero no se present\u00f3 ante el tribunal.<\/p>\n<p>El a\u00f1o pasado, un particular envi\u00f3 una advertencia sobre Taleb A. a la Oficina Federal de Migraci\u00f3n de Alemania (BAMF). Seg\u00fan este organismo, la advertencia se tom\u00f3 en serio y se transmiti\u00f3 a las autoridades competentes.<\/p>\n<h2>Falta de moderaci\u00f3n en las redes sociales<\/h2>\n<p>El hecho de que Taleb A. fuera aparentemente muy activo en las redes sociales en los \u00faltimos a\u00f1os ha suscitado preguntas sobre el papel de plataformas como X y Facebook en el seguimiento e impulso de la radicalizaci\u00f3n. Varios medios de comunicaci\u00f3n alemanes informaron que los mensajes de Taleb A. en X, ahora eliminados, inclu\u00edan afirmaciones de que esperaba morir en 2024, que amenazaba con matar a 20 alemanes y que pensaba que el Gobierno alem\u00e1n estaba intentando hacer que Europa fuera m\u00e1s isl\u00e1mica. .<\/p>\n<p>\u00abEste es un muy buen caso para demostrar que, a las clasificaciones cl\u00e1sicas de islamista, extremista de derecha y extremista de izquierda, puede agregarse otra categor\u00eda de individuos que construyen sus propias narrativas ideol\u00f3gicas personalizadas\u00bb, explica Schindler. \u00abEsta ha sido una tendencia creciente desde la pandemia, y las empresas de medios sociales est\u00e1n haciendo al respecto menos que antes. No hace falta ser un partidario ac\u00e9rrimo del Estado Isl\u00e1mico. En este entorno conspirativo, cualquier narrativa extremista, cuando se lleva hasta sus \u00faltimas consecuencias, conducir\u00e1 inevitablemente a la violencia\u00bb, subraya el experto.<\/p>\n<p>Seg\u00fan Schindler, la decisi\u00f3n de Elon Musk de despedir a varios miles de moderadores de contenidos tras hacerse cargo de X, el antiguo Twitter, ha llevado a una situaci\u00f3n en la que la sociedad espera mayor vigilancia policial en los espacios. <em>desconectado<\/em> mientras permite una temeraria falta de moderaci\u00f3n en las plataformas <em>en l\u00ednea<\/em>. \u00abTenemos que dejar de aceptar que esta industria, una de las m\u00e1s rentables de la historia de la humanidad, tenga cero responsabilidad legal por el contenido de sus plataformas y cero responsabilidad legal para trabajar proactivamente con las fuerzas de seguridad\u00bb, concluye Schindler.<\/p>\n<p>(sra\/s) <\/p>\n<\/p>\n<\/div>\n\n","protected":false},"excerpt":{"rendered":"<p>Varios d\u00edas despu\u00e9s del atentado en el mercadillo de Navidad de Magdeburgo, hay muchas preguntas sin aclarar. \u00bfC\u00f3mo es posible que la Polic\u00eda no proteja el mercado navide\u00f1o? \u00bfPor qu\u00e9 no se atendieron las advertencias de las autoridades saud\u00edes? \u00bfC\u00f3mo es posible que las inquietantes publicaciones en las redes sociales del presunto autor del atentado &hellip;<\/p>\n","protected":false},"author":1,"featured_media":7606,"comment_status":"open","ping_status":"open","sticky":false,"template":"","format":"standard","meta":{"fifu_image_url":"https:\/\/static.dw.com\/image\/71136680_6.jpg","fifu_image_alt":"","footnotes":""},"categories":[13],"tags":[],"class_list":["post-7605","post","type-post","status-publish","format-standard","has-post-thumbnail","","category-mundo"],"_links":{"self":[{"href":"https:\/\/noticiasveraces.com\/index.php?rest_route=\/wp\/v2\/posts\/7605","targetHints":{"allow":["GET"]}}],"collection":[{"href":"https:\/\/noticiasveraces.com\/index.php?rest_route=\/wp\/v2\/posts"}],"about":[{"href":"https:\/\/noticiasveraces.com\/index.php?rest_route=\/wp\/v2\/types\/post"}],"author":[{"embeddable":true,"href":"https:\/\/noticiasveraces.com\/index.php?rest_route=\/wp\/v2\/users\/1"}],"replies":[{"embeddable":true,"href":"https:\/\/noticiasveraces.com\/index.php?rest_route=%2Fwp%2Fv2%2Fcomments&post=7605"}],"version-history":[{"count":0,"href":"https:\/\/noticiasveraces.com\/index.php?rest_route=\/wp\/v2\/posts\/7605\/revisions"}],"wp:featuredmedia":[{"embeddable":true,"href":"https:\/\/noticiasveraces.com\/index.php?rest_route=\/wp\/v2\/media\/7606"}],"wp:attachment":[{"href":"https:\/\/noticiasveraces.com\/index.php?rest_route=%2Fwp%2Fv2%2Fmedia&parent=7605"}],"wp:term":[{"taxonomy":"category","embeddable":true,"href":"https:\/\/noticiasveraces.com\/index.php?rest_route=%2Fwp%2Fv2%2Fcategories&post=7605"},{"taxonomy":"post_tag","embeddable":true,"href":"https:\/\/noticiasveraces.com\/index.php?rest_route=%2Fwp%2Fv2%2Ftags&post=7605"}],"curies":[{"name":"wp","href":"https:\/\/api.w.org\/{rel}","templated":true}]}}