{"id":7592,"date":"2024-12-23T13:48:13","date_gmt":"2024-12-23T17:48:13","guid":{"rendered":"https:\/\/noticiasveraces.com\/?p=7592"},"modified":"2024-12-23T13:48:13","modified_gmt":"2024-12-23T17:48:13","slug":"nayanesh-ayman-el-primer-campeon-espanol-del-mundo-de-muay-thai-hay-que-tener-suenos","status":"publish","type":"post","link":"https:\/\/noticiasveraces.com\/?p=7592","title":{"rendered":"Nayanesh Ayman, el primer campe\u00f3n espa\u00f1ol del mundo de Muay Thai: \u00abHay que tener sue\u00f1os\u00bb"},"content":{"rendered":"<p> \n<\/p>\n<div id=\"intext\">\n<p><b>  Nayanesh Ayman <\/b>viene de superar una <b>lesi\u00f3n<\/b> Delaware <b>rodilla<\/b> que le ha tenido dos a\u00f1os alejado de la <b>competici\u00f3n<\/b>. Lleg\u00f3 a pensar incluso que no volver\u00eda a subirse a un <b>anillo de lucha<\/b>. En 2023 fue operado y su recuperaci\u00f3n no ha sido f\u00e1cil, pero sus ganas de sobreponerse y de seguir en el <b>combatir<\/b> le han llevado a ser campe\u00f3n del mundo y campe\u00f3n intercontinental de <b>Muay tailand\u00e9s <\/b>es<b> italia<\/b>. Tras su victoria, \u00e9l mismo dice que est\u00e1 en su mejor momento y que los malos tiempos ya han pasado. Han sido horas de entrenamiento las que ha vivido con su entrenador y su equipo en el gimnasio de<b> Pozuelo de Alarc\u00f3n<\/b>es <b>Madrid, <\/b>en el que entrena. Un equipo que le ha ayudado a no rendirse ya trabajar con \u00e9l para convertirse en <b>campe\u00f3n del mundo<\/b>.<\/p>\n<p>\u00abAhora estoy mejor que nunca\u00bb, explica <b>Nayanesh Ayman <\/b>en Antena 3 Deportes.<\/p>\n<p>Su rival en el \u00faltimo combate ha sido un consagrado luchador tailand\u00e9s, <b>Sudsakorn Sor Klinmee,<\/b> que primero fue su \u00eddolo y ahora su oponente al que adem\u00e1s ha ganado por KO en el cuarto asalto.<\/p>\n<p>\u00abGan\u00e9 los tres primeros asaltos y gan\u00e9 por KO el cuarto\u00bb, cuenta Nayanesh Ayman a Antena 3 Deportes desde Italia horas despu\u00e9s de proclamarse campe\u00f3n. El luchador nacido en la Rep\u00fablica Democr\u00e1tica del Congo, nos muestra muy orgullosos los <b>cinturones <\/b>que acreditan su t\u00edtulo y que guarda con la ilusi\u00f3n de poder mostrarlos alg\u00fan d\u00eda en una exposici\u00f3n que le reconozca todos sus m\u00e9ritos.<\/p>\n<p>Su afici\u00f3n por la<b> lucha<\/b> y por el <b>Muay tailand\u00e9s <\/b> le viene desde peque\u00f1o, siempre quiso ser fuerte como <b>Muhammad Ali<\/b> para proteger a su madre, una <b>mujer<\/b><b>maltratado<\/b> por su pareja, junto a la que tuvo que vivir episodios violentos ya la que siempre quiso defender y proteger. \u00abNo quer\u00eda que nadie le pusiera la mano encima a mi madre y quise ser fuerte por eso\u00bb, era el deseo de Nayanesh cuando desde peque\u00f1o vio como su madre tuvo que enfrentarse a los malos tratos.<\/p>\n<p>Ahora, Nayanesh quiere disfrutar de esto.<b> navidad <\/b>en familia, celebra con su madre, sus hermanos y sus amigos estas fiestas y disfrutar de sus recientes t\u00edtulos que son para \u00e9l sus <b>regalos <\/b>adelantados de <b>Reyes. <\/b>Antes de que termine el a\u00f1o tiene previsto viajar a<b> Tailandia<\/b> donde tiene varios combates cerrados y nos anuncia sorpresas y triunfos para los pr\u00f3ximos meses.<\/p>\n<p><i>S\u00edguenos en nuestro canal de WhatsApp y no te pierdas la \u00faltima hora y toda la actualidad de antena3noticias.com<\/i><\/p>\n<div class=\"recirculation-video\" data-mod=\"a3mod_recirculation_video\">\n<div class=\"recirculation-video-wrapper\">\n<div>\n<div class=\"video-wrapper\">\n  <picture class=\"video-main-picture\"><source media=\"(min-width: 481px)\" srcset=\"https:\/\/fotografias.antena3.com\/clipping\/cmsimages01\/2024\/12\/23\/AB45AAA2-570A-4C7B-AFD6-F2566E44A3B5\/comandante-carton-emotivo-video-navidad-atletico-madrid_94.jpg?crop=1421,799,x0,y86&amp;width=800&amp;height=450&amp;optimize=medium&amp;format=webply\" width=\"800\" height=\"450\"><source media=\"(min-width: 391px) and (max-width: 480px)\" srcset=\"https:\/\/fotografias.antena3.com\/clipping\/cmsimages01\/2024\/12\/23\/AB45AAA2-570A-4C7B-AFD6-F2566E44A3B5\/comandante-carton-emotivo-video-navidad-atletico-madrid_70.jpg?crop=1421,799,x0,y86&amp;width=480&amp;height=270&amp;optimize=high&amp;format=webply\" width=\"480\" height=\"270\"><source media=\"(min-width: 321px) and (max-width: 390px)\" srcset=\"https:\/\/fotografias.antena3.com\/clipping\/cmsimages01\/2024\/12\/23\/AB45AAA2-570A-4C7B-AFD6-F2566E44A3B5\/comandante-carton-emotivo-video-navidad-atletico-madrid_92.jpg?crop=1421,798,x0,y87&amp;width=390&amp;height=219&amp;optimize=high&amp;format=webply\" width=\"390\" height=\"219\"><source media=\"(max-width: 320px)\" srcset=\"https:\/\/fotografias.antena3.com\/clipping\/cmsimages01\/2024\/12\/23\/AB45AAA2-570A-4C7B-AFD6-F2566E44A3B5\/comandante-carton-emotivo-video-navidad-atletico-madrid_52.jpg?crop=1421,799,x0,y86&amp;width=320&amp;height=180&amp;optimize=high&amp;format=webply\" width=\"320\" height=\"180\"><img decoding=\"async\" title=\"'Comandante y Cart\u00f3n': el emotivo v\u00eddeo de Navidad del Atl\u00e9tico de Madrid\" alt=\"'Comandante y Cart\u00f3n': el emotivo v\u00eddeo de Navidad del Atl\u00e9tico de Madrid\" width=\"480\" height=\"270\" src=\"https:\/\/fotografias.antena3.com\/clipping\/cmsimages01\/2024\/12\/23\/AB45AAA2-570A-4C7B-AFD6-F2566E44A3B5\/comandante-carton-emotivo-video-navidad-atletico-madrid_70.jpg?crop=1421,799,x0,y86&amp;width=480&amp;height=270&amp;optimize=high&amp;format=webply\" loading=\"lazy\" class=\"lazy\"\/><br \/>\n  <\/source><\/source><\/source><\/source><\/picture>\n <\/div>\n<\/div><\/div>\n<\/p><\/div>\n<\/div>\n\n","protected":false},"excerpt":{"rendered":"<p>Nayanesh Ayman viene de superar una lesi\u00f3n Delaware rodilla que le ha tenido dos a\u00f1os alejado de la competici\u00f3n. Lleg\u00f3 a pensar incluso que no volver\u00eda a subirse a un anillo de lucha. En 2023 fue operado y su recuperaci\u00f3n no ha sido f\u00e1cil, pero sus ganas de sobreponerse y de seguir en el combatir &hellip;<\/p>\n","protected":false},"author":1,"featured_media":7594,"comment_status":"open","ping_status":"open","sticky":false,"template":"","format":"standard","meta":{"fifu_image_url":"https:\/\/fotografias.antena3.com\/clipping\/cmsimages01\/2024\/12\/23\/45E4A9E3-FCB4-4BE2-A54E-4B6EACDF7C9E\/nayanesh-ayman-campeon-mundo-muay-thai_69.jpg?crop=1920,1080,x0,y0&width=1280&height=720&optimize=low&format=jpg","fifu_image_alt":"","footnotes":""},"categories":[6],"tags":[],"class_list":["post-7592","post","type-post","status-publish","format-standard","has-post-thumbnail","","category-deportes"],"_links":{"self":[{"href":"https:\/\/noticiasveraces.com\/index.php?rest_route=\/wp\/v2\/posts\/7592","targetHints":{"allow":["GET"]}}],"collection":[{"href":"https:\/\/noticiasveraces.com\/index.php?rest_route=\/wp\/v2\/posts"}],"about":[{"href":"https:\/\/noticiasveraces.com\/index.php?rest_route=\/wp\/v2\/types\/post"}],"author":[{"embeddable":true,"href":"https:\/\/noticiasveraces.com\/index.php?rest_route=\/wp\/v2\/users\/1"}],"replies":[{"embeddable":true,"href":"https:\/\/noticiasveraces.com\/index.php?rest_route=%2Fwp%2Fv2%2Fcomments&post=7592"}],"version-history":[{"count":0,"href":"https:\/\/noticiasveraces.com\/index.php?rest_route=\/wp\/v2\/posts\/7592\/revisions"}],"wp:featuredmedia":[{"embeddable":true,"href":"https:\/\/noticiasveraces.com\/index.php?rest_route=\/wp\/v2\/media\/7594"}],"wp:attachment":[{"href":"https:\/\/noticiasveraces.com\/index.php?rest_route=%2Fwp%2Fv2%2Fmedia&parent=7592"}],"wp:term":[{"taxonomy":"category","embeddable":true,"href":"https:\/\/noticiasveraces.com\/index.php?rest_route=%2Fwp%2Fv2%2Fcategories&post=7592"},{"taxonomy":"post_tag","embeddable":true,"href":"https:\/\/noticiasveraces.com\/index.php?rest_route=%2Fwp%2Fv2%2Ftags&post=7592"}],"curies":[{"name":"wp","href":"https:\/\/api.w.org\/{rel}","templated":true}]}}