{"id":7577,"date":"2024-12-23T11:29:51","date_gmt":"2024-12-23T15:29:51","guid":{"rendered":"https:\/\/noticiasveraces.com\/?p=7577"},"modified":"2024-12-23T11:29:51","modified_gmt":"2024-12-23T15:29:51","slug":"lideres-latinoamericanos-reaccionan-a-declaraciones-de-trump","status":"publish","type":"post","link":"https:\/\/noticiasveraces.com\/?p=7577","title":{"rendered":"l\u00edderes latinoamericanos reaccionan a declaraciones de Trump"},"content":{"rendered":"<p> \n<br \/><img decoding=\"async\" src=\"https:\/\/gdb.voanews.com\/51c5b6e7-9a84-43e5-844f-7b429596d90a_w800_h450.jpg\" \/><\/p>\n<div>\n<p>L\u00edderes latinoamericanos apoyaron a Panam\u00e1 e insistieron el lunes en la soberan\u00eda de la naci\u00f3n centroamericana sobre el canal que conecta a los oc\u00e9anos Atl\u00e1ntico y Pac\u00edfico tras declaraciones del presidente electo de Estados Unidos, Donald Trump, que <em><strong>podr\u00eda intentar recuperar el control de la v\u00eda construida en el istmo paname\u00f1o<\/strong><\/em>.<\/p>\n<p>\u00abEl canal de Panam\u00e1 es de los paname\u00f1os. Ah\u00ed s\u00ed nuestra solidaridad, nuestro apoyo, al presidente de Panam\u00e1, al pueblo de Panam\u00e1\u00bb, dijo la presidenta de M\u00e9xico, Claudia Sheinbaum, en su habitual rueda de prensa matutina.<\/p>\n<p>El mandatario colombiano Gustavo Petro tambi\u00e9n se pronunci\u00f3 sobre la pol\u00e9mica. \u00abHasta las \u00faltimas consecuencias estar\u00e1n al lado de Panam\u00e1 y la defensa de su soberan\u00eda\u00bb, escribi\u00f3 en la red social X.<\/p>\n<p>Sheinbaum y Petro reafirmaron su apoyo a su hom\u00f3logo paname\u00f1o, Jos\u00e9 Ra\u00fal Mulino, que rechaz\u00f3 categ\u00f3ricamente las amenazas de Trump. El presidente electo -que tomar\u00e1 posesi\u00f3n de la Casa Blanca el 20 de enero-, afirm\u00f3 en una mitin que EEUU cedi\u00f3 \u00abtontamente\u00bb el Canal de Panam\u00e1 a su aliado centroamericano.<\/p>\n<h3 class=\"wsw__h3\">Controversia sobre un antiguo proyecto com\u00fan<\/h3>\n<p>EEUU construy\u00f3 gran parte del canal de Panam\u00e1 a inicios del siglo XX en un intento por facilitar el tr\u00e1nsito de buques comerciales y militares por una v\u00eda transoce\u00e1nica, la cual luego administr\u00f3 durante casi cien a\u00f1os. En 1977, ambos pa\u00edses firmaron los tratados Torrijos-Carter que allanaron el camino para que el canal volviera a estar bajo control paname\u00f1o a partir del \u00faltimo d\u00eda de 1999.<\/p>\n<p>\u00abNos est\u00e1n estafando en el Canal de Panam\u00e1\u00bb, dijo el republicano en referencia a las tarifas que los buques deben pagar por cruzar el paso. \u00absi no se siguen los principios, tanto morales como jur\u00eddicos, de este gesto magn\u00e1nimo de dar, entonces exigiremos que el Canal de Panam\u00e1 sea devuelto a Estados Unidos de Am\u00e9rica, en su totalidad, r\u00e1pidamente y sin hacer preguntas\u00bb.<\/p>\n<p>Mulino public\u00f3 un video y una declaraci\u00f3n sobre el tema en su cuenta oficial en X, afirmando que \u201ccada metro cuadrado del Canal de Panam\u00e1 y su zona adyacente, es de Panam\u00e1 y lo seguir\u00e1 siendo\u201d. Sin mencionar a Trump, el presidente paname\u00f1o tambi\u00e9n abord\u00f3 el aumento de las tarifas, diciendo que las expertos que tomaron en cuenta los costos operativos, al igual que los factores de oferta y demanda.<\/p>\n<h3 class=\"wsw__h3\">Reacciones en la regi\u00f3n<\/h3>\n<p>\u00abSi le parece caro [a Trump] pagar por pasar el Canal de Panam\u00e1 en manos de los paname\u00f1os, mucho m\u00e1s costoso ser\u00e1 hundir a Panam\u00e1, Suram\u00e9rica, Centroam\u00e9rica o M\u00e9xico en la pobreza\u00bb, insisti\u00f3 Petro en su publicaci\u00f3n en redes sociales.<\/p>\n<p>El mandatario colombiano de izquierda, advirti\u00f3 que \u00absi el nuevo gobierno de EEUU quiere hablar de negocios, hablaremos de negocios, de t\u00fa a t\u00fa, y en beneficio de nuestros pueblos, pero jam\u00e1s, se negociar\u00e1 la dignidad\u00bb.<\/p>\n<p>\u00abLas declaraciones del presidente electo Trump sobre el Canal de Panam\u00e1 son desafortunadas\u00bb, precis\u00f3 Alberto Alem\u00e1n, administrador del Canal entre 1996 y 2012. \u00abLa transferencia del Canal a Panam\u00e1 fue un largo proceso de lucha, sacrificio, negociaciones complejas y esfuerzos hist\u00f3ricos de ambos pa\u00edses\u00bb.<\/p>\n<p>El secretario de la Organizaci\u00f3n de Estados Americanos (OEA), Luis Almagro, respondi\u00f3 al video de Mulino con una publicaci\u00f3n en X donde llam\u00f3 a respetar el acuerdo bilateral sobre el Canal. \u00abEsperamos el m\u00e1s pleno e irrestricto cumplimiento de los Acuerdos firmados, aprobados y en vigencia entre los dos pa\u00edses\u00bb, escribi\u00f3.<\/p>\n<p>La v\u00eda navegable, que permite el cruce de hasta 14.000 buques al a\u00f1o, representa el 2,5 % del comercio mar\u00edtimo mundial y es fundamental para las importaciones y exportaciones estadounidenses.<\/p>\n<p>No est\u00e1 claro c\u00f3mo Trump tratar\u00eda de recuperar el control sobre el canal de Panam\u00e1.<\/p>\n<p><em>[Con informaci\u00f3n de Reuters y The Associated Press]<\/em><\/p>\n<p><em><strong>\u00a1Con\u00e9ctate con la Voz de Am\u00e9rica! Suscr\u00edbete a nuestros canales de YouTube, WhatsApp y al newsletter. Activa las notificaciones y s\u00edguenos en Facebook, <a class=\"wsw__a\" href=\"https:\/\/nam10.safelinks.protection.outlook.com\/?url=https%3A%2F%2Ftwitter.com%2FVozdeAmerica&amp;data=05%7C02%7Cwserrano%40voanews.com%7C0b9cfda59f52447b0ed708dc07d64451%7Cba99e87c673541c2b1c1354eee3a8659%7C0%7C0%7C638393864063639904%7CUnknown%7CTWFpbGZsb3d8eyJWIjoiMC4wLjAwMDAiLCJQIjoiV2luMzIiLCJBTiI6Ik1haWwiLCJXVCI6Mn0%3D%7C3000%7C%7C%7C&amp;sdata=unLJDFixL8cjTiSip1dC8ViP8otjrQyzq1ziP2g1PMo%3D&amp;reserved=0\">inc\u00f3gnita<\/a> e Instagram.<\/strong><\/em><\/p>\n<\/div>\n<p><script async src=\"https:\/\/platform.twitter.com\/widgets.js\" charset=\"utf-8\"><\/script><script async src=\"\/\/www.instagram.com\/embed.js\"><\/script><br \/>\n<br \/>\n","protected":false},"excerpt":{"rendered":"<p>L\u00edderes latinoamericanos apoyaron a Panam\u00e1 e insistieron el lunes en la soberan\u00eda de la naci\u00f3n centroamericana sobre el canal que conecta a los oc\u00e9anos Atl\u00e1ntico y Pac\u00edfico tras declaraciones del presidente electo de Estados Unidos, Donald Trump, que podr\u00eda intentar recuperar el control de la v\u00eda construida en el istmo paname\u00f1o. \u00abEl canal de Panam\u00e1 &hellip;<\/p>\n","protected":false},"author":1,"featured_media":7578,"comment_status":"open","ping_status":"open","sticky":false,"template":"","format":"standard","meta":{"fifu_image_url":"https:\/\/gdb.voanews.com\/51c5b6e7-9a84-43e5-844f-7b429596d90a_w1200_r1.jpg","fifu_image_alt":"","footnotes":""},"categories":[13],"tags":[],"class_list":["post-7577","post","type-post","status-publish","format-standard","has-post-thumbnail","","category-mundo"],"_links":{"self":[{"href":"https:\/\/noticiasveraces.com\/index.php?rest_route=\/wp\/v2\/posts\/7577","targetHints":{"allow":["GET"]}}],"collection":[{"href":"https:\/\/noticiasveraces.com\/index.php?rest_route=\/wp\/v2\/posts"}],"about":[{"href":"https:\/\/noticiasveraces.com\/index.php?rest_route=\/wp\/v2\/types\/post"}],"author":[{"embeddable":true,"href":"https:\/\/noticiasveraces.com\/index.php?rest_route=\/wp\/v2\/users\/1"}],"replies":[{"embeddable":true,"href":"https:\/\/noticiasveraces.com\/index.php?rest_route=%2Fwp%2Fv2%2Fcomments&post=7577"}],"version-history":[{"count":0,"href":"https:\/\/noticiasveraces.com\/index.php?rest_route=\/wp\/v2\/posts\/7577\/revisions"}],"wp:featuredmedia":[{"embeddable":true,"href":"https:\/\/noticiasveraces.com\/index.php?rest_route=\/wp\/v2\/media\/7578"}],"wp:attachment":[{"href":"https:\/\/noticiasveraces.com\/index.php?rest_route=%2Fwp%2Fv2%2Fmedia&parent=7577"}],"wp:term":[{"taxonomy":"category","embeddable":true,"href":"https:\/\/noticiasveraces.com\/index.php?rest_route=%2Fwp%2Fv2%2Fcategories&post=7577"},{"taxonomy":"post_tag","embeddable":true,"href":"https:\/\/noticiasveraces.com\/index.php?rest_route=%2Fwp%2Fv2%2Ftags&post=7577"}],"curies":[{"name":"wp","href":"https:\/\/api.w.org\/{rel}","templated":true}]}}