{"id":7569,"date":"2024-12-23T07:17:11","date_gmt":"2024-12-23T11:17:11","guid":{"rendered":"https:\/\/noticiasveraces.com\/?p=7569"},"modified":"2024-12-23T07:17:11","modified_gmt":"2024-12-23T11:17:11","slug":"ciolacu-repetira-como-primer-ministro-de-rumania-dw-23-12-2024","status":"publish","type":"post","link":"https:\/\/noticiasveraces.com\/?p=7569","title":{"rendered":"Ciolacu repetir\u00e1 como primer ministro de Rumania \u2013 DW \u2013 23\/12\/2024"},"content":{"rendered":"<p> \n<\/p>\n<div>\n<p>El l\u00edder del Partido Social Dem\u00f3crata (SPD) y primer ministro en funciones de Rumania, Marcel Ciolacu, fue propuesto este lunes (23.12.2024) para repetir en un cargo que, si es refrendado por el Parlamento, ejercer\u00e1 al frente de una gran coalici\u00f3n. de partidos europe\u00edstas que, sumados, re\u00fanen el 54 por ciento de los asientos en el Parlamento del pa\u00eds.<\/p>\n<p>El jefe del Estado interino, Klaus Iohannis, ha propuesto a Ciolacu como jefe del Gobierno poco despu\u00e9s de que el propio l\u00edder socialdem\u00f3crata anunciara un acuerdo de coalici\u00f3n entre su partido, el liberal PNL y el de la minor\u00eda h\u00fangara que vive en Rumania, el UDMR. , que sumando sus esca\u00f1os le permitir\u00e1 tener una c\u00f3moda mayor\u00eda en la C\u00e1mara y en el Senado. Otros movimientos regionales tambi\u00e9n se sumaron al pacto.<\/p>\n<p>\u00abHoy, ya en el Parlamento, esta mayor\u00eda se ha verificado y es segura. La coalici\u00f3n proeuropea me propuso un candidato, que decidi\u00f3 aceptar. Deseo mucho \u00e9xito a la nueva coalici\u00f3n proeuropea y prorrumana, que tiene todas las posibilidades de continuar el muy buen rumbo de Rumania, despu\u00e9s de los \u00e9xitos econ\u00f3micos y la entrada en el espacio Schengen\u201d, declar\u00f3 Iohannis.<\/p>\n<h2>Duro trabajo por delante<\/h2>\n<p>Poco m\u00e1s temprano, Ciolacu hab\u00eda anunciado el acuerdo, que incluye la candidatura conjunta del liberal Crin Antonescu, exdiputado de 65 a\u00f1os, para las pr\u00f3ximas elecciones. De esta forma, esta coalici\u00f3n intentar\u00e1 dar una salida ordenada a la crisis pol\u00edtica que vive el pa\u00eds. Coilacu dijo que defender\u00e1n los valores democr\u00e1ticos as\u00ed como el lugar de Rumania en la Uni\u00f3n Europea y la OTAN.<\/p>\n<p>Ilie Bolojan, l\u00edder del PNL, con el que los socialistas formaron una gran coalici\u00f3n los \u00faltimos cuatro a\u00f1os, indic\u00f3 por su parte que su partido ha aceptado ese pacto porque el pa\u00eds necesita un gobierno estable en un per\u00edodo dif\u00edcil. Las primeras tareas del nuevo Gobierno ser\u00e1n aprobar el presupuesto de 2025 y organizar las elecciones presidenciales, posiblemente antes de la Semana Santa.<\/p>\n<p>Las votaciones anteriores fueron anuladas por el Tribunal Constitucional por sospechas de financiaci\u00f3n ilegal e injerencia rusa en la campa\u00f1a del ultranacionalista prorruso Calin Georgescu, que gan\u00f3 inesperadamente la primera vuelta el 24 de noviembre.<\/p>\n<p>DZC (EFE, Reuters)<\/p>\n<\/div>\n\n","protected":false},"excerpt":{"rendered":"<p>El l\u00edder del Partido Social Dem\u00f3crata (SPD) y primer ministro en funciones de Rumania, Marcel Ciolacu, fue propuesto este lunes (23.12.2024) para repetir en un cargo que, si es refrendado por el Parlamento, ejercer\u00e1 al frente de una gran coalici\u00f3n. de partidos europe\u00edstas que, sumados, re\u00fanen el 54 por ciento de los asientos en el &hellip;<\/p>\n","protected":false},"author":1,"featured_media":7570,"comment_status":"open","ping_status":"open","sticky":false,"template":"","format":"standard","meta":{"fifu_image_url":"https:\/\/static.dw.com\/image\/70930419_6.jpg","fifu_image_alt":"","footnotes":""},"categories":[13],"tags":[],"class_list":["post-7569","post","type-post","status-publish","format-standard","has-post-thumbnail","","category-mundo"],"_links":{"self":[{"href":"https:\/\/noticiasveraces.com\/index.php?rest_route=\/wp\/v2\/posts\/7569","targetHints":{"allow":["GET"]}}],"collection":[{"href":"https:\/\/noticiasveraces.com\/index.php?rest_route=\/wp\/v2\/posts"}],"about":[{"href":"https:\/\/noticiasveraces.com\/index.php?rest_route=\/wp\/v2\/types\/post"}],"author":[{"embeddable":true,"href":"https:\/\/noticiasveraces.com\/index.php?rest_route=\/wp\/v2\/users\/1"}],"replies":[{"embeddable":true,"href":"https:\/\/noticiasveraces.com\/index.php?rest_route=%2Fwp%2Fv2%2Fcomments&post=7569"}],"version-history":[{"count":0,"href":"https:\/\/noticiasveraces.com\/index.php?rest_route=\/wp\/v2\/posts\/7569\/revisions"}],"wp:featuredmedia":[{"embeddable":true,"href":"https:\/\/noticiasveraces.com\/index.php?rest_route=\/wp\/v2\/media\/7570"}],"wp:attachment":[{"href":"https:\/\/noticiasveraces.com\/index.php?rest_route=%2Fwp%2Fv2%2Fmedia&parent=7569"}],"wp:term":[{"taxonomy":"category","embeddable":true,"href":"https:\/\/noticiasveraces.com\/index.php?rest_route=%2Fwp%2Fv2%2Fcategories&post=7569"},{"taxonomy":"post_tag","embeddable":true,"href":"https:\/\/noticiasveraces.com\/index.php?rest_route=%2Fwp%2Fv2%2Ftags&post=7569"}],"curies":[{"name":"wp","href":"https:\/\/api.w.org\/{rel}","templated":true}]}}